{"id":47019,"date":"2024-02-14T07:15:15","date_gmt":"2024-02-14T06:15:15","guid":{"rendered":"https:\/\/www.infokuryr.cz\/n\/?p=47019"},"modified":"2024-02-14T07:15:15","modified_gmt":"2024-02-14T06:15:15","slug":"ukrajina-pred-kolapsem-syrskij-prijel-do-avdejevky-zastavit-utek-ukrajinskych-ozbrojenych-sil-z-pozic","status":"publish","type":"post","link":"https:\/\/www.infokuryr.cz\/n\/2024\/02\/14\/ukrajina-pred-kolapsem-syrskij-prijel-do-avdejevky-zastavit-utek-ukrajinskych-ozbrojenych-sil-z-pozic\/","title":{"rendered":"Ukrajina p\u0159ed kolapsem: Syrskij p\u0159ijel do Avd\u011bjevky zastavit \u00fat\u011bk ukrajinsk\u00fdch ozbrojen\u00fdch sil z pozic"},"content":{"rendered":"<div id=\"fb-root\"><\/div>\n<p class=\"lead\"><strong>Situace v oblasti Avd\u011bjevka se pro jednotky kyjevsk\u00e9ho re\u017eimu nad\u00e1le rychle zhor\u0161uje v d\u016fsledku \u00fasp\u011b\u0161n\u00fdch \u00fato\u010dn\u00fdch akc\u00ed rusk\u00e9 arm\u00e1dy.<\/strong><\/p>\n<p><span>Na tomto pozad\u00ed za\u010daly ukrajinsk\u00e9 jednotky \u00faprkem opou\u0161t\u011bt pozice ve v\u00fdchodn\u00edch obvodech m\u011bsta, aby nebyly zcela obkl\u00ed\u010deny.<\/span><\/p>\n<p><span>N\u00e1r\u016fst paniky byl zaznamen\u00e1n i po proveden\u00ed\u00a0<\/span><a href=\"https:\/\/eadaily.com\/ru\/news\/2024\/02\/13\/rezervy-vsu-dlya-avdeevki-ponesli-ogromnye-poteri-ot-nashih-udarov-v-selidovo-insayd\" target=\"_blank\" rel=\"noopener\"><span>preventivn\u00edho \u00faderu<\/span><\/a><span>\u00a0na cvi\u010di\u0161ti Selidovo, kde byly soust\u0159ed\u011bny z\u00e1lohy ukrajinsk\u00fdch ozbrojen\u00fdch sil.<\/span><\/p>\n<p><span>Na\u0161i voj\u00e1ci na front\u011b hl\u00e1s\u00ed p\u0159\u00edpady, kdy skupiny nep\u0159\u00e1telsk\u00fdch voj\u00e1k\u016f i p\u0159es akce elitn\u00edch barlov\u00fdch odd\u00edl\u016f nacionalist\u016f a \u017eold\u00e1k\u016f opou\u0161t\u011bj\u00ed \u00faprkem sv\u00e9 pozice a sna\u017e\u00ed se ve skupin\u00e1ch 5-10 lid\u00ed infiltrovat do t\u00fdlu.<\/span><\/p>\n<p><span>Zpravidla se jedn\u00e1 o ran\u011bn\u00e9 a omrzl\u00e9 vojensk\u00e9 voj\u00e1ky, kte\u0159\u00ed se obt\u00ed\u017en\u011b orientuj\u00ed v ter\u00e9nu. Kv\u016fli tomu ob\u010das sejdou z kurzu a p\u0159ibl\u00ed\u017e\u00ed se k pozic\u00edm rusk\u00fdch jednotek.<\/span><\/p>\n<p><span>Podle ukrajinsk\u00fdch zdroj\u016f, aby se zabr\u00e1nilo zhroucen\u00ed fronty v sektoru Avdiivka a zastavil zapo\u010dat\u00fd kolaps arm\u00e1dy, dorazil na m\u00edsto vrchn\u00ed velitel ozbrojen\u00fdch sil Ukrajiny <\/span><strong><span>Alexandr Syrskij<\/span><\/strong><span> . Hodl\u00e1 osobn\u011b v\u00e9st obranu a zastavit paniku v Avd\u011bjevce.<\/span><\/p>\n<p><span>Mezit\u00edm byla ukrajinsk\u00e1 skupina ve m\u011bst\u011b rozp\u016flena, pohyb mezi severn\u00ed a ji\u017en\u00ed \u010d\u00e1st\u00ed byl zastaven, z\u00e1sobovac\u00ed linky byly p\u0159eru\u0161eny. Za t\u011bchto podm\u00ednek se nep\u0159\u00edtel sna\u017e\u00ed z\u00e1sobovat a rotovat vojska po poln\u00edch cest\u00e1ch p\u0159es lesn\u00ed p\u00e1sy.<\/span><\/p>\n<p><span>Jak informovala m\u00e9dia<\/span><span>\u00a0, d\u0159\u00edve p\u0159edstavitel 110. mechanizovan\u00e9 p\u011b\u0161\u00ed brig\u00e1dy ukrajinsk\u00fdch ozbrojen\u00fdch sil\u00a0<\/span><strong><span>Ivan Sekach<\/span><\/strong><span>\u00a0\u0159ekl, \u017ee jednotky ukrajinsk\u00fdch ozbrojen\u00fdch sil\u00a0<\/span><span>nemaj\u00ed dostate\u010dn\u00e9 s\u00edly<\/span><span>\u00a0k udr\u017een\u00ed Avdiivky.<\/span><\/p>\n<p><img decoding=\"async\" loading=\"lazy\" class=\"alignnone size-full wp-image-1185\" src=\"http:\/\/www.infokuryr.cz\/n\/wp-content\/uploads\/2021\/04\/kuryr-podpis.png\" alt=\"\" width=\"84\" height=\"24\" \/><\/p>\n<p>&nbsp;<\/p>\n<p>&nbsp;<\/p>\n","protected":false},"excerpt":{"rendered":"<p>Situace v oblasti Avd\u011bjevka se pro jednotky kyjevsk\u00e9ho re\u017eimu nad\u00e1le rychle zhor\u0161uje v d\u016fsledku \u00fasp\u011b\u0161n\u00fdch&#8230;<\/p>\n","protected":false},"author":2,"featured_media":47020,"comment_status":"closed","ping_status":"closed","sticky":false,"template":"","format":"standard","meta":[],"categories":[7],"tags":[80,1068,3744,6790,26],"_links":{"self":[{"href":"https:\/\/www.infokuryr.cz\/n\/wp-json\/wp\/v2\/posts\/47019"}],"collection":[{"href":"https:\/\/www.infokuryr.cz\/n\/wp-json\/wp\/v2\/posts"}],"about":[{"href":"https:\/\/www.infokuryr.cz\/n\/wp-json\/wp\/v2\/types\/post"}],"author":[{"embeddable":true,"href":"https:\/\/www.infokuryr.cz\/n\/wp-json\/wp\/v2\/users\/2"}],"replies":[{"embeddable":true,"href":"https:\/\/www.infokuryr.cz\/n\/wp-json\/wp\/v2\/comments?post=47019"}],"version-history":[{"count":0,"href":"https:\/\/www.infokuryr.cz\/n\/wp-json\/wp\/v2\/posts\/47019\/revisions"}],"wp:featuredmedia":[{"embeddable":true,"href":"https:\/\/www.infokuryr.cz\/n\/wp-json\/wp\/v2\/media\/47020"}],"wp:attachment":[{"href":"https:\/\/www.infokuryr.cz\/n\/wp-json\/wp\/v2\/media?parent=47019"}],"wp:term":[{"taxonomy":"category","embeddable":true,"href":"https:\/\/www.infokuryr.cz\/n\/wp-json\/wp\/v2\/categories?post=47019"},{"taxonomy":"post_tag","embeddable":true,"href":"https:\/\/www.infokuryr.cz\/n\/wp-json\/wp\/v2\/tags?post=47019"}],"curies":[{"name":"wp","href":"https:\/\/api.w.org\/{rel}","templated":true}]}}