{"id":46981,"date":"2024-02-14T00:52:29","date_gmt":"2024-02-13T23:52:29","guid":{"rendered":"https:\/\/www.infokuryr.cz\/n\/?p=46981"},"modified":"2024-02-13T19:31:55","modified_gmt":"2024-02-13T18:31:55","slug":"nemci-jsou-ministerstvem-obrany-vyzyvani-aby-si-sami-budovali-protiletecke-kryty","status":"publish","type":"post","link":"https:\/\/www.infokuryr.cz\/n\/2024\/02\/14\/nemci-jsou-ministerstvem-obrany-vyzyvani-aby-si-sami-budovali-protiletecke-kryty\/","title":{"rendered":"N\u011bmci jsou ministerstvem obrany vyz\u00fdv\u00e1ni, aby si sami budovali protileteck\u00e9 kryty"},"content":{"rendered":"<div id=\"fb-root\"><\/div>\n<p><strong>M\u00edstn\u00ed bulv\u00e1rn\u00ed den\u00edk Bild s odvol\u00e1n\u00edm na n\u00e1vrh dokumentu n\u011bmeck\u00e9ho ministerstva obrany uvedl, \u017ee od N\u011bmc\u016f se o\u010dek\u00e1v\u00e1, \u017ee si postav\u00ed sv\u00e9 vlastn\u00ed protileteck\u00e9 kryty.<\/strong><\/p>\n<p><span>N\u00e1rodn\u00ed n\u00e1vrh nouzov\u00e9ho obrann\u00e9ho pl\u00e1nu zem\u011b t\u00edm v podstat\u011b p\u0159id\u011blil obrann\u00e9 a stavebn\u00ed \u00fakoly civilist\u016fm.<\/span><\/p>\n<p><span>S pouh\u00fdmi 579 funk\u010dn\u00edmi protileteck\u00fdmi kryty v N\u011bmecku vl\u00e1da po\u010d\u00edt\u00e1 s t\u00edm, \u017ee v p\u0159\u00edpad\u011b vypuknut\u00ed velk\u00e9 v\u00e1lky v Evrop\u011b obyvatel\u00e9 p\u0159em\u011bn\u00ed sv\u00e9 vlastn\u00ed domy na \u201eprotiatomov\u00e9\u201c kryty a z\u0159\u00edd\u00ed si vlastn\u00ed vyztu\u017een\u00e9 kryty na m\u00edstech, jako jsou sklepy, gar\u00e1\u017ee a podobn\u011b.<\/span><\/p>\n<p><span>Noviny Bild tak\u00e9 citovaly \u0161\u00e9fa\u00a0<\/span><em><span>Spolkov\u00e9ho \u00fa\u0159adu pro civiln\u00ed ochranu a pomoc p\u0159i katastrof\u00e1ch<\/span><\/em><span>\u00a0Ralpha Tieslera, kter\u00fd \u0159ekl, \u017ee v\u00fdstavba nov\u00fdch kryt\u016f vl\u00e1dou \u201eji\u017e nen\u00ed mo\u017en\u00e1\u201c z \u010dasov\u00fdch d\u016fvod\u016f.<\/span><\/p>\n<p><span>Do dubna 2024 m\u00e1 ministerstvo dokon\u010dit pr\u00e1ce na utajovan\u00e9m \u201eopera\u010dn\u00edm pl\u00e1nu\u201c, informoval den\u00edk Bild ve zpr\u00e1v\u011b.<\/span><\/p>\n<p><span>Podle n\u00e1vrhu dokumentu se N\u011bmecko pova\u017euje sp\u00ed\u0161e za \u201etranzitn\u00ed zemi\u201c, kter\u00e1 hraje kl\u00ed\u010dovou roli p\u0159i dod\u00e1vk\u00e1ch zbran\u00ed a vybaven\u00ed ne\u017e za st\u00e1t s aktivn\u00ed frontovou lini\u00ed.\u00a0Voj\u00e1ci by tedy m\u011bli za \u00fakol zajistit kl\u00ed\u010dov\u00e9 d\u00e1lnice, \u017eelezni\u010dn\u00ed stanice a p\u0159\u00edstavy.<\/span><\/p>\n<p><span>Vl\u00e1da tak\u00e9 spol\u00e9h\u00e1 na sv\u00e9 ob\u010dany, aby jednali a zajistili n\u011bkter\u00e9 povinnosti, kter\u00e9 jsou obvykle p\u0159id\u011bleny arm\u00e1d\u011b a policii, v\u010detn\u011b ochrany elektr\u00e1ren.<\/span><\/p>\n<p><span>P\u0159\u00edpravy p\u0159ich\u00e1zej\u00ed uprost\u0159ed hrozby vypl\u00fdvaj\u00edc\u00ed z rusko-ukrajinsk\u00e9ho konfliktu a n\u011bmeck\u00e9 veden\u00ed hled\u00e1 zp\u016fsoby, jak pos\u00edlit svou obranu a zv\u00fd\u0161it velikost Bundeswehru.\u00a0Tajn\u00fd dokument \u00fadajn\u011b nazna\u010duje, \u017ee n\u011bmeck\u00e9 ozbrojen\u00e9 s\u00edly se p\u0159ipravuj\u00ed na potenci\u00e1ln\u00ed hybridn\u00ed \u00fatok Ruska na v\u00fdchodn\u00ed k\u0159\u00eddlo NATO ji\u017e v \u00fanoru 2024.<\/span><\/p>\n<p><span>D\u016fv\u011brn\u00fd dokument m\u00e1 podrobn\u011b popisovat, jak m\u016f\u017ee vzniknout konflikt mezi ruskou arm\u00e1dou a\u00a0<\/span><a href=\"https:\/\/www.badatel.net\/putin-ukrajina-uz-viac-nebude-a-ani-priama-intervencia-nato-nezmeni-vysledok\/\"><span>NATO<\/span><\/a><span>\u00a0, p\u0159i\u010dem\u017e ud\u00e1losti se vyv\u00edjej\u00ed z m\u011bs\u00edce na m\u011bs\u00edc.\u00a0Vyvrcholen\u00edm m\u00e1 b\u00fdt nasazen\u00ed statis\u00edc\u016f voj\u00e1k\u016f NATO a za\u010d\u00e1tek v\u00e1lky v l\u00e9t\u011b 2025.<\/span><\/p>\n<p><span>Ministr obrany Boris Pistorius, odkdy se stal p\u0159ed rokem ministrem obrany, \u010dasto vyz\u00fdv\u00e1 N\u011bmecko, aby bylo \u201ep\u0159ipraveno na v\u00e1lku\u201c.\u00a0Za\u010d\u00e1tkem m\u011bs\u00edce op\u011bt varoval, \u017ee Rusko m\u016f\u017ee za\u00fato\u010dit na zemi NATO \u201edo p\u011bti a\u017e osmi let\u201c.<\/span><\/p>\n<p><span>Sv\u00e9 prohl\u00e1\u0161en\u00ed pozd\u011bji trochu upravil a minul\u00fd p\u00e1tek pro m\u00e9dia \u0159ekl, \u017ee v sou\u010dasnosti \u201enevid\u00ed \u017e\u00e1dn\u00e9 nebezpe\u010d\u00ed rusk\u00e9ho \u00fatoku na \u00fazem\u00ed NATO nebo na jakoukoli partnerskou zemi NATO\u201c.\u00a0Zd\u016fraznil v\u0161ak, \u017ee jde jen o \u201emomentku\u201c sou\u010dasn\u00e9 situace a opravdu se ned\u00e1 v\u011bd\u011bt, jak se v\u011bci vyvinou v budoucnosti.<\/span><\/p>\n<p><span>Mezit\u00edm Rusko opakovan\u011b obvinilo NATO z vyvol\u00e1v\u00e1n\u00ed strachu a podn\u011bcov\u00e1n\u00ed nap\u011bt\u00ed v Evrop\u011b.\u00a0\u0160\u00e9f rusk\u00e9 zahrani\u010dn\u00ed zpravodajsk\u00e9 slu\u017eby Sergej Nary\u0161kin ned\u00e1vno odm\u00edtl tvrzen\u00ed, \u017ee Moskva pl\u00e1nuje \u00fatok na NATO jako \u201einforma\u010dn\u00ed v\u00e1lku\u201c.<\/span><\/p>\n<p><span>(Souvisej\u00edc\u00ed: Ma\u010farsk\u00fd publicista: Trv\u00e1n\u00ed na tom, \u017ee Rusko\u00a0<\/span><a href=\"https:\/\/www.naturalnews.com\/2024-01-21-russia-attacking-germany-is-berlins-scaremongering-tactic.html\" target=\"_blank\" rel=\"noopener\"><span>za\u00fato\u010d\u00ed<\/span><\/a><span>\u00a0na N\u011bmecko, je taktika Berl\u00edna, jak zakr\u00fdt svou neschopnost.)<\/span><\/p>\n<h2><span>Zem\u011b vyu\u017e\u00edvaj\u00ed v\u00e1le\u010dn\u00e9 \u0161\u00ed\u0159en\u00ed strachu k n\u00e1boru lid\u00ed do arm\u00e1dy, kte\u0159\u00ed nejsou ob\u010dany<\/span><\/h2>\n<p><span>N\u011bmeck\u00fd ministr obrany tak\u00e9 ozn\u00e1mil, \u017ee zem\u011b zva\u017euje, \u017ee umo\u017en\u00ed obyvatel\u016fm bez n\u011bmeck\u00e9ho ob\u010danstv\u00ed vstoupit do arm\u00e1dy, aby se do roku 2031 zv\u00fd\u0161il po\u010det voj\u00e1k\u016f ze sou\u010dasn\u00fdch 181 000 na 203 000.<\/span><\/p>\n<p><span>Podobn\u00fd trend je patrn\u00fd v\u0161ude jinde ve sv\u011bt\u011b.\u00a0Vl\u00e1dy po cel\u00e9m kontinentu diskutuj\u00ed o tom, zda jsou jejich arm\u00e1dy p\u0159ipraveny na modern\u00ed v\u00e1lku ao hrozb\u00e1ch, kter\u00e9 p\u0159edstavuj\u00ed zem\u011b jako Rusko.<\/span><\/p>\n<p><span>N\u011bmeck\u00e1 arm\u00e1da m\u00e1 chronick\u00fd nedostatek voj\u00e1k\u016f ak udr\u017een\u00ed sou\u010dasn\u00fdch stav\u016f je ka\u017edoro\u010dn\u011b zapot\u0159eb\u00ed 20 000 nov\u00fdch rekrut\u016f.\u00a0Pr\u00e1ce v arm\u00e1d\u011b nem\u00e1 v N\u011bmecku takovou sl\u00e1vu jako jinde, vzhledem k v\u00e1le\u010dn\u00e9 minulosti zem\u011b.<\/span><\/p>\n<p><span>V arm\u00e1d\u011b Spojen\u00fdch st\u00e1t\u016f americk\u00fdch, kde mohou rekruti z\u00edskat ob\u010danstv\u00ed v\u00fdm\u011bnou za slu\u017ebu v arm\u00e1d\u011b, jsou takov\u00ed zahrani\u010dn\u00ed dobrovoln\u00edci odm\u011b\u0148ov\u00e1ni z\u00edsk\u00e1n\u00edm pasu.<\/span><\/p>\n<p><span>Podobn\u00e9 n\u00e1lady panuj\u00ed i \u200b\u200bve Velk\u00e9 Brit\u00e1nii, kde n\u00e1\u010deln\u00edk gener\u00e1ln\u00edho \u0161t\u00e1bu Spojen\u00e9ho kr\u00e1lovstv\u00ed gener\u00e1l Patrick Sanders \u0159ekl, \u017ee by m\u011bly b\u00fdt podniknuty kroky k uveden\u00ed spole\u010dnosti do v\u00e1le\u010dn\u00e9ho stavu a \u017ee ve\u0159ejnost by m\u011bla b\u00fdt p\u0159ipravena zvednout zbran\u011b proti Rusku.<\/span><\/p>\n<p><span>Ministerstvo obrany Velk\u00e9 Brit\u00e1nie rychle odm\u00edtlo jeho koment\u00e1\u0159e a trvalo na tom, \u017ee zem\u011b se u\u017e nevr\u00e1t\u00ed k v\u0161eobecn\u00e9 brann\u00e9 povinnosti, kterou Brit\u00e1nie zru\u0161ila v roce 1960. Ve \u0160v\u00e9dsku, Norsku, Finsku a pobaltsk\u00fdch zem\u00edch u\u017e dokonce prob\u00edhaj\u00ed p\u0159\u00edpravy na zvl\u00e1dnut\u00ed potenci\u00e1ln\u00edho rusk\u00e9ho \u00fatoku.<\/span><\/p>\n<p><span>Mezit\u00edm gener\u00e1lporu\u010d\u00edk Alexander Sollfrank, \u0161\u00e9f jednotek NATO v jihon\u011bmeck\u00e9m m\u011bst\u011b Ulm, kter\u00fd by byl zodpov\u011bdn\u00fd za koordinaci p\u0159esun\u016f evropsk\u00fdch jednotek v p\u0159\u00edpad\u011b \u00fatoku na \u010dlena NATO, uvedl, \u017ee n\u011bmeck\u00e1 arm\u00e1da pot\u0159ebuje nejen zdroje, ale tak\u00e9 \u201eviditeln\u00e9 odhodl\u00e1n\u00ed je nasadit\u201c.<\/span><\/p>\n<p><em><span>&#8222;D\u016fv\u011bryhodn\u00e9 odstra\u0161en\u00ed vy\u017eaduje p\u0159\u00edpravu na v\u00e1lku a mus\u00ed zahrnovat obyvatelstvo,&#8220;<\/span><\/em><span>\u00a0\u0159ekl Sollfrank ve v\u00fdro\u010dn\u00edm projevu o stavu bezpe\u010dnosti zem\u011b.\u00a0L\u00eddr Bavorska a \u0161\u00e9f konzervativn\u00ed K\u0159es\u0165anskosoci\u00e1ln\u00ed unie Markus Soder zase \u0159ekl, \u017ee N\u011bmecko pot\u0159ebuje \u201evoj\u00e1ky schopn\u00e9 bojovat na front\u011b\u201c.<\/span><\/p>\n<p><span>Prohl\u00e9dn\u011bte si str\u00e1nku\u00a0<\/span><a href=\"https:\/\/wwiii.news\/\" target=\"_blank\" rel=\"noopener\"><span>WWIII.news<\/span><\/a><span> , kde najdete dal\u0161\u00ed p\u0159\u00edb\u011bhy o eskalaci konflikt\u016f na cel\u00e9m sv\u011bt\u011b.<\/span><\/p>\n<p><span>Autor: Belle Carter, Zdroj:\u00a0<\/span><a href=\"https:\/\/www.naturalnews.com\/2024-02-09-germans-turn-their-homes-into-bomb-shelters.html\" target=\"_blank\" rel=\"noopener\"><span>naturalnews.com<\/span><\/a><\/p>\n<p>&nbsp;<\/p>\n<p>&nbsp;<\/p>\n","protected":false},"excerpt":{"rendered":"<p>M\u00edstn\u00ed bulv\u00e1rn\u00ed den\u00edk Bild s odvol\u00e1n\u00edm na n\u00e1vrh dokumentu n\u011bmeck\u00e9ho ministerstva obrany uvedl, \u017ee od&#8230;<\/p>\n","protected":false},"author":2,"featured_media":46982,"comment_status":"closed","ping_status":"closed","sticky":false,"template":"","format":"standard","meta":[],"categories":[7],"tags":[3234,84,1975,6788],"_links":{"self":[{"href":"https:\/\/www.infokuryr.cz\/n\/wp-json\/wp\/v2\/posts\/46981"}],"collection":[{"href":"https:\/\/www.infokuryr.cz\/n\/wp-json\/wp\/v2\/posts"}],"about":[{"href":"https:\/\/www.infokuryr.cz\/n\/wp-json\/wp\/v2\/types\/post"}],"author":[{"embeddable":true,"href":"https:\/\/www.infokuryr.cz\/n\/wp-json\/wp\/v2\/users\/2"}],"replies":[{"embeddable":true,"href":"https:\/\/www.infokuryr.cz\/n\/wp-json\/wp\/v2\/comments?post=46981"}],"version-history":[{"count":0,"href":"https:\/\/www.infokuryr.cz\/n\/wp-json\/wp\/v2\/posts\/46981\/revisions"}],"wp:featuredmedia":[{"embeddable":true,"href":"https:\/\/www.infokuryr.cz\/n\/wp-json\/wp\/v2\/media\/46982"}],"wp:attachment":[{"href":"https:\/\/www.infokuryr.cz\/n\/wp-json\/wp\/v2\/media?parent=46981"}],"wp:term":[{"taxonomy":"category","embeddable":true,"href":"https:\/\/www.infokuryr.cz\/n\/wp-json\/wp\/v2\/categories?post=46981"},{"taxonomy":"post_tag","embeddable":true,"href":"https:\/\/www.infokuryr.cz\/n\/wp-json\/wp\/v2\/tags?post=46981"}],"curies":[{"name":"wp","href":"https:\/\/api.w.org\/{rel}","templated":true}]}}