{"id":46974,"date":"2024-02-14T00:40:21","date_gmt":"2024-02-13T23:40:21","guid":{"rendered":"https:\/\/www.infokuryr.cz\/n\/?p=46974"},"modified":"2024-02-13T19:09:49","modified_gmt":"2024-02-13T18:09:49","slug":"lubomir-man-tak-ja-uz-vim-proc-ct-neodvysilala-carlsonovo-interview-s-putinem-pani-mullerova","status":"publish","type":"post","link":"https:\/\/www.infokuryr.cz\/n\/2024\/02\/14\/lubomir-man-tak-ja-uz-vim-proc-ct-neodvysilala-carlsonovo-interview-s-putinem-pani-mullerova\/","title":{"rendered":"Lubom\u00edr Man: Tak j\u00e1 u\u017e v\u00edm, pro\u010d \u010cT neodvys\u00edlala Carlsonovo interview s Putinem, pan\u00ed M\u00fcllerov\u00e1"},"content":{"rendered":"<div id=\"fb-root\"><\/div>\n<p class=\"Standard\">\u201eSkute\u010dn\u011b? Tak spus\u0165te. Na to jsem moc zv\u011bdav\u00e1\u201c.<\/p>\n<p class=\"Standard\">\u201eTo jsem byl i j\u00e1, pan\u00ed dom\u00e1c\u00ed. Ale je to jednodu\u0161\u0161\u00ed, ne\u017e byste tu\u0161ila. \u010cT ten po\u0159ad neodvys\u00edlala proto, \u017ee usoudila, \u017ee by o n\u011bj \u010de\u0161t\u00ed poslucha\u010di nem\u011bli z\u00e1jem\u201c.<\/p>\n<p class=\"Standard\">\u201eCo\u017ee? Tak te\u010f nev\u00edm, jestli jste ze\u0161\u00edlel vy, nebo ta televize, pane \u0160vejk. V\u017edy\u0165 b\u011bhem jedin\u00e9ho dne to interview jen na soci\u00e1ln\u00edch s\u00edt\u00edch, v\u010detn\u011b YouTube \u010di Carslonov\u00fdch webov\u00fdch str\u00e1nek na S\u00edti X, zhl\u00e9dlo 145 milionu lid\u00ed, co\u017e je snad sv\u011btov\u00fd rekord. \u010c\u00edslo kter\u00e9 ov\u0161em bude hodn\u011b vy\u0161\u0161\u00ed, \u00a0vezmeme-li v potaz i miliony rusk\u00fdch div\u00e1k\u016f, kte\u0159\u00ed, proto\u017ee Kreml sv\u00e9 statistiky nezve\u0159ej\u0148uje, v odhadovan\u00e9m po\u010dtu div\u00e1k\u016f nefiguruji. A jen tak na okraj. Port\u00e1l Echo24,cz uvedl sv\u00e9 pov\u00edd\u00e1n\u00ed o p\u0159edm\u011btn\u00e9m interview slovy: Putin dob\u00fdv\u00e1 sv\u011bt d\u00edky rozhovoru s Carlsonem. Tak\u017ee jak jste, pros\u00edm v\u00e1s p\u00e1nb\u016fh, p\u0159i\u0161el, pane \u0160vejk, na ten nesmysl,, \u017ee \u010cT to interview neodvys\u00edlala proto, \u017ee je odklasifikovala jako pro \u010cechy nezaj\u00edmav\u00e9?\u201c<\/p>\n<p class=\"Standard\">\u201eProto\u017ee \u010cT je za pro \u010cechy nezaj\u00edmav\u00e9 ozna\u010dila\u201c<\/p>\n<p class=\"Standard\">\u201eNo to snad ne! A jak to ud\u011blala?\u201c<\/p>\n<p class=\"Standard\">\u201eJednodu\u0161e. V upout\u00e1vk\u00e1ch na sv\u016fj ned\u011bln\u00ed ve\u010dern\u00ed program Newsroom \u010cT24 o n\u011bm \u0159ekla zhruba toto: \u201eV interview Carlsona s Putinem se americk\u00fd novin\u00e1\u0159 pt\u00e1 a Putin odpov\u00edd\u00e1. A co \u017ee to \u0159\u00edk\u00e1? \u201eAle pros\u00edm v\u00e1s, koho by to zaj\u00edmalo?\u201c<\/p>\n<p class=\"Standard\">\u201eAno, ch\u00e1pu milostpane. \u010cT se rozhodla ochr\u00e1nit n\u00e1s od zcepe\u0148uj\u00edc\u00ed nudy Putinov\u00fdch odpov\u011bd\u00ed. A v\u00edte co by m\u011b v t\u00e9 souvislosti zaj\u00edmalo? Co na to Amerika? Taky tam m\u011bli z Putina takov\u00fd v\u00edtr jako na Kav\u010d\u00edch hor\u00e1ch?\u201c<\/p>\n<p class=\"Standard\">\u201eAni bych ne\u0159ekl, pan\u00ed dom\u00e1c\u00ed. Rozhovor byl ve\u00a0Spojen\u00fdch st\u00e1tech ofici\u00e1ln\u011b p\u0159\u00edstupn\u00fd na \u00a0\u0159ad\u011b soci\u00e1ln\u00edch s\u00edt\u00ed, v\u010detn\u011b S\u00edt\u011b X, YouTube nebo p\u0159\u00edmo na webov\u00fdch str\u00e1nk\u00e1ch Tuckera Carlsona. A m\u011bl i\u00a0vysok\u00fd po\u010det div\u00e1k\u016f, kte\u0159\u00ed stiskli tla\u010d\u00edtko &#8222;l\u00edb\u00ed se&#8220;. Na\u00a0YouTube 562 tis\u00edc a\u00a0na\u00a0s\u00edti X 825 tis\u00edc. Dohromady \u0161lo tedy jen na t\u011bchto dvou s\u00edt\u00edch o\u00a01,4 milion\u016f lid\u00ed, kte\u0159\u00ed dali videu &#8222;like&#8220;.<\/p>\n<p class=\"Standard\">\u201eAno, tak\u017ee jako v\u017edycky. My prost\u011b mus\u00edme b\u00fdt ameri\u010dt\u011bj\u0161\u00ed ne\u017e Amerika a potur\u010denec hor\u0161\u00ed Turka. \u0158ekn\u011bte mi, pane \u0160vejk, kdy z n\u00e1s toto lokajsk\u00e9 h\u0148upstv\u00ed spadne? A do\u010dk\u00e1me se toho n\u011bkdy?\u201c<\/p>\n<p class=\"Standard\">Lubom\u00edr Man\u201c<\/p>\n<p><img decoding=\"async\" loading=\"lazy\" class=\"alignnone size-full wp-image-860\" src=\"http:\/\/www.infokuryr.cz\/n\/wp-content\/uploads\/2021\/04\/lub_man.jpg\" alt=\"\" width=\"143\" height=\"200\" \/><\/p>\n<p>&nbsp;<\/p>\n<p><a href=\"https:\/\/stranapro.cz\/\"><img decoding=\"async\" loading=\"lazy\" class=\"wp-image-40286 aligncenter\" src=\"http:\/\/www.infokuryr.cz\/n\/wp-content\/uploads\/2023\/11\/12pro-300x87.png\" alt=\"\" width=\"1010\" height=\"293\" srcset=\"https:\/\/www.infokuryr.cz\/n\/wp-content\/uploads\/2023\/11\/12pro-300x87.png 300w, https:\/\/www.infokuryr.cz\/n\/wp-content\/uploads\/2023\/11\/12pro.png 366w\" sizes=\"(max-width: 1010px) 100vw, 1010px\" \/><\/a><\/p>\n<p>&nbsp;<\/p>\n<p>&nbsp;<\/p>\n","protected":false},"excerpt":{"rendered":"<p>\u201eSkute\u010dn\u011b? Tak spus\u0165te. Na to jsem moc zv\u011bdav\u00e1\u201c. \u201eTo jsem byl i j\u00e1, pan\u00ed dom\u00e1c\u00ed&#8230;.<\/p>\n","protected":false},"author":2,"featured_media":26346,"comment_status":"closed","ping_status":"closed","sticky":false,"template":"","format":"standard","meta":[],"categories":[6],"tags":[1025,29,122,1052],"_links":{"self":[{"href":"https:\/\/www.infokuryr.cz\/n\/wp-json\/wp\/v2\/posts\/46974"}],"collection":[{"href":"https:\/\/www.infokuryr.cz\/n\/wp-json\/wp\/v2\/posts"}],"about":[{"href":"https:\/\/www.infokuryr.cz\/n\/wp-json\/wp\/v2\/types\/post"}],"author":[{"embeddable":true,"href":"https:\/\/www.infokuryr.cz\/n\/wp-json\/wp\/v2\/users\/2"}],"replies":[{"embeddable":true,"href":"https:\/\/www.infokuryr.cz\/n\/wp-json\/wp\/v2\/comments?post=46974"}],"version-history":[{"count":0,"href":"https:\/\/www.infokuryr.cz\/n\/wp-json\/wp\/v2\/posts\/46974\/revisions"}],"wp:featuredmedia":[{"embeddable":true,"href":"https:\/\/www.infokuryr.cz\/n\/wp-json\/wp\/v2\/media\/26346"}],"wp:attachment":[{"href":"https:\/\/www.infokuryr.cz\/n\/wp-json\/wp\/v2\/media?parent=46974"}],"wp:term":[{"taxonomy":"category","embeddable":true,"href":"https:\/\/www.infokuryr.cz\/n\/wp-json\/wp\/v2\/categories?post=46974"},{"taxonomy":"post_tag","embeddable":true,"href":"https:\/\/www.infokuryr.cz\/n\/wp-json\/wp\/v2\/tags?post=46974"}],"curies":[{"name":"wp","href":"https:\/\/api.w.org\/{rel}","templated":true}]}}