{"id":46909,"date":"2024-02-13T00:46:47","date_gmt":"2024-02-12T23:46:47","guid":{"rendered":"https:\/\/www.infokuryr.cz\/n\/?p=46909"},"modified":"2024-02-13T05:37:12","modified_gmt":"2024-02-13T04:37:12","slug":"izraelska-armada-vybombardovala-uprchlicky-tabor-v-rafahu-z-mista-uniklo-sokujici-video","status":"publish","type":"post","link":"https:\/\/www.infokuryr.cz\/n\/2024\/02\/13\/izraelska-armada-vybombardovala-uprchlicky-tabor-v-rafahu-z-mista-uniklo-sokujici-video\/","title":{"rendered":"Izraelsk\u00e1 arm\u00e1da vybombardovala uprchlick\u00fd t\u00e1bor v Raf\u00e1hu, z m\u00edsta uniklo \u0161okuj\u00edc\u00ed video&#8230;"},"content":{"rendered":"<div id=\"fb-root\"><\/div>\n<h4>Izraelsk\u00e1 arm\u00e1da vybombardovala uprchlick\u00fd t\u00e1bor v Raf\u00e1hu, z m\u00edsta uniklo \u0161okuj\u00edc\u00ed video po dopadu n\u011bkolika 500-libern\u00edch bomb mezi stany s uprchl\u00edky! St\u00edha\u010dky zni\u010dily ve m\u011bst\u011b i dv\u011b me\u0161ity a 14 bytovek! Izrael rozjel z\u00e1v\u011bre\u010dnou etapu genocidy Palestinc\u016f! Izrael\u0161t\u00ed develope\u0159i ji\u017e zah\u00e1jili nab\u00eddky v\u00fdstaveb lukrativn\u00edch dom\u016f v Gaze p\u0159\u00edmo u mo\u0159e pro izraelsk\u00e9 osadn\u00edky na pozemc\u00edch po vyhnan\u00fdch Palestinc\u00edch!<\/h4>\n<p>Zat\u00edmco v americk\u00e9m Kongresu se sen\u00e1to\u0159i a kongresmani dohaduj\u00ed, jestli schv\u00e1lit nebo neschv\u00e1lit dal\u0161\u00ed bal\u00edk pen\u011bz pro Ukrajinu, Taiwan a Izrael, tak mezit\u00edm izraelsk\u00e1 arm\u00e1da a letectvo zah\u00e1jilo v noci z ned\u011ble na pond\u011bl\u00ed z\u00e1v\u011bre\u010dnou etapu vyhlazov\u00e1n\u00ed Palestinc\u016f v Gaze s c\u00edlem jejich vyhn\u00e1n\u00ed do Egypta. V mal\u00e9 oblasti hrani\u010dn\u00edho m\u011bsta Raf\u00e1h na jihu Gazy na hranic\u00edch s Egyptem je v t\u00e9to chv\u00edli nashrom\u00e1\u017ed\u011bno p\u0159es 1 milion palestinsk\u00fdch uprchl\u00edk\u016f ve vybudovan\u00fdch stanov\u00fdch t\u00e1borech.<\/p>\n<p><strong>A pr\u00e1v\u011b na tato stanov\u00e1 m\u011bsta byl v noci proveden leteck\u00fd \u00fatok. Izraelsk\u00e1 arm\u00e1da k \u00fatoku pou\u017eila st\u00edha\u010dky a na stanov\u00fd t\u00e1bor shodila n\u011bkolik 500-libern\u00edch bomb.<\/strong>\u00a0D\u00edky tomu, \u017ee na m\u00edst\u011b \u00faderu je p\u00eds\u010dit\u00e1 p\u016fda, bomby zajely hluboko do p\u00edsku a po explozi pozab\u00edjely \u201cjen\u201d 67 uprchl\u00edk\u016f\u00a0<strong>[<a href=\"https:\/\/href.li\/?https:\/\/www.aljazeera.com\/news\/liveblog\/2024\/2\/12\/israels-war-on-gaza-live-israel-planning-rafah-assault-as-talks-continue\" target=\"_blank\" rel=\"nofollow noopener\">1<\/a>]<\/strong>, ale \u010d\u00edslo neust\u00e1le roste. Z m\u00edsta \u00faderu uniklo neuv\u011b\u0159iteln\u00e9 video, kter\u00e9 zachycuje obrovsk\u00fd stanov\u00fd t\u00e1bor a uprost\u0159ed vybombardovanou plochu s n\u011bkolika kr\u00e1tery na m\u00edstech, kde p\u0159edt\u00edm st\u00e1ly stany.<\/p>\n<p>&nbsp;<\/p>\n<div id=\"rumble_v4aehcr\">\n<div id=\"vid_v4aehcr\" class=\"rumble_v4aehcr-Rumble-cls\" tabindex=\"-1\">\n<div class=\"bigPlayUI ctp\"><div class='videoWrapper'>\r\n\t            <iframe src='https:\/\/rumble.com\/embed\/pj.v4aehcr\/' frameborder='0' allowfullscreen><\/iframe>\r\n\t        <\/div><\/p>\n<div class=\"bigPlayUIInner ctp\"><\/div>\n<\/div>\n<\/div>\n<\/div>\n<p>&nbsp;<\/p>\n<p>Podle informac\u00ed dopadly bomby nejen na t\u00e1bor, ale jedna srovnala se zem\u00ed i vedlej\u0161\u00ed komplex, kter\u00fd slou\u017eil jako nemocnice, o\u0161et\u0159ovna a sklad humanit\u00e1rn\u00ed pomoci. Video zachycuje v\u00e1le\u010dn\u00fd zlo\u010din, kter\u00e9ho se dopustil sionistick\u00fd re\u017eim Benjamina Netanyahua a arabsk\u00e9 zem\u011b volaj\u00ed po uvalen\u00ed zni\u010duj\u00edc\u00edch sankc\u00ed na Izrael a zah\u00e1jen\u00ed vy\u0161et\u0159ov\u00e1n\u00ed u Mezin\u00e1rodn\u00edho trestn\u00edho soudu. Evropsk\u00e1 m\u00e9dia ml\u010d\u00ed a jsou prakticky zticha, p\u0159esto\u017ee Izrael provedl v\u00e1le\u010dn\u00fd zlo\u010din a vybombardoval uprchlick\u00fd t\u00e1bor, co\u017e se dosud nestalo ani ve v\u00e1lce na Ukrajin\u011b. Nereaguje ani vl\u00e1da Petra Fialy, ml\u010d\u00ed tiskov\u00fd odbor \u00da\u0159adu vl\u00e1dy. Nemaj\u00ed noty, nev\u00ed jak reagovat. Sionistick\u00fd re\u017eim se c\u00edt\u00ed nedotknuteln\u00fd, proto\u017ee kontroluje\u00a0<em>Chazari\u00e1t<\/em>\u00a0v Bruselu. Nen\u00ed dovoleno kritizovat Izrael, co prov\u00e1d\u00ed v Gaze za zv\u011brstva!<\/p>\n<h6><span style=\"font-size: 18pt;\">Vybombardovan\u00fd uprchlick\u00fd t\u00e1bor potvrzuje p\u0159edpov\u011bdi Aeronetu o pl\u00e1nu na genocidu Palestinc\u016f a jejich vyhn\u00e1n\u00ed z Gazy<\/span><\/h6>\n<p>Kdyby Rusk\u00e1 arm\u00e1da provedla tot\u00e9\u017e na Ukrajin\u011b, \u017ee by vybombardovala uprchlick\u00fd t\u00e1bor s Ukrajinci, dovedete si p\u0159edstavit ten \u0159ev a nekone\u010dn\u00e9 p\u0159enosy v televiz\u00edch evropsk\u00fdch stanic. Kdy\u017e ale toto provede izraelsk\u00e1 arm\u00e1da, je ticho po p\u011b\u0161in\u011b. Leteck\u00e9 \u00fadery zni\u010dily me\u0161itu Al-Huda v t\u00e1bo\u0159e Yibna, d\u00e1le zni\u010dily me\u0161itu Al-Rahma v t\u00e1bo\u0159e Shabura a 14 obytn\u00fdch dom\u016f v n\u011bkolika oblastech v Raf\u00e1hu.<\/p>\n<p><strong>Podle tureck\u00e9 agentury Anadolu [<a href=\"https:\/\/href.li\/?https:\/\/www.aa.com.tr\/en\/middle-east\/over-100-killed-in-israeli-attacks-on-rafah-city-in-southern-gaza\/3134506\" target=\"_blank\" rel=\"nofollow noopener\">2<\/a>] zahynulo p\u0159i n\u00e1letech\u00a0p\u0159es 100 lid\u00ed\u00a0a z\u00e1chran\u00e1\u0159i vytahuj\u00ed ze sutin dal\u0161\u00ed ob\u011bti<\/strong>. V samotn\u00fdch stanov\u00fdch t\u00e1borech se st\u00e1le ob\u011bti po\u010d\u00edtaj\u00ed, proto\u017ee tlakov\u00e1 exploze bomb rozh\u00e1zela t\u011bla uprchl\u00edk\u016f do okoln\u00ed z\u00e1stavby a t\u011bla jsou nach\u00e1zena na st\u0159ech\u00e1ch okoln\u00edch budov, kter\u00e9 n\u00e1let a exploze p\u0159e\u010dkaly. Je logick\u00e9, \u017ee kdy\u017e bomby spadnou mezi pl\u00e1t\u011bn\u00e9 stany, tak tlakov\u00e1 vlna ud\u011bl\u00e1 zkr\u00e1tka masakr, s t\u00edm se po\u010d\u00edt\u00e1 a \u010d\u00edslo ob\u011bt\u00ed ur\u010dit\u011b je\u0161t\u011b poroste.<\/p>\n<figure id=\"attachment_58578\" class=\"wp-caption aligncenter\" style=\"width: 700px;\"><a href=\"https:\/\/aeronet.news\/wp-content\/uploads\/RafahCampBombed.jpg\"><img decoding=\"async\" loading=\"lazy\" class=\"wp-image-58578 \" src=\"https:\/\/aeronet.news\/wp-content\/uploads\/RafahCampBombed-1024x682.jpg\" sizes=\"(max-width: 700px) 100vw, 700px\" srcset=\"https:\/\/aeronet.news\/wp-content\/uploads\/RafahCampBombed-1024x682.jpg 1024w, https:\/\/aeronet.news\/wp-content\/uploads\/RafahCampBombed-300x200.jpg 300w, https:\/\/aeronet.news\/wp-content\/uploads\/RafahCampBombed-768x512.jpg 768w, https:\/\/aeronet.news\/wp-content\/uploads\/RafahCampBombed-700x466.jpg 700w, https:\/\/aeronet.news\/wp-content\/uploads\/RafahCampBombed-536x357.jpg 536w, https:\/\/aeronet.news\/wp-content\/uploads\/RafahCampBombed-725x483.jpg 725w, https:\/\/aeronet.news\/wp-content\/uploads\/RafahCampBombed.jpg 1280w\" alt=\"\" width=\"700\" height=\"466\" \/><\/a><figcaption class=\"wp-caption-text\">500-libern\u00ed bomba dopadla p\u0159\u00edmo mezi uprchlick\u00e9 stany v Raf\u00e1hu<\/figcaption><\/figure>\n<p>Na\u0161e redakce ji\u017e v pond\u011bl\u00ed poslala soustrastn\u00fd email Palestinsk\u00e9 samospr\u00e1v\u011b a odsouzen\u00ed izraelsk\u00e9 agrese jm\u00e9nem v\u0161ech slu\u0161n\u00fdch ob\u010dan\u016f \u010cR a SR, kte\u0159\u00ed \u010dtou n\u00e1\u0161 server a odm\u00edtaj\u00ed izraelskou okupaci palestinsk\u00fdch \u00fazem\u00ed a agresi izraelsk\u00e9 arm\u00e1dy proti civiln\u00edmu obyvatelstvu Gazy pod z\u00e1minkou anti-Ham\u00e1s operace. Nemus\u00edme m\u00edt v oblib\u011b Palestince, ale pokud dovol\u00edme etnick\u00e9 vyhlazov\u00e1n\u00ed v Gaze, kter\u00e9 p\u0159edv\u00e1d\u00ed Izrael, z\u00edtra se to m\u016f\u017ee t\u00fdkat n\u00e1s samotn\u00fdch v Evrop\u011b, nehled\u011b na obrovskou migra\u010dn\u00ed vlnu Palestinc\u016f do Evropy, kter\u00e1 bude hrozit, pokud Izrael nebude zastaven a poda\u0159\u00ed se mu Palestince dohnat k \u00fat\u011bku do Egypta.<\/p>\n<h6><span style=\"font-size: 18pt;\">Izrael\u0161t\u00ed develope\u0159i stav\u011bj\u00edc\u00ed neleg\u00e1ln\u00ed osady ji\u017e zah\u00e1jili realitn\u00ed nab\u00eddky s lukrativn\u00edm stavbami v Gaze na pob\u0159e\u017e\u00ed mo\u0159e<\/span><\/h6>\n<p>Nesm\u00edme zav\u00edrat o\u010di nad vyhlazov\u00e1n\u00edm Palestinc\u016f v Gaze, proto\u017ee je jasn\u00e9, co t\u00edm izraelsk\u00fd zr\u016fdn\u00fd re\u017eim sleduje. To bombardov\u00e1n\u00ed uprchlick\u00fdch t\u00e1bor\u016f v Raf\u00e1hu bylo vzkazem Palestinc\u016fm, aby se zvedli a za\u010dali p\u0159el\u00e9zat plot do Egypta a t\u00edm se vydali do exilu a definitivn\u011b opustili sv\u00e9 pozemky v Gaze, se kter\u00fdmi m\u00e1 sionistick\u00fd Izrael ji\u017e uve\u0159ejn\u011bn\u00e9 pl\u00e1ny. Gaza je p\u0159\u00edmo\u0159sk\u00fd prostor s lukrativn\u00edmi pozemky, kde maj\u00ed vyr\u016fst izraelsk\u00e9 turistick\u00e9 resorty, n\u00e1kupn\u00ed centra a samoz\u0159ejm\u011b luxusn\u00ed stavebn\u00ed pozemky pro izraelsk\u00e9 osadn\u00edky.<\/p>\n<div class=\"twitter-tweet twitter-tweet-rendered\"><iframe id=\"twitter-widget-0\" class=\"\" title=\"X Post\" src=\"https:\/\/platform.twitter.com\/embed\/Tweet.html?dnt=true&amp;embedId=twitter-widget-0&amp;features=eyJ0ZndfdGltZWxpbmVfbGlzdCI6eyJidWNrZXQiOltdLCJ2ZXJzaW9uIjpudWxsfSwidGZ3X2ZvbGxvd2VyX2NvdW50X3N1bnNldCI6eyJidWNrZXQiOnRydWUsInZlcnNpb24iOm51bGx9LCJ0ZndfdHdlZXRfZWRpdF9iYWNrZW5kIjp7ImJ1Y2tldCI6Im9uIiwidmVyc2lvbiI6bnVsbH0sInRmd19yZWZzcmNfc2Vzc2lvbiI6eyJidWNrZXQiOiJvbiIsInZlcnNpb24iOm51bGx9LCJ0ZndfZm9zbnJfc29mdF9pbnRlcnZlbnRpb25zX2VuYWJsZWQiOnsiYnVja2V0Ijoib24iLCJ2ZXJzaW9uIjpudWxsfSwidGZ3X21peGVkX21lZGlhXzE1ODk3Ijp7ImJ1Y2tldCI6InRyZWF0bWVudCIsInZlcnNpb24iOm51bGx9LCJ0ZndfZXhwZXJpbWVudHNfY29va2llX2V4cGlyYXRpb24iOnsiYnVja2V0IjoxMjA5NjAwLCJ2ZXJzaW9uIjpudWxsfSwidGZ3X3Nob3dfYmlyZHdhdGNoX3Bpdm90c19lbmFibGVkIjp7ImJ1Y2tldCI6Im9uIiwidmVyc2lvbiI6bnVsbH0sInRmd19kdXBsaWNhdGVfc2NyaWJlc190b19zZXR0aW5ncyI6eyJidWNrZXQiOiJvbiIsInZlcnNpb24iOm51bGx9LCJ0ZndfdXNlX3Byb2ZpbGVfaW1hZ2Vfc2hhcGVfZW5hYmxlZCI6eyJidWNrZXQiOiJvbiIsInZlcnNpb24iOm51bGx9LCJ0ZndfdmlkZW9faGxzX2R5bmFtaWNfbWFuaWZlc3RzXzE1MDgyIjp7ImJ1Y2tldCI6InRydWVfYml0cmF0ZSIsInZlcnNpb24iOm51bGx9LCJ0ZndfbGVnYWN5X3RpbWVsaW5lX3N1bnNldCI6eyJidWNrZXQiOnRydWUsInZlcnNpb24iOm51bGx9LCJ0ZndfdHdlZXRfZWRpdF9mcm9udGVuZCI6eyJidWNrZXQiOiJvbiIsInZlcnNpb24iOm51bGx9fQ%3D%3D&amp;frame=false&amp;hideCard=false&amp;hideThread=false&amp;id=1736883716138393851&amp;lang=cs&amp;origin=https%3A%2F%2Faeronet.news%2Fizraelska-armada-vybombardovala-uprchlicky-tabor-v-rafahu-z-mista-uniklo-sokujici-video-po-dopadu-nekolika-500-libernich-bomb-mezi-stany-s-uprchliky-stihacky-znicily-ve-meste-i-dve-mesity%2F&amp;sessionId=e1c2756483a8dad3ca7022bf79467bdbb9f5b290&amp;theme=light&amp;widgetsVersion=2615f7e52b7e0%3A1702314776716&amp;width=550px\" frameborder=\"0\" scrolling=\"no\" allowfullscreen=\"allowfullscreen\" data-tweet-id=\"1736883716138393851\" data-mce-fragment=\"1\"><\/iframe><\/div>\n<p>&nbsp;<\/p>\n<p>Palestinci v prosinci odsoudili n\u00e1vrh\u00a0<strong>[<a href=\"https:\/\/href.li\/?https:\/\/www.commondreams.org\/news\/israel-settlements-gaza\" target=\"_blank\" rel=\"nofollow noopener\">3<\/a>]<\/strong>\u00a0izraelsk\u00e9ho developera, kter\u00fd se specializuje na v\u00fdstavbu neleg\u00e1ln\u00edch osad, na v\u00fdstavbu dom\u016f pro \u017eidovsk\u00e9 kolonisty na pl\u00e1\u017ei nad rozbombardovan\u00fdmi ruinami Gazy. \u201c<em>D\u016fm na pl\u00e1\u017ei nen\u00ed sen,<\/em>\u201d stoj\u00ed v inzer\u00e1tu zve\u0159ejn\u011bn\u00e9m izraelskou spole\u010dnost\u00ed Harey Zahav \u2013 nechvaln\u011b zn\u00e1mou v\u00fdstavbou osad na nez\u00e1konn\u011b okupovan\u00e9m Z\u00e1padn\u00edm b\u0159ehu Jord\u00e1nu \u2013 kter\u00fd vzbudil mezin\u00e1rodn\u00ed pozornost po konferenci o praktick\u00e9 p\u0159\u00edprav\u011b os\u00eddlen\u00ed Gazy, je\u017e se konala u\u017e v prosinci v Tel Avivu.\u00a0<strong>Reklama zobrazuje um\u011bleck\u00e9 ztv\u00e1rn\u011bn\u00ed luxusn\u00edch dom\u016f p\u0159ekryt\u00e9 skute\u010dnou fotografi\u00ed \u010dtvrti Gazy zni\u010den\u00e9 izraelsk\u00fdmi \u00fatoky<\/strong>, kter\u00e9 od za\u010d\u00e1tku \u0159\u00edjna zabily t\u00e9m\u011b\u0159 20 000 lid\u00ed a vyhnaly z domov\u016f v\u00edce ne\u017e 85% z 2,3 milionu obyvatel bojuj\u00edc\u00edho p\u00e1sma.<\/p>\n<h6><span style=\"font-size: 18pt;\">Za jednotkami IDF postupuj\u00ed demoli\u010dn\u00ed \u010dety stavebn\u00edch firem a je naprosto jasn\u00e9, co je c\u00edlem Izraele<\/span><\/h6>\n<p>Izraelsk\u00e1 vl\u00e1da sice financuje osadnick\u00e9 organizace, ale n\u00e1vrh Harey Zahav podle v\u0161eho nen\u00ed ofici\u00e1ln\u011b podporov\u00e1n st\u00e1tem, proto\u017ee vl\u00e1da se k tomu nesm\u00ed p\u0159iznat, ohrozilo by to finan\u010dn\u00ed pomoc Izraeli od USA. Kritici v\u0161ak upozornili, \u017ee izraelsk\u00fd ministr pro zpravodajsk\u00e9 slu\u017eby Gila Gamliel vypracoval pl\u00e1n na n\u00e1siln\u00e9 vyhn\u00e1n\u00ed obyvatel Gazy na Sinajsk\u00fd poloostrov v Egypt\u011b.<\/p>\n<p>A \u017ee samostatn\u00fd n\u00e1vrh pravicov\u00e9ho think tanku\u00a0<strong><em>Misgav Institute for National Security &amp; Sionist Strategy<\/em><\/strong>\u00a0prohl\u00e1sil, \u017ee \u201c<em>v sou\u010dasn\u00e9 dob\u011b existuje jedine\u010dn\u00e1 a vz\u00e1cn\u00e1 p\u0159\u00edle\u017eitost evakuovat cel\u00e9 p\u00e1smo Gazy<\/em>\u201c. Takov\u00e9 pl\u00e1ny byly srovn\u00e1v\u00e1ny s etnickou \u010distkou\u00a0<em>Nakba<\/em>, p\u0159i n\u00ed\u017e bylo z Palestiny b\u011bhem vzniku modern\u00edho st\u00e1tu Izrael v roce 1948 smrteln\u00fdm n\u00e1sil\u00edm a nucen\u00fdm vys\u00eddlen\u00edm vyhn\u00e1no v\u00edce ne\u017e 750 000 Palestinc\u016f.<\/p>\n<figure id=\"attachment_58583\" class=\"wp-caption aligncenter\" style=\"width: 697px;\"><a href=\"https:\/\/aeronet.news\/wp-content\/uploads\/GazaBulldozersTanks.jpg\"><img decoding=\"async\" loading=\"lazy\" class=\"wp-image-58583 \" src=\"https:\/\/aeronet.news\/wp-content\/uploads\/GazaBulldozersTanks-1024x638.jpg\" sizes=\"(max-width: 700px) 100vw, 700px\" srcset=\"https:\/\/aeronet.news\/wp-content\/uploads\/GazaBulldozersTanks-1024x638.jpg 1024w, https:\/\/aeronet.news\/wp-content\/uploads\/GazaBulldozersTanks-300x187.jpg 300w, https:\/\/aeronet.news\/wp-content\/uploads\/GazaBulldozersTanks-768x478.jpg 768w, https:\/\/aeronet.news\/wp-content\/uploads\/GazaBulldozersTanks-700x436.jpg 700w, https:\/\/aeronet.news\/wp-content\/uploads\/GazaBulldozersTanks-573x357.jpg 573w, https:\/\/aeronet.news\/wp-content\/uploads\/GazaBulldozersTanks-776x483.jpg 776w, https:\/\/aeronet.news\/wp-content\/uploads\/GazaBulldozersTanks.jpg 1280w\" alt=\"\" width=\"697\" height=\"434\" \/><\/a><figcaption class=\"wp-caption-text\">Tanky izraelsk\u00e9 arm\u00e1dy a spolu s nimi hned buldozery, kter\u00e9 srovn\u00e1vaj\u00ed men\u0161\u00ed budovy Palestinc\u016f se zemi<\/figcaption><\/figure>\n<p>\u201c<em>Izraelsk\u00e1 realitn\u00ed firma ji\u017e vyd\u011bl\u00e1v\u00e1 na genocid\u011b a chrl\u00ed pl\u00e1ny na v\u00fdstavbu izraelsk\u00fdch dom\u016f v Gaze na p\u016fd\u011b srovnan\u00e9 se zem\u00ed bombami<\/em>,\u201d uvedla v prosinci na soci\u00e1ln\u00edch s\u00edt\u00edch aktivistka Sarah Wilkinsonov\u00e1 z neziskovky\u00a0<em>Jewish Voice for Peace<\/em>. Nen\u00ed \u017e\u00e1dn\u00fdm p\u0159ekvapen\u00edm, \u017ee Izrael nesleduje nic jin\u00e9ho, ne\u017e je anexe Gazy, proto\u017ee v\u0161echna obsazen\u00e1 m\u00edsta v Gaze jsou srovn\u00e1v\u00e1na se zem\u00ed. Izraelsk\u00e1 arm\u00e1da po vyhn\u00e1n\u00ed obyvatel srovn\u00e1v\u00e1 v\u0161echny budovy se zem\u00ed a nikdo se neodva\u017euje pt\u00e1t, pro\u010d to arm\u00e1da d\u011bl\u00e1.<\/p>\n<p>Demoli\u010dn\u00ed \u010dety a buldozery n\u00e1sleduj\u00ed hned po bojov\u00fdch jednotk\u00e1ch IDF, kter\u00e9 prostor za\u010dist\u00ed a demoli\u010dn\u00ed \u010dety s buldozery p\u0159ij\u00ed\u017ed\u00ed hned za nimi, s odstupem 30 minut a\u017e jedn\u00e9 hodiny. Mal\u00e9 domky bouraj\u00ed radlicemi opanc\u00e9\u0159ovan\u00fdch buldozer\u016f, zat\u00edmco velk\u00e9 budovy dost\u00e1vaj\u00ed na starosti pyrotechnici, kte\u0159\u00ed budovy pomoc\u00ed dynamitu odp\u00e1l\u00ed.<\/p>\n<h6><span style=\"font-size: 18pt;\">Izraelsk\u00e1 arm\u00e1da obsazuje Gazu stejn\u011b jako Wehrmacht a SS za II. sv. v\u00e1lky \u00fazem\u00ed Sov\u011btsk\u00e9ho svazu<\/span><\/h6>\n<p>Trosky potom okam\u017eit\u011b odkl\u00edzej\u00ed kontraktorsk\u00e9 izraelsk\u00e9 firmy, kter\u00e9 po odvozu sutin pozemek zarovn\u00e1vaj\u00ed buldozery do roviny jako parcely p\u0159ipraven\u00e9 k nab\u00eddk\u00e1m realitn\u00edm makl\u00e9\u0159\u016fm a developer\u016fm neleg\u00e1ln\u00edch osad, tedy jako je developer Harey Zahav.\u00a0<strong>Sa\u00fadsk\u00e1 Ar\u00e1bie ji\u017e vydala spole\u010dn\u011b s Jord\u00e1nskem komunik\u00e9 vyz\u00fdvaj\u00edc\u00ed k okam\u017eit\u00e9mu mimo\u0159\u00e1dn\u00e9mu zased\u00e1n\u00ed RB OSN kv\u016fli izraelsk\u00e9 genocid\u011b a bombardov\u00e1n\u00ed uprchlick\u00fdch t\u00e1bor\u016f v Raf\u00e1hu<\/strong>. Bombardov\u00e1n\u00ed stanov\u00fdch t\u00e1bor\u016f v Raf\u00e1hu s palestinsk\u00fdmi vyhnanci z jejich domov\u016f v Gaze je typick\u00fdm sc\u00e9n\u00e1\u0159em etnick\u00e9ho za\u010di\u0161\u0165ov\u00e1n\u00ed nov\u00e9ho \u017eivotn\u00edho prostoru pro obyvatele okupa\u010dn\u00ed mocnosti.<\/p>\n<figure id=\"attachment_58582\" class=\"wp-caption aligncenter\" style=\"width: 698px;\"><a href=\"https:\/\/aeronet.news\/wp-content\/uploads\/SaudiArabiaUNnote.jpg\"><img decoding=\"async\" loading=\"lazy\" class=\"wp-image-58582 \" src=\"https:\/\/aeronet.news\/wp-content\/uploads\/SaudiArabiaUNnote-731x1024.jpg\" sizes=\"(max-width: 700px) 100vw, 700px\" srcset=\"https:\/\/aeronet.news\/wp-content\/uploads\/SaudiArabiaUNnote-731x1024.jpg 731w, https:\/\/aeronet.news\/wp-content\/uploads\/SaudiArabiaUNnote-214x300.jpg 214w, https:\/\/aeronet.news\/wp-content\/uploads\/SaudiArabiaUNnote-768x1076.jpg 768w, https:\/\/aeronet.news\/wp-content\/uploads\/SaudiArabiaUNnote-700x980.jpg 700w, https:\/\/aeronet.news\/wp-content\/uploads\/SaudiArabiaUNnote-255x357.jpg 255w, https:\/\/aeronet.news\/wp-content\/uploads\/SaudiArabiaUNnote-345x483.jpg 345w, https:\/\/aeronet.news\/wp-content\/uploads\/SaudiArabiaUNnote.jpg 914w\" alt=\"\" width=\"698\" height=\"977\" \/><\/a><figcaption class=\"wp-caption-text\">Sa\u00fadsk\u00e1 Ar\u00e1bie vyzvala k mimo\u0159\u00e1dn\u00e9mu zased\u00e1n\u00ed Rady bezpe\u010dnosti OSN kv\u016fli masakru p\u0159i bombardov\u00e1n\u00ed uprchlick\u00fdch t\u00e1bor\u016f v Raf\u00e1hu<\/figcaption><\/figure>\n<p>Tedy \u00fapln\u011b to sam\u00e9, co prov\u00e1d\u011bla n\u011bmeck\u00e1 arm\u00e1da na \u00fazem\u00ed Sov\u011btsk\u00e9ho svazu b\u011bhem operace\u00a0<em>Barbarossa<\/em>. Postup byl \u00fapln\u011b stejn\u00fd. Wehrmacht vyh\u00e1n\u011bl Sov\u011btskou arm\u00e1du.\u00a0<strong>Za wehrmachtem postupovaly odd\u00edly SS, kter\u00e9 srovn\u00e1valy vesnice a m\u011bsta se zem\u00ed, a to s c\u00edlem etnick\u00e9ho za\u010di\u0161t\u011bn\u00ed, aby se do t\u011bch vesnic u\u017e nemohli p\u016fvodn\u00ed obyvatel\u00e9 vr\u00e1tit, aby nebylo kam se vr\u00e1tit.<\/strong><\/p>\n<p>Uvoln\u011bn\u00e9 pozemky po v\u00edt\u011bzn\u00e9 v\u00e1lce m\u011bl nov\u011b z\u0159\u00edzen\u00fd\u00a0<strong><em>\u0158\u00ed\u0161sk\u00fd osidlovac\u00ed \u00fa\u0159ad<\/em><\/strong>, kter\u00fd m\u011bl spadat shodou okolnosti pod Reinharda Heydricha, p\u0159erozd\u011blovat n\u011bmeck\u00fdm voj\u00e1k\u016fm a n\u011bmeck\u00fdm ob\u010dan\u016fm v r\u00e1mci budov\u00e1n\u00ed evropsk\u00e9ho superst\u00e1tu nazvan\u00e9ho\u00a0<em>Germania<\/em>. Tento \u00fatvar se m\u011bl rozkl\u00e1dat od kan\u00e1lu La Manche a\u017e k poho\u0159\u00ed Uralu v tzv. 1. pov\u00e1le\u010dn\u00e9 f\u00e1zi. Druh\u00e1 f\u00e1ze, pl\u00e1novan\u00e1 na dobu 10 let po v\u00e1lce, m\u011bla obsadit prostor SSSR za Uralem. Je prozaick\u00e9, \u017ee sionistick\u00fd st\u00e1t Izrael pou\u017e\u00edv\u00e1 na vyhlazov\u00e1n\u00ed Palestinc\u016f a jejich vyh\u00e1n\u011bn\u00ed z Gazy \u00fapln\u011b stejnou metodiku jako Wehrmacht a SS. Za arm\u00e1dou postupuj\u00ed demoli\u010dn\u00ed jednotky, kter\u00e9 chystaj\u00ed pozemky pro nov\u00e9 majitele po v\u00e1lce. Takov\u00e1 je realita v Gaze. Takov\u00e1 je pravda o sionistick\u00e9m st\u00e1tu Izrael!<\/p>\n<p><a href=\"https:\/\/aeronet.news\/izraelska-armada-vybombardovala-uprchlicky-tabor-v-rafahu-z-mista-uniklo-sokujici-video-po-dopadu-nekolika-500-libernich-bomb-mezi-stany-s-uprchliky-stihacky-znicily-ve-meste-i-dve-mesity\/\">-VK- \u0160\u00e9fredaktor AE News<\/a><\/p>\n<p>&nbsp;<\/p>\n<p><a href=\"https:\/\/stranapro.cz\/\"><img decoding=\"async\" loading=\"lazy\" class=\"wp-image-40286 aligncenter\" src=\"http:\/\/www.infokuryr.cz\/n\/wp-content\/uploads\/2023\/11\/12pro-300x87.png\" alt=\"\" width=\"910\" height=\"264\" srcset=\"https:\/\/www.infokuryr.cz\/n\/wp-content\/uploads\/2023\/11\/12pro-300x87.png 300w, https:\/\/www.infokuryr.cz\/n\/wp-content\/uploads\/2023\/11\/12pro.png 366w\" sizes=\"(max-width: 910px) 100vw, 910px\" \/><\/a><\/p>\n<p>&nbsp;<\/p>\n<p>&nbsp;<\/p>\n","protected":false},"excerpt":{"rendered":"<p>Izraelsk\u00e1 arm\u00e1da vybombardovala uprchlick\u00fd t\u00e1bor v Raf\u00e1hu, z m\u00edsta uniklo \u0161okuj\u00edc\u00ed video po dopadu n\u011bkolika&#8230;<\/p>\n","protected":false},"author":2,"featured_media":46910,"comment_status":"closed","ping_status":"closed","sticky":false,"template":"","format":"standard","meta":[],"categories":[6],"tags":[1128,348,178,107,29],"_links":{"self":[{"href":"https:\/\/www.infokuryr.cz\/n\/wp-json\/wp\/v2\/posts\/46909"}],"collection":[{"href":"https:\/\/www.infokuryr.cz\/n\/wp-json\/wp\/v2\/posts"}],"about":[{"href":"https:\/\/www.infokuryr.cz\/n\/wp-json\/wp\/v2\/types\/post"}],"author":[{"embeddable":true,"href":"https:\/\/www.infokuryr.cz\/n\/wp-json\/wp\/v2\/users\/2"}],"replies":[{"embeddable":true,"href":"https:\/\/www.infokuryr.cz\/n\/wp-json\/wp\/v2\/comments?post=46909"}],"version-history":[{"count":0,"href":"https:\/\/www.infokuryr.cz\/n\/wp-json\/wp\/v2\/posts\/46909\/revisions"}],"wp:featuredmedia":[{"embeddable":true,"href":"https:\/\/www.infokuryr.cz\/n\/wp-json\/wp\/v2\/media\/46910"}],"wp:attachment":[{"href":"https:\/\/www.infokuryr.cz\/n\/wp-json\/wp\/v2\/media?parent=46909"}],"wp:term":[{"taxonomy":"category","embeddable":true,"href":"https:\/\/www.infokuryr.cz\/n\/wp-json\/wp\/v2\/categories?post=46909"},{"taxonomy":"post_tag","embeddable":true,"href":"https:\/\/www.infokuryr.cz\/n\/wp-json\/wp\/v2\/tags?post=46909"}],"curies":[{"name":"wp","href":"https:\/\/api.w.org\/{rel}","templated":true}]}}