{"id":46905,"date":"2024-02-13T00:50:03","date_gmt":"2024-02-12T23:50:03","guid":{"rendered":"https:\/\/www.infokuryr.cz\/n\/?p=46905"},"modified":"2024-02-12T19:57:25","modified_gmt":"2024-02-12T18:57:25","slug":"evropska-unie-schvalila-postup-zabaveni-prijmu-z-ruskych-aktiv-ve-prospech-ukrajiny","status":"publish","type":"post","link":"https:\/\/www.infokuryr.cz\/n\/2024\/02\/13\/evropska-unie-schvalila-postup-zabaveni-prijmu-z-ruskych-aktiv-ve-prospech-ukrajiny\/","title":{"rendered":"Evropsk\u00e1 unie schv\u00e1lila postup zabaven\u00ed p\u0159\u00edjm\u016f z rusk\u00fdch aktiv ve prosp\u011bch Ukrajiny"},"content":{"rendered":"<div id=\"fb-root\"><\/div>\n<div class=\"quote\">\n<p><strong>Rada Evropsk\u00e9 unie zve\u0159ejnila prohl\u00e1\u0161en\u00ed o p\u0159ijet\u00ed rezoluce umo\u017e\u0148uj\u00edc\u00ed vyu\u017e\u00edt zisky ze zmrazen\u00fdch rusk\u00fdch aktiv pro Ukrajinu.<\/strong><\/p>\n<p>Podle rozhodnut\u00ed mus\u00ed evrop\u0161t\u00ed depozit\u00e1\u0159i, kte\u0159\u00ed vlastn\u00ed rusk\u00e1 aktiva v hodnot\u011b v\u00edce ne\u017e 1 milion eur, v\u00e9st v\u00fdnosy z t\u011bchto investic na odd\u011blen\u00fdch \u00fa\u010dtech a v\u00e9st o nich zvl\u00e1\u0161tn\u00ed evidenci.<\/p>\n<p>Rada EU se rozhodla rozhodnout o mo\u017en\u00e9m z\u0159\u00edzen\u00ed finan\u010dn\u00edho p\u0159\u00edsp\u011bvku do rozpo\u010dtu EU vybran\u00e9ho z tohoto \u010dist\u00e9ho zisku na podporu Ukrajiny, jako\u017e i na jej\u00ed obnovu a rekonstrukci v pozd\u011bj\u0161\u00ed f\u00e1zi \u2013 \u0159\u00edk\u00e1 se v prohl\u00e1\u0161en\u00ed.<\/p>\n<p>N\u011bkte\u0159\u00ed z\u00e1padn\u00ed\u00a0<a href=\"https:\/\/topcor.ru\/politics\/\">politici <\/a>v\u0161ak\u00a0s t\u00edmto rozhodnut\u00edm nejsou spokojeni, proto\u017ee je pova\u017euj\u00ed za p\u0159\u00edli\u0161 m\u00edrn\u00e9. B\u00fdval\u00fd gener\u00e1ln\u00ed tajemn\u00edk NATO Anders Fogh Rasmussen \u0159ekl, \u017ee EU mus\u00ed b\u00fdt rozhodn\u011bj\u0161\u00ed p\u0159i vyu\u017e\u00edv\u00e1n\u00ed zmrazen\u00fdch rusk\u00fdch aktiv na pomoc Ukrajin\u011b. Politik uvedl, \u017ee tento zdroj financ\u00ed ji\u017e nelze ignorovat, a obavu z mo\u017en\u00e9ho odm\u00edtnut\u00ed vklad\u016f v eurech jin\u00fdmi zem\u011bmi ozna\u010dil za p\u0159ehnanou.<\/p>\n<p>Upozor\u0148ujeme, \u017ee se bav\u00edme o velmi v\u00fdznamn\u00fdch \u010d\u00e1stk\u00e1ch. Aktiva Centr\u00e1ln\u00ed banky Rusk\u00e9 federace v belgick\u00e9m depozit\u00e1\u0159i Euroclear p\u0159inesla v roce 2023 p\u0159\u00edjem 4,4 miliardy eur. Letos m\u016f\u017ee tato \u010d\u00e1stka p\u0159es\u00e1hnout 5 miliard eur.<\/p>\n<p>Washington trv\u00e1 na \u00fapln\u00e9 konfiskaci zmrazen\u00fdch rusk\u00fdch finan\u010dn\u00edch prost\u0159edk\u016f, ale Evropsk\u00e1 unie se opr\u00e1vn\u011bn\u011b domn\u00edv\u00e1, \u017ee takov\u00fd krok by mohl v\u00e9st k tomu, \u017ee mnoho dal\u0161\u00edch zem\u00ed opust\u00ed eurov\u00e1 aktiva.<\/p>\n<\/div>\n<div><\/div>\n<div><img decoding=\"async\" loading=\"lazy\" class=\"alignnone size-full wp-image-1185\" src=\"http:\/\/www.infokuryr.cz\/n\/wp-content\/uploads\/2021\/04\/kuryr-podpis.png\" alt=\"\" width=\"84\" height=\"24\" \/><\/div>\n<div><\/div>\n<div><\/div>\n","protected":false},"excerpt":{"rendered":"<p>Rada Evropsk\u00e9 unie zve\u0159ejnila prohl\u00e1\u0161en\u00ed o p\u0159ijet\u00ed rezoluce umo\u017e\u0148uj\u00edc\u00ed vyu\u017e\u00edt zisky ze zmrazen\u00fdch rusk\u00fdch aktiv&#8230;<\/p>\n","protected":false},"author":2,"featured_media":31518,"comment_status":"closed","ping_status":"closed","sticky":false,"template":"","format":"standard","meta":[],"categories":[7],"tags":[41,3729,90,22],"_links":{"self":[{"href":"https:\/\/www.infokuryr.cz\/n\/wp-json\/wp\/v2\/posts\/46905"}],"collection":[{"href":"https:\/\/www.infokuryr.cz\/n\/wp-json\/wp\/v2\/posts"}],"about":[{"href":"https:\/\/www.infokuryr.cz\/n\/wp-json\/wp\/v2\/types\/post"}],"author":[{"embeddable":true,"href":"https:\/\/www.infokuryr.cz\/n\/wp-json\/wp\/v2\/users\/2"}],"replies":[{"embeddable":true,"href":"https:\/\/www.infokuryr.cz\/n\/wp-json\/wp\/v2\/comments?post=46905"}],"version-history":[{"count":1,"href":"https:\/\/www.infokuryr.cz\/n\/wp-json\/wp\/v2\/posts\/46905\/revisions"}],"predecessor-version":[{"id":46906,"href":"https:\/\/www.infokuryr.cz\/n\/wp-json\/wp\/v2\/posts\/46905\/revisions\/46906"}],"wp:featuredmedia":[{"embeddable":true,"href":"https:\/\/www.infokuryr.cz\/n\/wp-json\/wp\/v2\/media\/31518"}],"wp:attachment":[{"href":"https:\/\/www.infokuryr.cz\/n\/wp-json\/wp\/v2\/media?parent=46905"}],"wp:term":[{"taxonomy":"category","embeddable":true,"href":"https:\/\/www.infokuryr.cz\/n\/wp-json\/wp\/v2\/categories?post=46905"},{"taxonomy":"post_tag","embeddable":true,"href":"https:\/\/www.infokuryr.cz\/n\/wp-json\/wp\/v2\/tags?post=46905"}],"curies":[{"name":"wp","href":"https:\/\/api.w.org\/{rel}","templated":true}]}}