{"id":46895,"date":"2024-02-13T00:49:59","date_gmt":"2024-02-12T23:49:59","guid":{"rendered":"https:\/\/www.infokuryr.cz\/n\/?p=46895"},"modified":"2024-02-12T19:21:52","modified_gmt":"2024-02-12T18:21:52","slug":"piero-messina-brusel-zakazuje-proruske-vazby-v-evrope","status":"publish","type":"post","link":"https:\/\/www.infokuryr.cz\/n\/2024\/02\/13\/piero-messina-brusel-zakazuje-proruske-vazby-v-evrope\/","title":{"rendered":"Piero Messina: Brusel zakazuje prorusk\u00e9 vazby v Evrop\u011b"},"content":{"rendered":"<div id=\"fb-root\"><\/div>\n<p><strong>P9_TA(2024)0079: toto je k\u00f3d k zapamatov\u00e1n\u00ed. Je to zkratka usnesen\u00ed Evropsk\u00e9ho parlamentu, odhlasovan\u00e9ho 8. \u00fanora. T\u00edmto rozhodnut\u00edm se Brusel rozhodl \u201ezak\u00e1zat jak\u00fdkoli subjekt, kter\u00fd m\u00e1 p\u0159\u00edm\u00e9 nebo nep\u0159\u00edm\u00e9 vztahy s ruskou vl\u00e1dou\u201c, co\u017e je postup, v n\u011bm\u017e EU hodl\u00e1 pokra\u010dovat s doporu\u010den\u00edm \u201eu\u017e\u0161\u00ed spolupr\u00e1ce s NATO\u201c.<\/strong><\/p>\n<p>Brusel k tomuto rozhodnut\u00ed dosp\u011bl po letech anal\u00fdz na t\u00e9ma Russiagate, co\u017e je spis, kter\u00fd podporuje obvin\u011bn\u00ed z rusk\u00e9ho vm\u011b\u0161ov\u00e1n\u00ed do demokratick\u00fdch proces\u016f Evropsk\u00e9 unie. Pro Evropsk\u00fd parlament je \u201ezahrani\u010dn\u00ed vm\u011b\u0161ov\u00e1n\u00ed syst\u00e9movou hrozbou, kter\u00e9 je t\u0159eba \u010delit odhodlan\u011b, hybridn\u00ed v\u00e1lka a manipulace s informacemi a zahrani\u010dn\u00ed vm\u011b\u0161ov\u00e1n\u00ed nejsou pouze ot\u00e1zkami zahrani\u010dn\u00ed politiky a bezpe\u010dnosti, ale ve skute\u010dnosti ohro\u017euj\u00ed skute\u010dn\u00fd z\u00e1klad na\u0161ich demokraci\u00ed\u201c.<\/p>\n<p>V teoretick\u00e9 rovin\u011b je to dokonce pochopiteln\u00e9. Na druhou stranu v Bruselu maj\u00ed jist\u011b pln\u00e9 pov\u011bdom\u00ed o tom, jak lze manipulovat s demokratick\u00fdm charakterem zem\u011b. Je to historie, kter\u00e1 n\u00e1m to p\u0159ipom\u00edn\u00e1. Vyvol\u00e1n\u00ed u\u017e\u0161\u00ed spolupr\u00e1ce s NATO n\u00e1s m\u016f\u017ee vr\u00e1tit pouze do doby studen\u00e9 v\u00e1lky, kdy NATO pro kontrolu z\u00e1padn\u00edch demokraci\u00ed vytvo\u0159ilo mocnou tajnou s\u00ed\u0165: Z\u016fsta\u0148 pozadu. Tato s\u00ed\u0165 obklopila Velkou Brit\u00e1nii, N\u011bmecko, It\u00e1lii, Nizozemsko, \u0158ecko, Francii, Belgii, \u0160v\u00fdcarsko a dokonce i Austr\u00e1lii, kdo v\u00ed pro\u010d.<\/p>\n<p>Posl\u00e1n\u00ed Stay Behind bylo jednoduch\u00e9 a jasn\u00e9: sest\u00e1valo z organizace tajn\u00e9 s\u00edt\u011b (ne nutn\u011b vojensk\u00e9ho typu), kter\u00e1 m\u011bla z\u016fstat na m\u00edst\u011b (z\u016fstat v angli\u010dtin\u011b), a to i v p\u0159\u00edpad\u011b nep\u0159\u00e1telsk\u00e9 okupace, kter\u00e1 nut\u00ed pravideln\u00e9 vojensk\u00e9 s\u00edly. opustit pole a podniknout kroky k operaci uvnit\u0159 vlastn\u00ed zem\u011b za nep\u0159\u00e1telsk\u00fdmi liniemi (anglicky za nep\u0159\u00e1telsk\u00fdmi liniemi). P\u0159\u00edprava spo\u010d\u00edv\u00e1 ve vytvo\u0159en\u00ed z\u00e1sob zbran\u00ed a v\u00fdcviku dobrovoln\u00edk\u016f pova\u017eovan\u00fdch za vysoce spolehliv\u00e9, rekrutovan\u00fdch z \u0159ad ob\u010dansk\u00e9 spole\u010dnosti, p\u0159ipraven\u00fdch zas\u00e1hnout pro \u00fakoly, jako je z\u00edsk\u00e1v\u00e1n\u00ed informac\u00ed pro zpravodajsk\u00e9 \u00fa\u010dely, propaganda k pos\u00edlen\u00ed pocitu odporu mezi obyvatelstvem , sabot\u00e1\u017e, p\u0159\u00edprava p\u0159ekvapiv\u00e9ho \u00fatoku, podpora vojensk\u00fdch operac\u00ed (nap\u0159. ukryt\u00ed sest\u0159elen\u00fdch pilot\u016f), \u00fanosy nebo eliminace kl\u00ed\u010dov\u00fdch osob, napom\u00e1h\u00e1n\u00ed povst\u00e1n\u00ed a\u017e po st\u00e1tn\u00ed p\u0159evrat .<\/p>\n<p>Krok Bruselu je tedy tot\u00e1ln\u00ed uzav\u0159en\u00ed s euroasijsk\u00fdm sv\u011btem, skok o t\u0159icet let zp\u011bt pro novou studenou v\u00e1lku a pravd\u011bpodobn\u011b nejen studenou. Hlavn\u00ed starost\u00ed evropsk\u00e9 byrokracie jsou volby v roce 2024, kdy bude obnoven Evropsk\u00fd parlament a v\u0161e nasv\u011bd\u010duje drtiv\u00e9mu v\u00edt\u011bzstv\u00ed \u201esuver\u00e9nn\u00edch\u201c sil.<\/p>\n<p>Pro Brusel ve skute\u010dnosti \u201eKreml \u0159\u00edd\u00ed rozs\u00e1hlou s\u00ed\u0165 \u010dinitel\u016f vlivu v cel\u00e9 EU, kte\u0159\u00ed ovliv\u0148ovali volebn\u00ed procesy a politiky v z\u00e1sadn\u00edch strategick\u00fdch ot\u00e1zk\u00e1ch, jako je energetick\u00e1 infrastruktura; vzhledem k tomu, \u017ee tito \u010dinitel\u00e9 vlivu se aktivn\u011b zam\u011b\u0159uj\u00ed na v\u0161echny oblasti ve\u0159ejn\u00e9ho \u017eivota, zejm\u00e9na na kulturu, historickou pam\u011b\u0165, m\u00e9dia a n\u00e1bo\u017eensk\u00e9 komunity, jako\u017e i na politiky a jejich rodiny; \u017ee des\u00edtky vy\u0161et\u0159ov\u00e1n\u00ed prok\u00e1zaly vazby mezi v\u00fdznamn\u00fdmi evropsk\u00fdmi politick\u00fdmi a ve\u0159ejn\u00fdmi \u010diniteli, aktivn\u00edmi i v d\u016fchodu.\u201c<\/p>\n<p><strong>Zpr\u00e1va, kter\u00e1 znamen\u00e1 konec jak\u00e9hokoli vztahu mezi Bruselem a Moskvou, obsahuje tak\u00e9 seznam \u201ezl\u00fdch lid\u00ed\u201c. V hled\u00e1\u010dku Evropsk\u00e9ho parlamentu, a to nen\u00ed nic nov\u00e9ho, jsou strana Marine Le Penov\u00e9 (za p\u016fj\u010dku 9,4 milionu EUR v roce 2013), n\u011bmeck\u00e1 strana AfD (vyhl\u00e1\u0161en\u00e1 jako v\u00edt\u011bzn\u00e1 podle v\u0161ech politick\u00fdch pr\u016fzkum\u016f) a Liga Mattea Salviniho v It\u00e1lii . B\u00fdval\u00fd n\u011bmeck\u00fd premi\u00e9r Gerhard Schr\u00f6der je rovn\u011b\u017e obvin\u011bn ze z\u00edsk\u00e1v\u00e1n\u00ed \u201ezakrv\u00e1cen\u00fdch\u201c pen\u011bz z Moskvy. Odkaz se t\u00fdk\u00e1 Schr\u00f6derovy role ve spole\u010dnosti, kter\u00e1 spravuje plynovod Nordtsream. V hled\u00e1\u010dku skon\u010dila i z\u00e1stupkyn\u011b \u010dten\u00e1\u0159ky Tatiana \u017ddanoka, kter\u00e1 je pova\u017eov\u00e1na za \u0161pionku ve slu\u017eb\u00e1ch rusk\u00e9 rozv\u011bdky. \u017ddanoka byla obvin\u011bna z nav\u00e1z\u00e1n\u00ed vztah\u016f s agenty rusk\u00e9 tajn\u00e9 slu\u017eby. Novin\u00e1\u0159\u016fm webu Insider \u017ddanoka odpov\u011bd\u011bla, \u017ee \u201emohu dosv\u011bd\u010dit, \u017ee jedin\u00ed lid\u00e9, se kter\u00fdmi jsem sed\u011bla u jednoho stolu, a s jist\u00fdm v\u011bdom\u00edm, \u017ee jsou\/byli rusk\u00fdmi d\u016fstojn\u00edky FSB, jsou Vladimir Putin a Sergej Nary\u0161kin\u201c a \u017ee \u201etento text nemohu pova\u017eovat za ot\u00e1zky, kter\u00e9 mi byly polo\u017eeny, proto\u017ee je zalo\u017een na informac\u00edch, kter\u00e9 \u00fadajn\u011b m\u00e1te a kter\u00e9 byste podle definice nem\u011bli m\u00edt.\u201c<\/strong><\/p>\n<p><em>Piero Messina<\/em><\/p>\n<p>&nbsp;<\/p>\n<p>&nbsp;<\/p>\n","protected":false},"excerpt":{"rendered":"<p>P9_TA(2024)0079: toto je k\u00f3d k zapamatov\u00e1n\u00ed. Je to zkratka usnesen\u00ed Evropsk\u00e9ho parlamentu, odhlasovan\u00e9ho 8. \u00fanora&#8230;.<\/p>\n","protected":false},"author":2,"featured_media":1114,"comment_status":"closed","ping_status":"closed","sticky":false,"template":"","format":"standard","meta":[],"categories":[7],"tags":[640,41,4985,114],"_links":{"self":[{"href":"https:\/\/www.infokuryr.cz\/n\/wp-json\/wp\/v2\/posts\/46895"}],"collection":[{"href":"https:\/\/www.infokuryr.cz\/n\/wp-json\/wp\/v2\/posts"}],"about":[{"href":"https:\/\/www.infokuryr.cz\/n\/wp-json\/wp\/v2\/types\/post"}],"author":[{"embeddable":true,"href":"https:\/\/www.infokuryr.cz\/n\/wp-json\/wp\/v2\/users\/2"}],"replies":[{"embeddable":true,"href":"https:\/\/www.infokuryr.cz\/n\/wp-json\/wp\/v2\/comments?post=46895"}],"version-history":[{"count":1,"href":"https:\/\/www.infokuryr.cz\/n\/wp-json\/wp\/v2\/posts\/46895\/revisions"}],"predecessor-version":[{"id":46896,"href":"https:\/\/www.infokuryr.cz\/n\/wp-json\/wp\/v2\/posts\/46895\/revisions\/46896"}],"wp:featuredmedia":[{"embeddable":true,"href":"https:\/\/www.infokuryr.cz\/n\/wp-json\/wp\/v2\/media\/1114"}],"wp:attachment":[{"href":"https:\/\/www.infokuryr.cz\/n\/wp-json\/wp\/v2\/media?parent=46895"}],"wp:term":[{"taxonomy":"category","embeddable":true,"href":"https:\/\/www.infokuryr.cz\/n\/wp-json\/wp\/v2\/categories?post=46895"},{"taxonomy":"post_tag","embeddable":true,"href":"https:\/\/www.infokuryr.cz\/n\/wp-json\/wp\/v2\/tags?post=46895"}],"curies":[{"name":"wp","href":"https:\/\/api.w.org\/{rel}","templated":true}]}}