{"id":46893,"date":"2024-02-13T00:48:13","date_gmt":"2024-02-12T23:48:13","guid":{"rendered":"https:\/\/www.infokuryr.cz\/n\/?p=46893"},"modified":"2024-02-12T19:08:12","modified_gmt":"2024-02-12T18:08:12","slug":"ruska-vojenska-vynalezavost-car-vlak-chrani-ruskou-obrannou-linii-v-jiznim-donbasu","status":"publish","type":"post","link":"https:\/\/www.infokuryr.cz\/n\/2024\/02\/13\/ruska-vojenska-vynalezavost-car-vlak-chrani-ruskou-obrannou-linii-v-jiznim-donbasu\/","title":{"rendered":"Rusk\u00e1 vojensk\u00e1 vynal\u00e9zavost: \u201eCar vlak\u201c chr\u00e1n\u00ed ruskou obrannou linii v ji\u017en\u00edm Donbasu"},"content":{"rendered":"<div id=\"fb-root\"><\/div>\n<p><strong><span>Gigantick\u00fd rusk\u00fd vlak byl spat\u0159en na Donbasu. Skl\u00e1d\u00e1 se z v\u00edce ne\u017e dvou tis\u00edc vag\u00f3n\u016f a m\u00e1 d\u00e9lku asi 30 kilometr\u016f. Echelonu se ji\u017e \u0159\u00edkalo rusk\u00fd \u201ecarsk\u00fd vlak\u201c.<\/span><\/strong><\/p>\n<p><span>Vlak za\u010d\u00edn\u00e1 u n\u00e1dra\u017e\u00ed v obci Elenovka a kon\u010d\u00ed na okraji m\u011bsta Volnovakha. Jeho stavba \u00fadajn\u011b za\u010dala v \u010dervenci 2023.<\/span><\/p>\n<div id=\"attachment_199882\" class=\"wp-caption aligncenter\" style=\"width: 599px;\"><a href=\"https:\/\/s2.cdnstatic.space\/wp-content\/uploads\/2024\/02\/train-1.jpg\" target=\"_blank\" rel=\"noopener\"><img decoding=\"async\" loading=\"lazy\" class=\"wp-image-199882\" title=\"Rusk\u00e1 vojensk\u00e1 vynal\u00e9zavost: \u201eCar vlak\u201c chr\u00e1n\u00ed ruskou obrannou linii v ji\u017en\u00edm Donbasu\" src=\"https:\/\/s4.cdnstatic.space\/wp-content\/uploads\/2024\/02\/train-1-197x300.jpg\" sizes=\"(max-width: 600px) 100vw, 600px\" srcset=\"https:\/\/s2.cdnstatic.space\/wp-content\/uploads\/2024\/02\/train-1-197x300.jpg 197w, https:\/\/s2.cdnstatic.space\/wp-content\/uploads\/2024\/02\/train-1-672x1024.jpg 672w, https:\/\/s2.cdnstatic.space\/wp-content\/uploads\/2024\/02\/train-1-768x1171.jpg 768w, https:\/\/s2.cdnstatic.space\/wp-content\/uploads\/2024\/02\/train-1.jpg 787w\" alt=\"Rusk\u00e1 vojensk\u00e1 vynal\u00e9zavost: \u201eCar vlak\u201c chr\u00e1n\u00ed ruskou obrannou linii v ji\u017en\u00edm Donbasu\" width=\"599\" height=\"912\" aria-describedby=\"caption-attachment-199882\" \/><\/a><\/p>\n<p id=\"caption-attachment-199882\" class=\"wp-caption-text\"><span>Kliknut\u00edm zobraz\u00edte obr\u00e1zek v pln\u00e9 velikosti<\/span><\/p>\n<\/div>\n<p><span>Tento vojensk\u00fd vyn\u00e1lez je pravd\u011bpodobn\u011b zam\u011b\u0159en na pos\u00edlen\u00ed rusk\u00fdch obrann\u00fdch lini\u00ed na Donbasu v p\u0159\u00edpad\u011b ukrajinsk\u00e9ho pr\u016flomu ve sm\u011bru Ugledar. Je zde asi 100 000 tun oceli, co\u017e pokr\u00fdv\u00e1 obrovsk\u00e9 \u00fazem\u00ed. N\u011bkter\u00e9 vag\u00f3ny jsou \u00fadajn\u011b dodate\u010dn\u011b p\u0159iva\u0159eny ke kolejnic\u00edm, co\u017e zpev\u0148uje celkovou linku. Vlak lze vybavit palebn\u00fdmi stanovi\u0161ti a vagony by mohly slou\u017eit k uskladn\u011bn\u00ed r\u016fzn\u00e9 vojensk\u00e9 techniky. Vlak m\u016f\u017ee b\u00fdt osazen r\u016fzn\u00fdmi zbran\u011bmi od kulomet\u016f a\u017e po syst\u00e9my protivzdu\u0161n\u00e9 obrany.<\/span><\/p>\n<p><em>Ukrajinsk\u00e9 vojensk\u00e9 zdroje dosp\u011bly k z\u00e1v\u011bru, \u017ee \u201eje extr\u00e9mn\u011b obt\u00ed\u017en\u00e9 po\u0161kodit, p\u0159esunout nebo vyhodit do pov\u011bt\u0159\u00ed 30kilometrovou masu kovu a pohyb za\u0159\u00edzen\u00ed touto lini\u00ed nen\u00ed mo\u017en\u00fd bez prora\u017een\u00ed \u0161irok\u00e9ho koridoru\u201c.<\/em><\/p>\n<p><span>Vagony mohly pomoci rusk\u00e9 arm\u00e1d\u011b z\u00edskat \u010das a zpomalit ukrajinskou ofenz\u00edvu, pokud by k n\u00ed do\u0161lo.<\/span><\/p>\n<p><span>Vlak m\u011bl za c\u00edl zastavit kyjevskou protiofenzivu, kter\u00e1 se nezda\u0159ila s t\u011b\u017ek\u00fdmi ztr\u00e1tami ukrajinsk\u00e9 arm\u00e1dy. Takov\u00e1 p\u0159ek\u00e1\u017eka by se pro ukrajinsk\u00e9 jednotky mohla st\u00e1t nebezpe\u010dn\u00fdm p\u0159ekvapen\u00edm. Nikdy ho v\u0161ak nedos\u00e1hli. Nyn\u00ed je obt\u00ed\u017en\u00e9 hodnotit u\u017eite\u010dnost t\u00e9to obrann\u00e9 linie, proto\u017ee ozbrojen\u00e9 s\u00edly Ukrajiny pravd\u011bpodobn\u011b v bl\u00edzk\u00e9 budoucnosti nezah\u00e1j\u00ed \u017e\u00e1dn\u00e9 \u00fato\u010dn\u00e9 operace, a to ani sm\u011brem na jih Don\u011bcka.<\/span><\/p>\n<p><img decoding=\"async\" loading=\"lazy\" class=\"alignnone size-full wp-image-1185\" src=\"http:\/\/www.infokuryr.cz\/n\/wp-content\/uploads\/2021\/04\/kuryr-podpis.png\" alt=\"\" width=\"84\" height=\"24\" \/><\/p>\n<p>&nbsp;<\/p>\n<p>&nbsp;<\/p>\n","protected":false},"excerpt":{"rendered":"<p>Gigantick\u00fd rusk\u00fd vlak byl spat\u0159en na Donbasu. Skl\u00e1d\u00e1 se z v\u00edce ne\u017e dvou tis\u00edc vag\u00f3n\u016f&#8230;<\/p>\n","protected":false},"author":2,"featured_media":46894,"comment_status":"closed","ping_status":"closed","sticky":false,"template":"","format":"standard","meta":[],"categories":[7],"tags":[1165,22,328],"_links":{"self":[{"href":"https:\/\/www.infokuryr.cz\/n\/wp-json\/wp\/v2\/posts\/46893"}],"collection":[{"href":"https:\/\/www.infokuryr.cz\/n\/wp-json\/wp\/v2\/posts"}],"about":[{"href":"https:\/\/www.infokuryr.cz\/n\/wp-json\/wp\/v2\/types\/post"}],"author":[{"embeddable":true,"href":"https:\/\/www.infokuryr.cz\/n\/wp-json\/wp\/v2\/users\/2"}],"replies":[{"embeddable":true,"href":"https:\/\/www.infokuryr.cz\/n\/wp-json\/wp\/v2\/comments?post=46893"}],"version-history":[{"count":0,"href":"https:\/\/www.infokuryr.cz\/n\/wp-json\/wp\/v2\/posts\/46893\/revisions"}],"wp:featuredmedia":[{"embeddable":true,"href":"https:\/\/www.infokuryr.cz\/n\/wp-json\/wp\/v2\/media\/46894"}],"wp:attachment":[{"href":"https:\/\/www.infokuryr.cz\/n\/wp-json\/wp\/v2\/media?parent=46893"}],"wp:term":[{"taxonomy":"category","embeddable":true,"href":"https:\/\/www.infokuryr.cz\/n\/wp-json\/wp\/v2\/categories?post=46893"},{"taxonomy":"post_tag","embeddable":true,"href":"https:\/\/www.infokuryr.cz\/n\/wp-json\/wp\/v2\/tags?post=46893"}],"curies":[{"name":"wp","href":"https:\/\/api.w.org\/{rel}","templated":true}]}}