{"id":46881,"date":"2024-02-13T00:45:58","date_gmt":"2024-02-12T23:45:58","guid":{"rendered":"https:\/\/www.infokuryr.cz\/n\/?p=46881"},"modified":"2024-02-12T18:49:05","modified_gmt":"2024-02-12T17:49:05","slug":"hizballah-se-zameruje-na-izraelske-pohranicni-oblasti-zverejnil-zabery-nedavnych-utoku","status":"publish","type":"post","link":"https:\/\/www.infokuryr.cz\/n\/2024\/02\/13\/hizballah-se-zameruje-na-izraelske-pohranicni-oblasti-zverejnil-zabery-nedavnych-utoku\/","title":{"rendered":"Hizball\u00e1h se zam\u011b\u0159uje na izraelsk\u00e9 pohrani\u010dn\u00ed oblasti, zve\u0159ejnil z\u00e1b\u011bry ned\u00e1vn\u00fdch \u00fatok\u016f"},"content":{"rendered":"<div id=\"fb-root\"><\/div>\n<p><strong><span>11. \u00fanora zah\u00e1jil Hizball\u00e1h dal\u0161\u00ed s\u00e9rii \u00fatok\u016f proti izraelsk\u00fdm obrann\u00fdm sil\u00e1m (IDF) ze sv\u00e9ho srdce, ji\u017en\u00edho Libanonu, na podporu palestinsk\u00e9ho p\u00e1sma Gazy.<\/span><\/strong><\/p>\n<p><span>Ve dvou samostatn\u00fdch prohl\u00e1\u0161en\u00edch Hizball\u00e1h uvedl, \u017ee jeho bojovn\u00edci se zam\u011b\u0159ili na sledovac\u00ed za\u0159\u00edzen\u00ed IDF v lokalit\u00e1ch Ruwaisat al-Alam a al-Abad. V dal\u0161\u00edm prohl\u00e1\u0161en\u00ed skupina ozn\u00e1mila, \u017ee vyp\u00e1lila rakety na Ruwaisat al-Alam.<\/span><\/p>\n<p><span>Hizball\u00e1h tak\u00e9 ve dvou dal\u0161\u00edch prohl\u00e1\u0161en\u00edch uvedl, \u017ee jeho bojovn\u00edci za\u00fato\u010dili na shrom\u00e1\u017ed\u011bn\u00ed izraelsk\u00fdch jednotek v Trihatsk\u00e9m troj\u00faheln\u00edku a ho\u0159e Nadhar.<\/span><\/p>\n<p><span>\u00datoky byly provedeny \u201ena podporu neochv\u011bjn\u00e9ho palestinsk\u00e9ho lidu v p\u00e1smu Gazy a na podporu jejich state\u010dn\u00e9ho a \u010destn\u00e9ho odporu,\u201c uvedl Hizball\u00e1h ve sv\u00fdch prohl\u00e1\u0161en\u00edch.<\/span><\/p>\n<p><span>Samostatn\u011b, vojensk\u00e1 m\u00e9dia Hizball\u00e1hu zve\u0159ejnila videa ukazuj\u00edc\u00ed ned\u00e1vn\u00e9 \u00fatoky na pohrani\u010dn\u00ed m\u00edsta IDF a izraelsk\u00fd pr\u016fzkumn\u00fd dron Skylark, kter\u00fd byl sest\u0159elen nad ji\u017en\u00edm Libanonem.<\/span><\/p>\n<p><iframe loading=\"lazy\" src=\"https:\/\/s2.cdnstatic.space\/wp-content\/uploads\/2024\/02\/ijiji.mp4\" width=\"600\" height=\"338\" data-mce-fragment=\"1\"><\/iframe><\/p>\n<p><iframe loading=\"lazy\" src=\"https:\/\/s2.cdnstatic.space\/wp-content\/uploads\/2024\/02\/Skylark-hd.mp4\" width=\"600\" height=\"338\" data-mce-fragment=\"1\"><\/iframe><\/p>\n<p><span>V reakci na ned\u00e1vn\u00e9 \u00fatoky IDF uvedla, \u017ee provedla \u00fadery na n\u011bkolik m\u00edst Hizball\u00e1hu v ji\u017en\u00edm Libanonu.<\/span><\/p>\n<p><span>M\u00edsta zasa\u017een\u00e1 izraelsk\u00fdmi st\u00edha\u010dkami ve m\u011bst\u011b Marwahin zahrnovala podle IDF odpalovac\u00ed pozici a dal\u0161\u00ed infrastrukturu pou\u017e\u00edvanou Hizball\u00e1hem. Ve m\u011bstech Ramyah, Yaroun a Chihine IDF uvedla, \u017ee zas\u00e1hla pozorovac\u00ed stanovi\u0161t\u011b, budovu a dal\u0161\u00ed infrastrukturu skupiny.<\/span><\/p>\n<p><span>Izraelsk\u00e1 arm\u00e1da nav\u00edc uvedla, \u017ee jej\u00ed s\u00edly zah\u00e1jily palbu na podez\u0159el\u00e9ho spat\u0159en\u00e9ho na okraji m\u011bsta Kafr Kila v ji\u017en\u00edm Libanonu.<\/span><\/p>\n<p><span>Libanonsk\u00e1 m\u00e9dia nehl\u00e1sila \u017e\u00e1dn\u00e9 civiln\u00ed ob\u011bti. \u0160\u00editsk\u00e9 hnut\u00ed Amal, hlavn\u00ed spojenec Hizball\u00e1hu v Libanonu, v\u0161ak truchlilo nad dv\u011bma bojovn\u00edky ze sv\u00e9ho ozbrojen\u00e9ho k\u0159\u00eddla, libanonsk\u00fdmi odbojov\u00fdmi pluky.<\/span><\/p>\n<p><iframe loading=\"lazy\" src=\"https:\/\/s2.cdnstatic.space\/wp-content\/uploads\/2024\/02\/twitsave.com_hXmeYsMBIccMnv3t.mp4\" width=\"600\" height=\"338\" data-mce-fragment=\"1\"><\/iframe><\/p>\n<p><span>Hizball\u00e1h a jeho spojenci, v\u010detn\u011b Hnut\u00ed Ham\u00e1s a dal\u0161\u00edch palestinsk\u00fdch ozbrojen\u00fdch frakc\u00ed, zahajuj\u00ed \u00fatoky z ji\u017en\u00edho Libanonu proti IDF od vypuknut\u00ed v\u00e1lky v Gaze.<\/span><\/p>\n<p><span>K 11. \u00fanoru si st\u0159ety na libanonsko-izraelsk\u00e9 hranici vy\u017e\u00e1daly \u0161est mrtv\u00fdch civilist\u016f na izraelsk\u00e9 stran\u011b a tak\u00e9 dev\u011bt mrtv\u00fdch voj\u00e1k\u016f IDF. Na libanonsk\u00e9 stran\u011b bylo zabito v\u00edce ne\u017e 300 lid\u00ed. Po\u010det zahrnuje 177 bojovn\u00edk\u016f Hizball\u00e1hu, z nich\u017e 14 bylo zabito v S\u00fdrii, 28 Palestinc\u016f, libanonsk\u00e9ho voj\u00e1ka a nejm\u00e9n\u011b 28 civilist\u016f.<\/span><\/p>\n<p><img decoding=\"async\" loading=\"lazy\" class=\"alignnone size-full wp-image-1185\" src=\"http:\/\/www.infokuryr.cz\/n\/wp-content\/uploads\/2021\/04\/kuryr-podpis.png\" alt=\"\" width=\"84\" height=\"24\" \/><\/p>\n<p>&nbsp;<\/p>\n<p>&nbsp;<\/p>\n","protected":false},"excerpt":{"rendered":"<p>11. \u00fanora zah\u00e1jil Hizball\u00e1h dal\u0161\u00ed s\u00e9rii \u00fatok\u016f proti izraelsk\u00fdm obrann\u00fdm sil\u00e1m (IDF) ze sv\u00e9ho srdce,&#8230;<\/p>\n","protected":false},"author":2,"featured_media":44230,"comment_status":"closed","ping_status":"closed","sticky":false,"template":"","format":"standard","meta":[],"categories":[7],"tags":[6772,107,3535,5135],"_links":{"self":[{"href":"https:\/\/www.infokuryr.cz\/n\/wp-json\/wp\/v2\/posts\/46881"}],"collection":[{"href":"https:\/\/www.infokuryr.cz\/n\/wp-json\/wp\/v2\/posts"}],"about":[{"href":"https:\/\/www.infokuryr.cz\/n\/wp-json\/wp\/v2\/types\/post"}],"author":[{"embeddable":true,"href":"https:\/\/www.infokuryr.cz\/n\/wp-json\/wp\/v2\/users\/2"}],"replies":[{"embeddable":true,"href":"https:\/\/www.infokuryr.cz\/n\/wp-json\/wp\/v2\/comments?post=46881"}],"version-history":[{"count":0,"href":"https:\/\/www.infokuryr.cz\/n\/wp-json\/wp\/v2\/posts\/46881\/revisions"}],"wp:featuredmedia":[{"embeddable":true,"href":"https:\/\/www.infokuryr.cz\/n\/wp-json\/wp\/v2\/media\/44230"}],"wp:attachment":[{"href":"https:\/\/www.infokuryr.cz\/n\/wp-json\/wp\/v2\/media?parent=46881"}],"wp:term":[{"taxonomy":"category","embeddable":true,"href":"https:\/\/www.infokuryr.cz\/n\/wp-json\/wp\/v2\/categories?post=46881"},{"taxonomy":"post_tag","embeddable":true,"href":"https:\/\/www.infokuryr.cz\/n\/wp-json\/wp\/v2\/tags?post=46881"}],"curies":[{"name":"wp","href":"https:\/\/api.w.org\/{rel}","templated":true}]}}