{"id":46864,"date":"2024-02-13T00:38:12","date_gmt":"2024-02-12T23:38:12","guid":{"rendered":"https:\/\/www.infokuryr.cz\/n\/?p=46864"},"modified":"2024-02-12T17:29:06","modified_gmt":"2024-02-12T16:29:06","slug":"mlady-arabsky-gang-zmlatil-nemecke-teenagery","status":"publish","type":"post","link":"https:\/\/www.infokuryr.cz\/n\/2024\/02\/13\/mlady-arabsky-gang-zmlatil-nemecke-teenagery\/","title":{"rendered":"Mlad\u00fd arabsk\u00fd gang zml\u00e1til n\u011bmeck\u00e9 teenagery"},"content":{"rendered":"<div id=\"fb-root\"><\/div>\n<p><span style=\"font-size: 18pt;\"><strong>N\u00e1sleduj\u00edc\u00ed barevn\u00e9 obohacen\u00ed poch\u00e1z\u00ed z N\u011bmecka:<\/strong><\/span><\/p>\n<p><span>\u201e\u00a0<\/span><em><span>V N\u011bmecku Arab napadne mladou d\u00edvku. Jej\u00ed p\u0159\u00edtel zas\u00e1hne, postav\u00ed se mu a po\u017eaduje odpov\u011bdnost za jeho \u010diny. Pak se houfn\u011b vrhnou dal\u0161\u00ed Arabov\u00e9, aby je brut\u00e1ln\u011b zbili.<\/span><\/em><\/p>\n<p><em><span>Opovr\u017een\u00edhodn\u00e9 chov\u00e1n\u00ed zbab\u011blc\u016f.<\/span><\/em><span>\u00a0\u201c<\/span><\/p>\n<div class=\"twitter-tweet twitter-tweet-rendered\"><iframe id=\"twitter-widget-0\" class=\"\" title=\"X p\u0159\u00edsp\u011bvek\" src=\"https:\/\/platform.twitter.com\/embed\/Tweet.html?dnt=false&amp;embedId=twitter-widget-0&amp;features=eyJ0ZndfdGltZWxpbmVfbGlzdCI6eyJidWNrZXQiOltdLCJ2ZXJzaW9uIjpudWxsfSwidGZ3X2ZvbGxvd2VyX2NvdW50X3N1bnNldCI6eyJidWNrZXQiOnRydWUsInZlcnNpb24iOm51bGx9LCJ0ZndfdHdlZXRfZWRpdF9iYWNrZW5kIjp7ImJ1Y2tldCI6Im9uIiwidmVyc2lvbiI6bnVsbH0sInRmd19yZWZzcmNfc2Vzc2lvbiI6eyJidWNrZXQiOiJvbiIsInZlcnNpb24iOm51bGx9LCJ0ZndfZm9zbnJfc29mdF9pbnRlcnZlbnRpb25zX2VuYWJsZWQiOnsiYnVja2V0Ijoib24iLCJ2ZXJzaW9uIjpudWxsfSwidGZ3X21peGVkX21lZGlhXzE1ODk3Ijp7ImJ1Y2tldCI6InRyZWF0bWVudCIsInZlcnNpb24iOm51bGx9LCJ0ZndfZXhwZXJpbWVudHNfY29va2llX2V4cGlyYXRpb24iOnsiYnVja2V0IjoxMjA5NjAwLCJ2ZXJzaW9uIjpudWxsfSwidGZ3X3Nob3dfYmlyZHdhdGNoX3Bpdm90c19lbmFibGVkIjp7ImJ1Y2tldCI6Im9uIiwidmVyc2lvbiI6bnVsbH0sInRmd19kdXBsaWNhdGVfc2NyaWJlc190b19zZXR0aW5ncyI6eyJidWNrZXQiOiJvbiIsInZlcnNpb24iOm51bGx9LCJ0ZndfdXNlX3Byb2ZpbGVfaW1hZ2Vfc2hhcGVfZW5hYmxlZCI6eyJidWNrZXQiOiJvbiIsInZlcnNpb24iOm51bGx9LCJ0ZndfdmlkZW9faGxzX2R5bmFtaWNfbWFuaWZlc3RzXzE1MDgyIjp7ImJ1Y2tldCI6InRydWVfYml0cmF0ZSIsInZlcnNpb24iOm51bGx9LCJ0ZndfbGVnYWN5X3RpbWVsaW5lX3N1bnNldCI6eyJidWNrZXQiOnRydWUsInZlcnNpb24iOm51bGx9LCJ0ZndfdHdlZXRfZWRpdF9mcm9udGVuZCI6eyJidWNrZXQiOiJvbiIsInZlcnNpb24iOm51bGx9fQ%3D%3D&amp;frame=false&amp;hideCard=false&amp;hideThread=false&amp;id=1756284435517812801&amp;lang=cs&amp;maxWidth=560px&amp;origin=https%3A%2F%2Funser-mitteleuropa.com%2F130923&amp;sessionId=388a1bd57b06c2bbe3d8e26580a9b1ef3320767d&amp;theme=light&amp;widgetsVersion=2615f7e52b7e0%3A1702314776716&amp;width=550px\" frameborder=\"0\" scrolling=\"no\" allowfullscreen=\"allowfullscreen\" data-tweet-id=\"1756284435517812801\" data-mce-fragment=\"1\"><\/iframe><\/div>\n<p>&nbsp;<\/p>\n<p><iframe class=\"wp-embedded-content\" title=\"\u201e\u00da\u017easn\u00fd\u201c (GE) migra\u010dn\u00ed st\u0159et: \u017eh\u00e1\u0159stv\u00ed, loupe\u017ee, rva\u010dky, pot\u0159eba pomoci v telefonn\u00edch budk\u00e1ch\u201c \u2014 NA\u0160E ST\u0158EDN\u00cd EVROPA\" src=\"https:\/\/unser-mitteleuropa.com\/122828\/embed#?secret=5BQo4SYzzk#?secret=kZ2C5vEJgP\" width=\"600\" height=\"603\" frameborder=\"0\" marginwidth=\"0\" marginheight=\"0\" scrolling=\"no\" sandbox=\"allow-scripts\" data-secret=\"kZ2C5vEJgP\" data-mce-fragment=\"1\"><\/iframe><\/p>\n<p><iframe class=\"wp-embedded-content\" title=\"\u201eFaeserovi krimin\u00e1ln\u00ed migranti + AKTUALIZACE 4. listopadu + Essen: 3000 nen\u00e1vistn\u00fdch islamist\u016f po\u017eaduje chal\u00edf\u00e1t (videa)\u201c \u2014 NA\u0160E ST\u0158EDN\u00cd EVROPA\" src=\"https:\/\/unser-mitteleuropa.com\/122006\/embed#?secret=f7cvtk85RV#?secret=Mjo9FVVSEq\" width=\"600\" height=\"624\" frameborder=\"0\" marginwidth=\"0\" marginheight=\"0\" scrolling=\"no\" sandbox=\"allow-scripts\" data-secret=\"Mjo9FVVSEq\" data-mce-fragment=\"1\"><\/iframe><\/p>\n<p><span style=\"font-size: 18pt;\"><strong>Dal\u0161\u00ed uk\u00e1zka obohacen\u00ed!<\/strong><\/span><\/p>\n<p><img decoding=\"async\" loading=\"lazy\" class=\"alignnone size-full wp-image-1185\" src=\"http:\/\/www.infokuryr.cz\/n\/wp-content\/uploads\/2021\/04\/kuryr-podpis.png\" alt=\"\" width=\"84\" height=\"24\" \/><\/p>\n","protected":false},"excerpt":{"rendered":"<p>N\u00e1sleduj\u00edc\u00ed barevn\u00e9 obohacen\u00ed poch\u00e1z\u00ed z N\u011bmecka: \u201e\u00a0V N\u011bmecku Arab napadne mladou d\u00edvku. Jej\u00ed p\u0159\u00edtel zas\u00e1hne,&#8230;<\/p>\n","protected":false},"author":2,"featured_media":46865,"comment_status":"closed","ping_status":"closed","sticky":false,"template":"","format":"standard","meta":[],"categories":[7],"tags":[172,369,239,84],"_links":{"self":[{"href":"https:\/\/www.infokuryr.cz\/n\/wp-json\/wp\/v2\/posts\/46864"}],"collection":[{"href":"https:\/\/www.infokuryr.cz\/n\/wp-json\/wp\/v2\/posts"}],"about":[{"href":"https:\/\/www.infokuryr.cz\/n\/wp-json\/wp\/v2\/types\/post"}],"author":[{"embeddable":true,"href":"https:\/\/www.infokuryr.cz\/n\/wp-json\/wp\/v2\/users\/2"}],"replies":[{"embeddable":true,"href":"https:\/\/www.infokuryr.cz\/n\/wp-json\/wp\/v2\/comments?post=46864"}],"version-history":[{"count":1,"href":"https:\/\/www.infokuryr.cz\/n\/wp-json\/wp\/v2\/posts\/46864\/revisions"}],"predecessor-version":[{"id":46866,"href":"https:\/\/www.infokuryr.cz\/n\/wp-json\/wp\/v2\/posts\/46864\/revisions\/46866"}],"wp:featuredmedia":[{"embeddable":true,"href":"https:\/\/www.infokuryr.cz\/n\/wp-json\/wp\/v2\/media\/46865"}],"wp:attachment":[{"href":"https:\/\/www.infokuryr.cz\/n\/wp-json\/wp\/v2\/media?parent=46864"}],"wp:term":[{"taxonomy":"category","embeddable":true,"href":"https:\/\/www.infokuryr.cz\/n\/wp-json\/wp\/v2\/categories?post=46864"},{"taxonomy":"post_tag","embeddable":true,"href":"https:\/\/www.infokuryr.cz\/n\/wp-json\/wp\/v2\/tags?post=46864"}],"curies":[{"name":"wp","href":"https:\/\/api.w.org\/{rel}","templated":true}]}}