{"id":46863,"date":"2024-02-13T00:37:52","date_gmt":"2024-02-12T23:37:52","guid":{"rendered":"https:\/\/www.infokuryr.cz\/n\/?p=46863"},"modified":"2024-02-12T17:25:24","modified_gmt":"2024-02-12T16:25:24","slug":"zharsky-utok-na-farmu-zbyva-hrozba-zastavte-blokadu-jinak-vsechno-shori","status":"publish","type":"post","link":"https:\/\/www.infokuryr.cz\/n\/2024\/02\/13\/zharsky-utok-na-farmu-zbyva-hrozba-zastavte-blokadu-jinak-vsechno-shori\/","title":{"rendered":"\u017dh\u00e1\u0159sk\u00fd \u00fatok na farmu \u2013 zb\u00fdv\u00e1 hrozba: \u201eZastavte blok\u00e1du, jinak v\u0161echno sho\u0159\u00ed\u201c"},"content":{"rendered":"<div id=\"fb-root\"><\/div>\n<p><strong><a href=\"https:\/\/www.freiepresse.de\/erzgebirge\/stollberg\/nach-brand-in-landwirtschaftsunternehmen-im-erzgebirge-das-sagt-der-betroffene-bauer-artikel13244535\" target=\"_blank\" rel=\"noreferrer noopener\"><span>V ned\u011bli ve\u010der vzplanul<\/span><\/a><span>\u00a0zem\u011bd\u011blsk\u00fd podnik v Kru\u0161n\u00fdch hor\u00e1ch\u00a0. Jeho majitel se zapojuje do protest\u016f farm\u00e1\u0159\u016f a s\u00e1m tak\u00e9 po\u0159\u00e1dal odpov\u00eddaj\u00edc\u00ed demonstrace. \u0160koda se odhaduje na 500 000 eur. Policie na\u0161la na zdi stodoly v\u00fdhru\u017eku: &#8222;Zastavte blok\u00e1du, jinak v\u0161echno sho\u0159\u00ed.&#8220;<\/span><\/strong><\/p>\n<p><span>K \u00fatoku na podnik v sask\u00e9m Oelsnitzu pr\u00fd do\u0161lo v ned\u011bli mezi 1:00 a 2:45. V\u00e1\u017en\u011b po\u0161kozen nebo zcela zni\u010den byl tak\u00e9 n\u00e1kladn\u00ed automobil, traktor, osobn\u00ed automobil a dal\u0161\u00ed kus zem\u011bd\u011blsk\u00e9 techniky. Podle informac\u00ed m\u00e9di\u00ed byla nav\u00edc rozbita okna n\u011bkolika aut.<\/span><\/p>\n<figure class=\"wp-block-embed is-type-rich is-provider-twitter wp-block-embed-twitter\">\n<div class=\"wp-block-embed__wrapper\">\n<div class=\"twitter-tweet twitter-tweet-rendered\"><iframe id=\"twitter-widget-0\" class=\"\" title=\"X p\u0159\u00edsp\u011bvek\" src=\"https:\/\/platform.twitter.com\/embed\/Tweet.html?dnt=true&amp;embedId=twitter-widget-0&amp;features=eyJ0ZndfdGltZWxpbmVfbGlzdCI6eyJidWNrZXQiOltdLCJ2ZXJzaW9uIjpudWxsfSwidGZ3X2ZvbGxvd2VyX2NvdW50X3N1bnNldCI6eyJidWNrZXQiOnRydWUsInZlcnNpb24iOm51bGx9LCJ0ZndfdHdlZXRfZWRpdF9iYWNrZW5kIjp7ImJ1Y2tldCI6Im9uIiwidmVyc2lvbiI6bnVsbH0sInRmd19yZWZzcmNfc2Vzc2lvbiI6eyJidWNrZXQiOiJvbiIsInZlcnNpb24iOm51bGx9LCJ0ZndfZm9zbnJfc29mdF9pbnRlcnZlbnRpb25zX2VuYWJsZWQiOnsiYnVja2V0Ijoib24iLCJ2ZXJzaW9uIjpudWxsfSwidGZ3X21peGVkX21lZGlhXzE1ODk3Ijp7ImJ1Y2tldCI6InRyZWF0bWVudCIsInZlcnNpb24iOm51bGx9LCJ0ZndfZXhwZXJpbWVudHNfY29va2llX2V4cGlyYXRpb24iOnsiYnVja2V0IjoxMjA5NjAwLCJ2ZXJzaW9uIjpudWxsfSwidGZ3X3Nob3dfYmlyZHdhdGNoX3Bpdm90c19lbmFibGVkIjp7ImJ1Y2tldCI6Im9uIiwidmVyc2lvbiI6bnVsbH0sInRmd19kdXBsaWNhdGVfc2NyaWJlc190b19zZXR0aW5ncyI6eyJidWNrZXQiOiJvbiIsInZlcnNpb24iOm51bGx9LCJ0ZndfdXNlX3Byb2ZpbGVfaW1hZ2Vfc2hhcGVfZW5hYmxlZCI6eyJidWNrZXQiOiJvbiIsInZlcnNpb24iOm51bGx9LCJ0ZndfdmlkZW9faGxzX2R5bmFtaWNfbWFuaWZlc3RzXzE1MDgyIjp7ImJ1Y2tldCI6InRydWVfYml0cmF0ZSIsInZlcnNpb24iOm51bGx9LCJ0ZndfbGVnYWN5X3RpbWVsaW5lX3N1bnNldCI6eyJidWNrZXQiOnRydWUsInZlcnNpb24iOm51bGx9LCJ0ZndfdHdlZXRfZWRpdF9mcm9udGVuZCI6eyJidWNrZXQiOiJvbiIsInZlcnNpb24iOm51bGx9fQ%3D%3D&amp;frame=false&amp;hideCard=false&amp;hideThread=false&amp;id=1756671017127125241&amp;lang=de&amp;origin=https%3A%2F%2Freport24.news%2Fbrandanschlag-auf-bauernhof-drohung-wegen-protesten-schluss-mit-blockade-sonst-brennt-alles%2F&amp;sessionId=0f60c91d883c16e9b0422a4756bcf33a7239e74d&amp;theme=light&amp;widgetsVersion=2615f7e52b7e0%3A1702314776716&amp;width=550px\" frameborder=\"0\" scrolling=\"no\" allowfullscreen=\"allowfullscreen\" data-tweet-id=\"1756671017127125241\" data-mce-fragment=\"1\"><\/iframe><\/div>\n<\/div>\n<\/figure>\n<p><strong><span>Slova \u201eZastavte blok\u00e1du, jinak v\u0161echno sho\u0159\u00ed\u201c<\/span><\/strong><span>\u00a0[sic, viz foto\u00a0<\/span><a href=\"https:\/\/www.bild.de\/regional\/sachsen\/regional\/brandanschlag-auf-bauern-im-erzgebirge-das-schuechtert-mich-nicht-ein-87119360.bild.html\" target=\"_blank\" rel=\"noreferrer noopener\"><span>zde<\/span><\/a><span>\u00a0] byla nast\u0159\u00edk\u00e1na\u00a0na ze\u010f stodoly .\u00a0Majitel podniku je aktivn\u00ed v demonstrac\u00edch farm\u00e1\u0159\u016f proti feder\u00e1ln\u00ed vl\u00e1d\u011b a s\u00e1m tak\u00e9 organizoval protesty.\u00a0<\/span><strong><span>M\u011blo by tedy b\u00fdt jasn\u00e9, z jak\u00e9ho t\u00e1bora pachatel nebo pachatel\u00e9 poch\u00e1z\u00ed.<\/span><\/strong><span>\u00a0U\u017eivatel\u00e9 na soci\u00e1ln\u00edch s\u00edt\u00edch spr\u00e1vn\u011b konstatuj\u00ed, \u017ee agitace semaforov\u00fdch stran a jejich poskok\u016f v mainstreamov\u00fdch medi\u00e1ln\u00edch spole\u010dnostech nyn\u00ed nese sv\u00e9 ovoce. Chemnitzsk\u00e1 krimin\u00e1ln\u00ed policie \u017e\u00e1d\u00e1 ve\u0159ejnost o pomoc: Kdo n\u011bco vid\u011bl nebo m\u016f\u017ee poskytnout informace o pachatel\u00edch, a\u0165 se na ni obrac\u00ed.<\/span><\/p>\n<p><span>Podle majitele Carstena Schulzeho \u010din\u00ed \u0161koda 500 000 eur. Nen\u00ed jasn\u00e9, jak dlouho to poji\u0161\u0165ovn\u00e1m zaplat\u00ed. Byl si v\u011bdom, \u017ee se m\u016f\u017ee st\u00e1t n\u011bco takov\u00e9ho:\u00a0<\/span><strong><span>\u201eN\u011bkte\u0159\u00ed lid\u00e9 nech\u00e1pou, pro\u010d jsme na ulici. Vlastn\u011b za tyto lidi tak\u00e9 bojujeme,\u201c \u0159ekl m\u00e9di\u00edm. Nechce se ale \u00fatokem zastra\u0161it: te\u010f mus\u00ed \u201ez\u016fstat tvrd\u00fd\u201c.<\/span><\/strong><span> Za sv\u00e1 pr\u00e1va bude i nad\u00e1le vych\u00e1zet do ulic.<\/span><\/p>\n<figure class=\"wp-block-embed is-type-rich is-provider-twitter wp-block-embed-twitter\">\n<div class=\"wp-block-embed__wrapper\">\n<div class=\"twitter-tweet twitter-tweet-rendered\"><iframe id=\"twitter-widget-1\" class=\"\" title=\"X p\u0159\u00edsp\u011bvek\" src=\"https:\/\/platform.twitter.com\/embed\/Tweet.html?dnt=true&amp;embedId=twitter-widget-1&amp;features=eyJ0ZndfdGltZWxpbmVfbGlzdCI6eyJidWNrZXQiOltdLCJ2ZXJzaW9uIjpudWxsfSwidGZ3X2ZvbGxvd2VyX2NvdW50X3N1bnNldCI6eyJidWNrZXQiOnRydWUsInZlcnNpb24iOm51bGx9LCJ0ZndfdHdlZXRfZWRpdF9iYWNrZW5kIjp7ImJ1Y2tldCI6Im9uIiwidmVyc2lvbiI6bnVsbH0sInRmd19yZWZzcmNfc2Vzc2lvbiI6eyJidWNrZXQiOiJvbiIsInZlcnNpb24iOm51bGx9LCJ0ZndfZm9zbnJfc29mdF9pbnRlcnZlbnRpb25zX2VuYWJsZWQiOnsiYnVja2V0Ijoib24iLCJ2ZXJzaW9uIjpudWxsfSwidGZ3X21peGVkX21lZGlhXzE1ODk3Ijp7ImJ1Y2tldCI6InRyZWF0bWVudCIsInZlcnNpb24iOm51bGx9LCJ0ZndfZXhwZXJpbWVudHNfY29va2llX2V4cGlyYXRpb24iOnsiYnVja2V0IjoxMjA5NjAwLCJ2ZXJzaW9uIjpudWxsfSwidGZ3X3Nob3dfYmlyZHdhdGNoX3Bpdm90c19lbmFibGVkIjp7ImJ1Y2tldCI6Im9uIiwidmVyc2lvbiI6bnVsbH0sInRmd19kdXBsaWNhdGVfc2NyaWJlc190b19zZXR0aW5ncyI6eyJidWNrZXQiOiJvbiIsInZlcnNpb24iOm51bGx9LCJ0ZndfdXNlX3Byb2ZpbGVfaW1hZ2Vfc2hhcGVfZW5hYmxlZCI6eyJidWNrZXQiOiJvbiIsInZlcnNpb24iOm51bGx9LCJ0ZndfdmlkZW9faGxzX2R5bmFtaWNfbWFuaWZlc3RzXzE1MDgyIjp7ImJ1Y2tldCI6InRydWVfYml0cmF0ZSIsInZlcnNpb24iOm51bGx9LCJ0ZndfbGVnYWN5X3RpbWVsaW5lX3N1bnNldCI6eyJidWNrZXQiOnRydWUsInZlcnNpb24iOm51bGx9LCJ0ZndfdHdlZXRfZWRpdF9mcm9udGVuZCI6eyJidWNrZXQiOiJvbiIsInZlcnNpb24iOm51bGx9fQ%3D%3D&amp;frame=false&amp;hideCard=false&amp;hideThread=false&amp;id=1756738814985318624&amp;lang=de&amp;origin=https%3A%2F%2Freport24.news%2Fbrandanschlag-auf-bauernhof-drohung-wegen-protesten-schluss-mit-blockade-sonst-brennt-alles%2F&amp;sessionId=0f60c91d883c16e9b0422a4756bcf33a7239e74d&amp;theme=light&amp;widgetsVersion=2615f7e52b7e0%3A1702314776716&amp;width=550px\" frameborder=\"0\" scrolling=\"no\" allowfullscreen=\"allowfullscreen\" data-tweet-id=\"1756738814985318624\" data-mce-fragment=\"1\"><\/iframe><\/div>\n<\/div>\n<\/figure>\n<p><span>Po jeho boku stoj\u00ed jeho profesion\u00e1ln\u00ed kolegov\u00e9 a \u010detn\u00ed ob\u010dan\u00e9. Solidarita nen\u00ed skv\u011bl\u00e1 jen na soci\u00e1ln\u00edch s\u00edt\u00edch: v ned\u011bli byla velk\u00e1 kolona z L\u00f6\u00dfnitz do Oelsnitz. Po spont\u00e1nn\u00edm setk\u00e1n\u00ed na soci\u00e1ln\u00edch s\u00edt\u00edch toho r\u00e1na se p\u0159ed Schulzeho firmou se\u0161lo kolem 200 kamion\u016f, taha\u010d\u016f, dod\u00e1vek a aut, aby projevili solidaritu. Tak\u00e9 ji\u017e byla zah\u00e1jena fundraisingov\u00e1 kampa\u0148.<\/span><\/p>\n<p><img decoding=\"async\" loading=\"lazy\" class=\"alignnone size-full wp-image-1185\" src=\"http:\/\/www.infokuryr.cz\/n\/wp-content\/uploads\/2021\/04\/kuryr-podpis.png\" alt=\"\" width=\"84\" height=\"24\" \/><\/p>\n<p>&nbsp;<\/p>\n<p>&nbsp;<\/p>\n","protected":false},"excerpt":{"rendered":"<p>V ned\u011bli ve\u010der vzplanul\u00a0zem\u011bd\u011blsk\u00fd podnik v Kru\u0161n\u00fdch hor\u00e1ch\u00a0. Jeho majitel se zapojuje do protest\u016f farm\u00e1\u0159\u016f&#8230;<\/p>\n","protected":false},"author":2,"featured_media":35210,"comment_status":"closed","ping_status":"closed","sticky":false,"template":"","format":"standard","meta":[],"categories":[7],"tags":[6779,84,624],"_links":{"self":[{"href":"https:\/\/www.infokuryr.cz\/n\/wp-json\/wp\/v2\/posts\/46863"}],"collection":[{"href":"https:\/\/www.infokuryr.cz\/n\/wp-json\/wp\/v2\/posts"}],"about":[{"href":"https:\/\/www.infokuryr.cz\/n\/wp-json\/wp\/v2\/types\/post"}],"author":[{"embeddable":true,"href":"https:\/\/www.infokuryr.cz\/n\/wp-json\/wp\/v2\/users\/2"}],"replies":[{"embeddable":true,"href":"https:\/\/www.infokuryr.cz\/n\/wp-json\/wp\/v2\/comments?post=46863"}],"version-history":[{"count":0,"href":"https:\/\/www.infokuryr.cz\/n\/wp-json\/wp\/v2\/posts\/46863\/revisions"}],"wp:featuredmedia":[{"embeddable":true,"href":"https:\/\/www.infokuryr.cz\/n\/wp-json\/wp\/v2\/media\/35210"}],"wp:attachment":[{"href":"https:\/\/www.infokuryr.cz\/n\/wp-json\/wp\/v2\/media?parent=46863"}],"wp:term":[{"taxonomy":"category","embeddable":true,"href":"https:\/\/www.infokuryr.cz\/n\/wp-json\/wp\/v2\/categories?post=46863"},{"taxonomy":"post_tag","embeddable":true,"href":"https:\/\/www.infokuryr.cz\/n\/wp-json\/wp\/v2\/tags?post=46863"}],"curies":[{"name":"wp","href":"https:\/\/api.w.org\/{rel}","templated":true}]}}