{"id":46861,"date":"2024-02-13T00:36:32","date_gmt":"2024-02-12T23:36:32","guid":{"rendered":"https:\/\/www.infokuryr.cz\/n\/?p=46861"},"modified":"2024-02-12T17:22:45","modified_gmt":"2024-02-12T16:22:45","slug":"budete-jist-hmyz-jak-globaliste-ohrozuji-nasi-budoucnost","status":"publish","type":"post","link":"https:\/\/www.infokuryr.cz\/n\/2024\/02\/13\/budete-jist-hmyz-jak-globaliste-ohrozuji-nasi-budoucnost\/","title":{"rendered":"Budete j\u00edst hmyz? Jak globalist\u00e9 ohro\u017euj\u00ed na\u0161i budoucnost"},"content":{"rendered":"<div id=\"fb-root\"><\/div>\n<p><strong>Protesty farm\u00e1\u0159\u016f se nikdy net\u00fdkaly jen dotac\u00ed a zem\u011bd\u011blsk\u00e9 nafty: V n\u00e1vaznosti na dokument Epoch Times\u00a0<em>\u201eNo Farmers no Food \u2013 Will You Eat the Bugs?\u201c<\/em> diskutuje sdru\u017een\u00ed MWGFD o pozad\u00ed boje vyvolan\u00e9ho \u201eelitami\u201c v dokumentu aktu\u00e1ln\u00ed \u010dl\u00e1nek proti zem\u011bd\u011blstv\u00ed a pro\u010d protesty farm\u00e1\u0159\u016f p\u0159edstavuj\u00ed tak d\u016fle\u017eit\u00fd akt sebeobrany proti invazivn\u00edm, nelegitimn\u00edm pokus\u016fm zvr\u00e1tit a zni\u010dit z\u00e1klady na\u0161\u00ed lidsk\u00e9 civilizace.<\/strong><\/p>\n<h2 id=\"h-niemand-wird-gezwungen-werden-insekten-zu-essen\" class=\"wp-block-heading\">&#8222;Nikdo nebude nucen j\u00edst hmyz&#8220;<\/h2>\n<p><em>z\u00a0<a href=\"https:\/\/www.mwgfd.org\/2024\/02\/niemand-wird-gezwungen-werden-insekten-zu-essen\/\" target=\"_blank\" rel=\"noreferrer noopener\">tiskov\u00e9ho t\u00fdmu MWGFD<\/a> : Claudia Jaworski, pr\u00e1vn\u00edk Edgar Siemund; zve\u0159ejn\u011bno 7. \u00fanora 2024<\/em><\/p>\n<p><strong><em>\u201eDokonce i povinn\u00e9 o\u010dkov\u00e1n\u00ed vede k tomu, \u017ee lid\u00e9 jsou nakonec o\u010dkov\u00e1ni dobrovoln\u011b.\u201c (\u00a0<\/em><\/strong><a href=\"https:\/\/www.berliner-zeitung.de\/politik-gesellschaft\/impfpflicht-freier-wille-zwischen-pflicht-und-zwang-li.208027\"><strong><em>viz\u00a0<\/em><\/strong><\/a><a href=\"https:\/\/www.berliner-zeitung.de\/politik-gesellschaft\/impfpflicht-freier-wille-zwischen-pflicht-und-zwang-li.208027\"><strong><em>cit\u00e1t\u00a0<\/em><\/strong><\/a><strong><em><a href=\"https:\/\/www.berliner-zeitung.de\/politik-gesellschaft\/impfpflicht-freier-wille-zwischen-pflicht-und-zwang-li.208027\" target=\"_blank\" rel=\"noreferrer noopener\">Lauterbach\u00a0<\/a><\/em><\/strong><strong><em>\u00a0). \u201eBez farm\u00e1\u0159\u016f nen\u00ed j\u00eddlo. Jste p\u0159ipraveni na hmyz na tal\u00ed\u0159i?\u201c<\/em><\/strong><strong>\u00a0N\u00ed\u017ee vysv\u011btl\u00edme \u00a0, co znamen\u00e1 znepokojiv\u00e1 ot\u00e1zka ve\u00a0<\/strong><strong>stejnojmenn\u00e9m\u00a0\u00a0<\/strong><strong><a href=\"https:\/\/www.epochtimes.de\/epoch-tv\/dokumentation\/bauernproteste-doku-ohne-bauern-kein-essen-agenda-2030-und-die-kommende-weltweite-nahrungsmittelkrise-zerstoerung-der-landwirtschaft-a4412126.html\" target=\"_blank\" rel=\"noreferrer noopener\">dokumentu Epoch Times v souvislosti s po\u017eadavkem b\u00fdval\u00e9ho prezidenta LKA Uwe Kranze\u00a0<\/a><\/strong><a href=\"https:\/\/ansage.org\/who-wann-kommt-der-bauernaufstand\/\" target=\"_blank\" rel=\"noreferrer noopener\"><strong><em>\u201eKdy p\u0159ijde vzpoura farm\u00e1\u0159\u016f proti pl\u00e1n\u016fm WHO? \u201c<\/em><\/strong><\/a><strong>\u00a0.\u00a0<\/strong><strong>Dokument zve\u0159ejn\u011bn\u00fd The Epoch Times dne 15. ledna 2024 ukazuje, jak superkapitalist\u00e9 reprezentovan\u00ed WEF, OSN a WHO sleduj\u00ed jednotnou agendu ve jm\u00e9nu p\u0159\u00edstupu jednoho zdrav\u00ed, kter\u00fd m\u00e1 b\u00fdt prosazov\u00e1n glob\u00e1ln\u011b jejich p\u0159\u00edslu\u0161nou vl\u00e1dou \u00fa\u0159edn\u00edk\u016f. Jak ve\u0159ejn\u011b prohl\u00e1sil \u0161\u00e9f WEF Klaus Schwab, ochotn\u011b se pod\u0159\u00eddili jeho pr\u016fniku jako \u201eYoung Global Leaders\u201c. C\u00edlem t\u00e9to z\u00e1ke\u0159n\u00e9 Agendy 2030 jsou ti, kte\u0159\u00ed \u017eiv\u00ed sv\u011btovou populaci. Ameri\u010dt\u00ed farm\u00e1\u0159i a p\u011bstitel\u00e9 r\u00fd\u017ee ze Sr\u00ed Lanky, kte\u0159\u00ed hovo\u0159ili, jsou pouze p\u0159\u00edklady v\u0161ech mal\u00fdch a st\u0159edn\u00edch zem\u011bd\u011blsk\u00fdch podnik\u016f na cel\u00e9m sv\u011bt\u011b.<\/strong><\/p>\n<p>Rychle se uk\u00e1\u017ee, \u017ee ochrana klimatu a biologick\u00e1 rozmanitost slou\u017e\u00ed pouze jako ospravedln\u011bn\u00ed pro tuto kontrolu shora dol\u016f a \u017ee potravinov\u00e9 krize nemaj\u00ed nic spole\u010dn\u00e9ho s \u017eivotn\u00edm prost\u0159ed\u00edm, ale jednodu\u0161e s environment\u00e1ln\u00ed politikou. Za\u00a0<a href=\"https:\/\/www.bauernzeitung.ch\/artikel\/landleben\/suizid-rate-in-der-landwirtschaft-nimmt-zu-379454\">rychle rostouc\u00ed m\u00edru sebevra\u017ed mezi zem\u011bd\u011blci<\/a>\u00a0, jak se \u010dasto \u0159\u00edk\u00e1, tedy nenese vinu zm\u011bna klimatu nebo d\u016fsledky korony\u00a0\u00a0 , ale vyko\u0159is\u0165ovatelsk\u00e1 politika globalist\u016f.<\/p>\n<p>J\u00e1drem t\u00e9to Agendy 2030 neboli Velk\u00e9ho resetu byla zpr\u00e1va z roku 1991, kter\u00e1 byla formulov\u00e1na jako globalistick\u00fd pl\u00e1n zd\u00e1nliv\u011b \u017eivot podporuj\u00edc\u00edmi vizion\u00e1\u0159i nazvan\u00fdmi \u201e\u0158\u00edmsk\u00fd klub\u201c. V d\u00edle\u00a0<em>\u201e\u00a0<a href=\"https:\/\/www.clubofrome.org\/publication\/the-first-global-revolution-1991\/\" target=\"_blank\" rel=\"noreferrer noopener\">Prvn\u00ed\u00a0<\/a><\/em><a href=\"https:\/\/www.clubofrome.org\/publication\/the-first-global-revolution-1991\/\"><em>glob\u00e1ln\u00ed revoluce<\/em><\/a><em>\u00a0\u201c<\/em>\u00a0se p\u00ed\u0161e toto\u00a0\u00a0:<\/p>\n<p><em>\u201eP\u0159i hled\u00e1n\u00ed spole\u010dn\u00e9ho nep\u0159\u00edtele jsme p\u0159i\u0161li s my\u0161lenkou, \u017ee p\u0159\u00ed\u010dinou m\u016f\u017ee b\u00fdt zne\u010di\u0161t\u011bn\u00ed \u017eivotn\u00edho prost\u0159ed\u00ed, hrozba glob\u00e1ln\u00edho oteplov\u00e1n\u00ed, nedostatek vody, hladomor a podobn\u011b.\u00a0<strong>Tak\u017ee skute\u010dn\u00fdm nep\u0159\u00edtelem je lidstvo samo.&#8220;<\/strong><\/em><\/p>\n<p>Jde tedy jen o n\u00e1pad na sc\u00e9n\u00e1\u0159, v jeho\u017e st\u0159edu jsou lid\u00e9 identifikov\u00e1ni jako nep\u0159\u00e1tel\u00e9 vlastn\u00ed existence. Od t\u00e9 doby mnoho komparzist\u016f a hlavn\u00edch postav v mnoha vl\u00e1d\u00e1ch jednotn\u011b \u0159\u00edk\u00e1\u00a0\u00a0<em>\u201e\u010derven\u00e1 pohotovost pro lidstvo<\/em>\u00a0\u201c, kter\u00e9 mus\u00ed b\u00fdt chr\u00e1n\u011bno p\u0159ed apokalyptick\u00fdmi d\u016fsledky zem\u011bd\u011blstv\u00ed pro p\u0159\u00edrodu. Do roku 2030 mus\u00ed b\u00fdt v\u0161ech 17 c\u00edl\u016f OSN v oblasti udr\u017eitelnosti implementov\u00e1no glob\u00e1ln\u011b.<\/p>\n<p>Z\u00e1kony o vodn\u00edm hospod\u00e1\u0159stv\u00ed, ochran\u011b emis\u00ed a ochran\u011b druh\u016f, kter\u00e9 byly kdysi pova\u017eov\u00e1ny za rozumn\u00e9, jsou od t\u00e9 doby vyu\u017e\u00edv\u00e1ny jako z\u00e1minka k prosazov\u00e1n\u00ed zcela nere\u00e1ln\u00fdch reduk\u010dn\u00edch c\u00edl\u016f a opat\u0159en\u00ed a k p\u0159ipravov\u00e1n\u00ed zem\u011bd\u011blc\u016f o \u017eivobyt\u00ed.<\/p>\n<h3 id=\"h-der-krieg-um-eigentumsrechte\" class=\"wp-block-heading\"><span style=\"font-size: 18pt;\">V\u00e1lka o vlastnick\u00e1 pr\u00e1va<\/span><\/h3>\n<p>To, co je prezentov\u00e1no pod rou\u0161kou rozvojov\u00e9 pomoci a lidsk\u00e9ho blahobytu, je ve skute\u010dnosti v\u00e1lka o vlastnick\u00e1 pr\u00e1va, nikoli v\u0161ak boj proti nedostatku potravin. Dokument bolestn\u011b ukazuje, jak USA jako\u00a0\u00a0<em>\u201eZem\u011b svobodn\u00fdch\u201c,<\/em>\u00a0\u00a0jak zn\u00ed st\u00e1tn\u00ed hymna, st\u00e1le v\u00edce nahlod\u00e1vaj\u00ed \u00fastavn\u00ed z\u00e1klady b\u00fdval\u00fdch otc\u016f zakladatel\u016f, podle nich\u017e je samoregulace ob\u010dan\u016f p\u0159edpokladem udr\u017een\u00ed demokracie. Kulturn\u00ed a politick\u00e9 sebev\u011bdom\u00ed, \u017ee mal\u00ed vlastn\u00edci p\u016fdy jsou nejd\u016fle\u017eit\u011bj\u0161\u00ed sou\u010d\u00e1st\u00ed st\u00e1tu, proto\u017ee mohou ovl\u00e1dat svou vl\u00e1du prost\u0159ednictv\u00edm vlastnictv\u00ed p\u016fdy, se obrac\u00ed na hlavu. Podle Agendy 2030, jej\u00edm\u017e c\u00edlem je dos\u00e1hnout \u00fapln\u00e9 kontroly nad lidsk\u00fdm chov\u00e1n\u00edm, soupe\u0159\u00ed soukrom\u00e9 vlastnictv\u00ed s c\u00edlem dos\u00e1hnout souladu.\u00a0<strong>Od nyn\u011bj\u0161ka je mand\u00e1t\u00a0\u00a0<em>\u201ebu\u010f m\u00e1te majetek, nebo jste majetek<\/em>\u00a0,\u201c \u0159ekla americk\u00e1 farm\u00e1\u0159ka, kter\u00e1 je lstiv\u00fdm zp\u016fsobem p\u0159ipravov\u00e1na o p\u016fdu.<\/strong><\/p>\n<p>Aby bylo ospravedln\u011bno \u0161iroce roz\u0161\u00ed\u0159en\u00e9\u00a0\u00a0<em>\u201ezab\u00edr\u00e1n\u00ed p\u016fdy\u201c<\/em> \u00a0(vyvlast\u0148ov\u00e1n\u00ed p\u016fdy), je z\u00e1kon o ochran\u011b druh\u016f ide\u00e1ln\u00ed pro tzv. rozvojov\u00e9 pracovn\u00edky a ekologick\u00e1 hnut\u00ed, proto\u017ee k ochran\u011b druh\u016f zahrnuje i jejich stanovi\u0161t\u011b. Nap\u0159\u00edklad v Kalifornii vznikla krize na z\u00e1chranu lososa coho, pouze kv\u016fli odstran\u011bn\u00ed p\u0159ehrady Iron Gate, kter\u00e1 je pro zem\u011bd\u011blsk\u00e9 producenty nezbytn\u00e1. Skute\u010dnost, \u017ee losos coho nen\u00ed v t\u00e9to oblasti p\u016fvodn\u00ed a \u017ee nejde o jejich \u017eivotn\u00ed prost\u0159ed\u00ed, ale o \u017eivotn\u00ed prost\u0159ed\u00ed kalifornsk\u00fdch farm\u00e1\u0159\u016f, se ji\u017e nezd\u00e1 b\u00fdt zpochyb\u0148ov\u00e1n, pokud jde o \u201edobrou\u201c v\u011bc.<\/p>\n<p>Kalifornsk\u00fd guvern\u00e9r Gavin Newsom zd\u016fvod\u0148uje sv\u016fj exekutivn\u00ed p\u0159\u00edkaz k nejv\u011bt\u0161\u00ed demont\u00e1\u017ei p\u0159ehrady v historii t\u00edm, \u017ee se o n\u011bco p\u0159ibl\u00ed\u017eil povinn\u00e9mu programu Agendy 2030. C\u00edlem je um\u00edstit 30 % mo\u0159sk\u00e9 plochy a 30 % pevniny pod \u201e\u00fa\u010dinnou ochranu\u201c do roku 2030.\u00a0<strong>Vzhledem k tomu, \u017ee jsou ni\u010deny cel\u00e9 krajiny, nen\u00ed t\u0159eba p\u0159\u00edli\u0161 kreativity, abychom si uv\u011bdomili, \u017ee \u201eochrana\u201c neznamen\u00e1 zachov\u00e1n\u00ed biodiverzity nebo obnovu ekosyst\u00e9m\u016f, ale slovo \u201eochrana\u201c pouze znamen\u00e1 pod\u0159\u00edzen\u00ed se To znamen\u00e1 st\u00e1tn\u00ed kontrole, proto\u017ee soukrom\u00e9 vlastnictv\u00ed by ji\u017e nem\u011blo existovat.<\/strong><\/p>\n<p>V\u00edra t\u0159et\u00edho americk\u00e9ho prezidenta Thomase Jeffersona, podle n\u00ed\u017e\u00a0\u00a0<a href=\"https:\/\/press-pubs.uchicago.edu\/founders\/documents\/a1_5s14.html\">\u201eka\u017ed\u00fd \u010dlov\u011bk a ka\u017ed\u00e9 lidsk\u00e9 spole\u010denstv\u00ed na zemi m\u00e1 pr\u00e1vo si s\u00e1m vl\u00e1dnout\u00a0<\/a><a href=\"https:\/\/press-pubs.uchicago.edu\/founders\/documents\/a1_5s14.html\" target=\"_blank\" rel=\"noreferrer noopener\">\u201c<\/a>\u00a0, zn\u00ed jako fra\u0161ka na pozad\u00ed toho, co se d\u011bje nap\u0159\u00edklad v Kalifornii. Ale tak\u00e9 N\u011bmecko \u2013 poukazuje Uwe Kranz ve sv\u00e9m\u00a0\u00a0<a href=\"https:\/\/ansage.org\/who-wann-kommt-der-bauernaufstand\/\" target=\"_blank\" rel=\"noreferrer noopener\">sloupku<\/a> \u00a0ze 7. z\u00e1\u0159\u00ed 2023:<\/p>\n<p><em>\u201ebylo by zvl\u00e1\u0161t\u011b posti\u017eeno [nez\u00e1konn\u00fdm p\u0159ivlast\u0148ov\u00e1n\u00edm p\u016fdy a zem\u011bd\u011blsk\u00e9 p\u016fdy], proto\u017ee je ji\u017e ve f\u00e1zi deindustrializace a dal\u0161\u00ed oslaben\u00ed takov\u00e9ho rozsahu by jist\u011b nezvl\u00e1dlo.<\/em><\/p>\n<p>Bill Gates skupuje st\u00e1le v\u00edce zem\u011bd\u011blsk\u00e9 p\u016fdy pod rou\u0161kou fiktivn\u00edch spole\u010dnost\u00ed (\u00a0<a href=\"https:\/\/expose-news.com\/2024\/01\/22\/why-has-bill-gates-spent-113-million-on-nebraska-farmland\/\" target=\"_blank\" rel=\"noreferrer noopener\">viz \u010dl\u00e1nek Expose-news<\/a>\u00a0) a je nyn\u00ed nejv\u011bt\u0161\u00edm soukrom\u00fdm vlastn\u00edkem zem\u011bd\u011blsk\u00e9 p\u016fdy v USA. Zb\u00fdv\u00e1 zjistit, kolik ukrajinsk\u00e9 p\u016fdy je nyn\u00ed od ukrajinsk\u00e9 v\u00e1lky v rukou velk\u00fdch americk\u00fdch korporac\u00ed. Podle\u00a0ukrajinsk\u00e9ho listu\u00a0\u00a0<a href=\"https:\/\/dev.ua\/news\/bill-heits-vklav-66-mln-u-startap-iakyi-zakopuie-zrizani-dereva-riatuiuchy-ekolohiiu-zemli-istoriia-1691312860\" target=\"_blank\" rel=\"noreferrer noopener\">Dev.ua<\/a>\u00a0\u00a0Bill Gates ned\u00e1vno investoval 6,6 milionu dolar\u016f do za\u010d\u00ednaj\u00edc\u00ed spole\u010dnosti, kter\u00e1 m\u00e1 za c\u00edl \u010delit klimatick\u00fdm zm\u011bn\u00e1m na Ukrajin\u011b k\u00e1cen\u00edm a zakop\u00e1v\u00e1n\u00edm strom\u016f. Lid\u00e9 z\u0159ejm\u011b zapom\u00ednaj\u00ed, \u017ee Co\u00b2 je plyn \u017eivota. Jak jinak si tito p\u00e1nov\u00e9 mysl\u00ed, \u017ee by tam kdy byly sekvoje?<\/p>\n<p>Podobn\u00e1 situace je s nizozemskou dus\u00edkovou kriz\u00ed. To tvrd\u00ed v dokumentu hovo\u0159\u00edc\u00ed holandsk\u00fd odborn\u00edk Dr. Jaap C. Hankekamp, \u200b\u200bkter\u00fd zkoumal dus\u00edk pro vl\u00e1dn\u00ed v\u00fdbor, uvedl, \u017ee ov\u011b\u0159ovac\u00ed studie, z nich\u017e se odvozuje bludn\u00e1 politika kolem dus\u00edku,\u00a0 byly\u00a0<em>\u201e\u00fapln\u00fdm nesmyslem\u201c,<\/em>\u00a0\u00a0proto\u017ee n\u011bkter\u00e9 z nich ji\u017e nebyly aktu\u00e1ln\u00ed, chyb\u011bly realistick\u00fd design studie a tyto Nav\u00edc nebyly podrobeny \u017e\u00e1dn\u00e9mu ov\u011b\u0159en\u00ed spr\u00e1vnosti (\u00a0<a href=\"https:\/\/www.ncbi.nlm.nih.gov\/pmc\/articles\/PMC8842244\/\" target=\"_blank\" rel=\"noreferrer noopener\">viz kritick\u00e1 studie<\/a> ).<\/p>\n<h3 id=\"h-energiewende-als-etikettenschwindel\" class=\"wp-block-heading\"><span style=\"font-size: 18pt;\">Energetick\u00fd p\u0159echod jako podvod na \u0161t\u00edtku<\/span><\/h3>\n<p>Diagnostikuje obsedantn\u00ed expertokracii, kterou pova\u017euje za katastrof\u00e1ln\u00ed v tom, \u017ee v\u00e1\u017en\u011b podkop\u00e1v\u00e1 to nejz\u00e1kladn\u011bj\u0161\u00ed lidsk\u00e9 sna\u017een\u00ed \u2013 produkci potravin. Bez ohledu na to, zda jde o nizozemskou dus\u00edkovou krizi nebo klamnou d\u00e9monizaci oxidu uhli\u010dit\u00e9ho: v\u0161echny tyto zobrazen\u00e9 sc\u00e9n\u00e1\u0159e slou\u017e\u00ed jedin\u00e9mu \u00fa\u010delu \u201ezlobit se\u201c sou\u010dasn\u00e9mu zem\u011bd\u011blstv\u00ed za \u00fa\u010delem z\u00edsk\u00e1n\u00ed p\u016fdy. Proto\u017ee kdo ovl\u00e1d\u00e1 zemi, ovl\u00e1d\u00e1 masy.<\/p>\n<p><strong><a href=\"https:\/\/www.agrarheute.com\/management\/finanzen\/hoefesterben-zeitraffer-haelfte-bauernhoefe-stirbt-2040-615285\" target=\"_blank\" rel=\"noreferrer noopener\">\u00dapadek farem v N\u011bmecku<\/a>\u00a0se proto nevysv\u011btluje\u00a0\u00a0\u00a0t\u00edm, \u017ee by byl nedostatek potravin nebo \u017ee \u010d\u00e1st sv\u011btov\u00e9 populace v\u017edy trp\u011bla hladem, ale sp\u00ed\u0161e t\u00edm, \u017ee potravinov\u00e1 nejistota je doslova um\u011ble vyvol\u00e1na.<\/strong>\u00a0Nelze je vinit ani z n\u00e1sledk\u016f korony, ani z d\u016fsledk\u016f klimatu a na vin\u011b nen\u00ed ani rusk\u00e1 \u00fato\u010dn\u00e1 v\u00e1lka, jak \u0159ekla pan\u00ed von der Leyen ve sv\u00e9m projevu\u00a0\u00a0\u00a0v Evropsk\u00e9m parlamentu\u00a0<a href=\"https:\/\/ec.europa.eu\/commission\/presscorner\/detail\/de\/speech_24_661\" target=\"_blank\" rel=\"noreferrer noopener\">1. \u00fanora 2024.<\/a>\u00a0. Je to prost\u011b vyko\u0159is\u0165ovatelsk\u00e1 politika, kter\u00e1 pod z\u00e1minkou monstra pl\u00e1novan\u00e9ho hospod\u00e1\u0159stv\u00ed zvan\u00e9ho energetick\u00fd p\u0159echod za sebou zanech\u00e1v\u00e1 cestu zk\u00e1zy a ni\u010d\u00ed funguj\u00edc\u00ed infrastrukturu, aby z n\u00ed pak p\u0159i rekonstrukci vyt\u011b\u017eila maxim\u00e1ln\u00ed zisk pro vl\u00e1dnouc\u00ed elity. Budouc\u00ed hasi\u010d je tedy moment\u00e1ln\u011b \u017eh\u00e1\u0159.<\/p>\n<p>Proto\u017ee Corona a jej\u00ed n\u00e1sledky jsou \u010dasto zneu\u017e\u00edv\u00e1ny k t\u00e9to radik\u00e1ln\u00ed a nelidsk\u00e9 destruktivn\u00ed restrukturalizaci,\u00a0\u00a0<a href=\"https:\/\/www.kla.tv\/26260\" target=\"_blank\" rel=\"noreferrer noopener\">\u0161okuj\u00edc\u00ed projev<\/a>\u00a0\u00a0patentov\u00e9ho a finan\u010dn\u00edho experta Dr. Je t\u0159eba m\u00edt na pam\u011bti Davida Martina, kter\u00fd \u0161okuj\u00edc\u00edm zp\u016fsobem ukazuje, \u017ee koronavirus nebyl \u00fasp\u011bchem ze dne na den, ale byl patentov\u00e1n p\u0159ed 56 lety spole\u010dnost\u00ed Moderna jm\u00e9nem americk\u00e9ho ministerstva obrany a v dubnu 2019 podala Moderna \u010dty\u0159i patentov\u00e9 p\u0159ihl\u00e1\u0161ky, kter\u00e9 zn\u011bly\u00a0\u00a0<em>\u201e n\u00e1hodn\u00e9 nebo \u00famysln\u00e9 uvoln\u011bn\u00ed respira\u010dn\u00edho patogenu\u201c<\/em>\u00a0\u00a0. V dne\u0161n\u00ed dob\u011b je pravda o krizi zjevn\u011b definov\u00e1na pouze jej\u00edm varov\u00e1n\u00edm.<\/p>\n<p>S c\u00edlem z\u00edskat p\u016fdu a tak\u00e9 kontrolu nad z\u00e1sobov\u00e1n\u00edm vodou, tedy vyhnat farm\u00e1\u0159e z jejich farem a nemovitost\u00ed, vedou organizace jako FAO, WHO, OSN a p\u0159\u00edslu\u0161n\u00e9 vl\u00e1dn\u00ed \u010dlenov\u00e9 zem\u00ed skute\u010dnou marketingovou kampa\u0148, kter\u00e1 m\u00e1 odradit lidi od konzumace. \u017eivo\u010di\u0161n\u00e9 produkty, jako je maso, Udr\u017eujte ml\u00e9ko a s\u00fdr mimo dosah. Aby bylo zaji\u0161t\u011bno \u201e\u010dist\u00e9 zem\u011bd\u011blstv\u00ed\u201c, st\u00e1le v\u00edce hmyzu schvaluje Evropsk\u00e1 komise k lidsk\u00e9 spot\u0159eb\u011b. Zb\u00fdv\u00e1 je\u0161t\u011b schv\u00e1lit osm dal\u0161\u00edch \u017e\u00e1dost\u00ed. Viz\u00a0<strong>ned\u00e1vn\u00fd \u010dl\u00e1nek\u00a0\u00a0<a href=\"https:\/\/www.dw.com\/en\/eu-insects-climate-change\/a-64503440\" target=\"_blank\" rel=\"noreferrer noopener\">DW<\/a>\u00a0, \u017ee v\u00fdm\u011bna steak\u016f za grilov\u00e1n\u00ed by mohla sn\u00ed\u017eit zne\u010di\u0161t\u011bn\u00ed sklen\u00edkov\u00fdmi plyny a zpomalit vym\u00edr\u00e1n\u00ed druh\u016f. A proto\u017ee marketingov\u00fd mand\u00e1t ke zkrocen\u00ed znechucen\u00ed obyvatelstva asi jen t\u011b\u017eko usp\u011bje, je od 1. \u010dervna\u00a0<\/strong><a href=\"https:\/\/eur-lex.europa.eu\/legal-content\/DE\/TXT\/PDF\/?uri=CELEX:32021R0882&amp;from=ES\" target=\"_blank\" rel=\"noreferrer noopener\">2021<\/a>\u00a0povoleno p\u0159im\u00edch\u00e1vat do potravin mou\u010dn\u00e9 brouky\u00a0\u00a0\u00a0a nov\u011b i saran\u010de st\u011bhovav\u00e9, cvr\u010dek dom\u00e1c\u00ed a od za\u010d\u00e1tku roku 2023 tak\u00e9 buvol\u00ed \u010derv. Pro tropick\u00e9ho dom\u00e1c\u00edho kriketu st\u00e1le plat\u00ed p\u0159echodn\u00e9 na\u0159\u00edzen\u00ed.<\/p>\n<p>Ale samoz\u0159ejm\u011b:\u00a0<em>\u00a0\u201eNikdo nebude nucen j\u00edst hmyz<\/em>\u00a0,\u201c uvedla Evropsk\u00e1 komise ve sv\u00e9m tweetu. To\u00a0\u0159\u00edk\u00e1\u00a0\u00a0<a href=\"https:\/\/www.dw.com\/en\/eu-insects-climate-change\/a-64503440\" target=\"_blank\" rel=\"noreferrer noopener\">DW<\/a>\u00a0. Ale tak\u00e9 se d\u00e1le \u0159\u00edk\u00e1:\u00a0\u00a0<em><strong>&#8222;P\u0159esto by tento krok mohl urychlit p\u0159echod na m\u00e9n\u011b ekologicky \u0161kodlivou stravu.&#8220;<\/strong><\/em><\/p>\n<p>Podobnost s Lauterbachovou formulac\u00ed zm\u00edn\u011bnou na za\u010d\u00e1tku m\u016f\u017ee b\u00fdt p\u0159ekvapiv\u00e1, ale ukazuje, \u017ee za v\u0161emi t\u011bmito opat\u0159en\u00edmi, a\u0165 u\u017e jde o boj s pandemi\u00ed nebo hladem ve sv\u011bt\u011b, se v\u0161echna \u0159\u00edd\u00ed stejn\u00fdm syst\u00e9mem, toti\u017e l\u017e\u00ed, \u017ee existuje n\u011bco, co neexistuje. .<\/p>\n<p>Na\u00a0\u00a0<a href=\"https:\/\/www.europarl.europa.eu\/doceo\/document\/E-9-2023-000250_EN.html\" target=\"_blank\" rel=\"noreferrer noopener\">\u017e\u00e1dost<\/a> \u00a0Evropsk\u00e9 komise ze dne 26. ledna 2023 o p\u00edsemnou odpov\u011b\u010f na ot\u00e1zku, zda n\u00e1s EU bude nutit j\u00edst hmyz, byla odpov\u011b\u010f n\u00e1sleduj\u00edc\u00ed:<\/p>\n<p><em>\u201eV z\u00e1jmu zaji\u0161t\u011bn\u00ed vysok\u00e9 \u00farovn\u011b ochrany zdrav\u00ed vy\u017eaduj\u00ed pr\u00e1vn\u00ed p\u0159edpisy o nov\u00fdch potravin\u00e1ch[6] d\u016fkladn\u00e9 posouzen\u00ed bezpe\u010dnosti Evropsk\u00fdm \u00fa\u0159adem pro bezpe\u010dnost potravin p\u0159ed uveden\u00edm na trh a povolen\u00ed pro v\u0161echny nov\u00e9 potraviny, pro kter\u00e9 je pod\u00e1na \u017e\u00e1dost, v\u010detn\u011b hmyzu. .&#8220;<\/em><\/p>\n<p><strong>Prvn\u00ed v\u011bc, kterou se z toho m\u016f\u017eeme nau\u010dit, je, \u017ee hmyz bude v budoucnu pova\u017eov\u00e1n za potravu, stejn\u011b jako geneticky modifikovan\u00e1 raj\u010data nebo kuku\u0159ice.<\/strong>\u00a0Ekvivalent k tomu nach\u00e1z\u00edme v medic\u00edn\u011b v tom, \u017ee p\u0159\u00edpravky mRNA by ji\u017e nem\u011bly b\u00fdt genov\u00fdmi terapeutiky, bez ohledu na to, co dal\u0161\u00edho tyto p\u0159\u00edpravky ud\u011blaj\u00ed s jejich bu\u0148kami.<\/p>\n<p>Aby byla Agenda 2030 implementov\u00e1na opravdu rychle, nep\u0159ekvapilo by n\u00e1s, kdyby hodnocen\u00ed bezpe\u010dnosti evropsk\u00fdmi \u00fa\u0159ady prob\u00edhalo na podobn\u00e9m principu jako hodnocen\u00ed bezpe\u010dnosti \u201evakc\u00edn\u201c tzv. kontroln\u00edmi org\u00e1ny \u2013 toti\u017e v\u016fbec ne . Ji\u017e nyn\u00ed se tvrd\u00ed, \u017ee hmyz se ukazuje jako v\u00e1\u017en\u00e1 alternativa k masu z hlediska nutri\u010dn\u00edho obsahu. U\u017e v roce 2016 Deutschlandfunk\u00a0\u00a0<a href=\"https:\/\/www.deutschlandfunk.de\/insekten-als-lebensmittel-risiken-und-nebenwirkungen-nicht-100.html\">v\u00a0<\/a><a href=\"https:\/\/www.deutschlandfunk.de\/insekten-als-lebensmittel-risiken-und-nebenwirkungen-nicht-100.html\" target=\"_blank\" rel=\"noreferrer noopener\">rozhovoru<\/a>\u00a0uvedl \u00a0, \u017ee s hmyzem z pr\u016fmyslov\u00fdch chov\u016f existuj\u00ed toxikologick\u00e1, mikrobi\u00e1ln\u00ed a alergologick\u00e1 rizika.<\/p>\n<p>Glob\u00e1ln\u00ed agenda a 17 c\u00edl\u016f udr\u017eiteln\u00e9ho rozvoje Organizace spojen\u00fdch n\u00e1rod\u016f (SDG), kter\u00fdch m\u00e1 b\u00fdt dosa\u017eeno,\u00a0<strong>tvrd\u00ed, \u017ee existuje\u00a0\u00a0<em>\u201evysok\u00e1 \u00farove\u0148 interakce mezi hmyz\u00edm sektorem a zast\u0159e\u0161uj\u00edc\u00edmi c\u00edli udr\u017eiteln\u00e9ho rozvoje\u201c\u00a0<\/em>\u00a0, co\u017e podporuje\u00a0\u00a0<em>\u201elep\u0161\u00ed hmyz\u00ed politiku\u201c.<\/em>\u00a0\u00a0od\u016fvodn\u011bte (\u00a0<a href=\"https:\/\/pubmed.ncbi.nlm.nih.gov\/34203968\/\" target=\"_blank\" rel=\"noreferrer noopener\">viz studie<\/a> ).<\/strong><\/p>\n<figure class=\"wp-block-image size-full\"><img decoding=\"async\" loading=\"lazy\" class=\"wp-image-114677 lazyloaded\" src=\"https:\/\/report24.news\/wp-content\/uploads\/2024\/02\/Screenshot-2024-02-12-at-12.08.45.png\" sizes=\"(max-width: 1500px) 100vw, 1500px\" srcset=\"https:\/\/report24.news\/wp-content\/uploads\/2024\/02\/Screenshot-2024-02-12-at-12.08.45.png 1500w, https:\/\/report24.news\/wp-content\/uploads\/2024\/02\/Screenshot-2024-02-12-at-12.08.45-768x436.png 768w, https:\/\/report24.news\/wp-content\/uploads\/2024\/02\/Screenshot-2024-02-12-at-12.08.45-150x85.png 150w, https:\/\/report24.news\/wp-content\/uploads\/2024\/02\/Screenshot-2024-02-12-at-12.08.45-600x341.png 600w\" alt=\"\" width=\"1121\" height=\"637\" data-srcset=\"https:\/\/report24.news\/wp-content\/uploads\/2024\/02\/Screenshot-2024-02-12-at-12.08.45.png 1500w, https:\/\/report24.news\/wp-content\/uploads\/2024\/02\/Screenshot-2024-02-12-at-12.08.45-768x436.png 768w, https:\/\/report24.news\/wp-content\/uploads\/2024\/02\/Screenshot-2024-02-12-at-12.08.45-150x85.png 150w, https:\/\/report24.news\/wp-content\/uploads\/2024\/02\/Screenshot-2024-02-12-at-12.08.45-600x341.png 600w\" data-src=\"https:\/\/report24.news\/wp-content\/uploads\/2024\/02\/Screenshot-2024-02-12-at-12.08.45.png\" \/><figcaption class=\"wp-element-caption\"><strong>Obr\u00e1zek 1.\u00a0<\/strong>\u00a0<a href=\"https:\/\/pubmed.ncbi.nlm.nih.gov\/34203968\/#&amp;gid=article-figures&amp;pid=figure-1-uid-0\">Mapa interakce<\/a>\u00a0\u00a0mezi hmyzem a c\u00edli udr\u017eiteln\u00e9ho rozvoje.<\/figcaption><\/figure>\n<p>Pokud by n\u011bkdy existovala skute\u010dn\u00e1 pot\u0159eba bojovat proti hladu v rozvojov\u00fdch zem\u00edch, v posledn\u00edch 60 letech by se naskytla spousta p\u0159\u00edle\u017eitost\u00ed.<\/p>\n<p><strong>Pak by velk\u00e9 oblasti v rozvojov\u00fdch zem\u00edch neskupovali semenn\u00ed monopolist\u00e9 a chyta\u010di p\u016fdy, korporace by nevy\u010derpaly znalosti domorod\u00e9ho obyvatelstva a nep\u0159em\u011bnily by je na byznys a investo\u0159i by neod\u0159\u00edzli vodu od venkova. obyvatelstvo z\u00e1visl\u00e9 na zem\u011bd\u011blstv\u00ed.<\/strong>\u00a0Je tak\u00e9 v rozporu se v\u0161emi z\u00e1kony rozumu o\u017eebra\u010dovat drobn\u00e9 farm\u00e1\u0159e, kte\u0159\u00ed \u017eiv\u00ed 2\/3 sv\u011btov\u00e9 populace a zbavuje je jejich povol\u00e1n\u00ed, pokud se neza\u010dnou v\u011bnovat chovu hmyzu, kter\u00fd \u00fadajn\u011b uvoln\u00ed\u00a0\u00a0<a href=\"https:\/\/www.dw.com\/en\/eu-insects-climate-change\/a-64503440\" target=\"_blank\" rel=\"noreferrer noopener\">70 % zem\u011bd\u011blsk\u00e9 p\u016fdy zem\u011b a 23 % CO2 by m\u011blo b\u00fdt ulo\u017een\u00e9.<\/a>\u00a0\u00a0Aby v\u0161ak vyvlastn\u011bn\u00ed skryla, byla v roce 2020 ud\u011blena Nobelova cena m\u00edru Sv\u011btov\u00e9 potravinov\u00e9 organizaci (WFP), kter\u00e1 podkop\u00e1v\u00e1 potravinovou pomoc nef\u00e9rov\u00fdmi obchodn\u00edmi dohodami a br\u00e1n\u00ed dokonce vytv\u00e1\u0159en\u00ed m\u00edstn\u00edch z\u00e1sob. Nejinak je tomu u Nobelovy ceny za medic\u00ednu, kter\u00e1 se bude ud\u011blovat v roce 2023. Paralely jsou prost\u011b z\u0159ejm\u00e9.<\/p>\n<p>C\u00edlem je \u00fapln\u00e1 synchronizace zem\u011bd\u011blstv\u00ed a z\u00e1sobov\u00e1n\u00ed potravinami a tak\u00e9 kontrola mas.<\/p>\n<p><em>\u201eV budoucnu ji\u017e suver\u00e9nn\u00ed \u201eautoritu\u201c nad potravinami a zem\u011bd\u011blstv\u00edm, chovem dobytka a lesnictv\u00ed nebude m\u00edt ministerstva zem\u011bd\u011blstv\u00ed nebo zdravotnictv\u00ed Spolkov\u00e9 republiky N\u011bmecko, Francie nebo Spojen\u00fdch st\u00e1t\u016f americk\u00fdch, ani Kongres USA, N\u00e1rodn\u00ed shrom\u00e1\u017ed\u011bn\u00ed N\u011bmeck\u00fd Bundestag nebo Bundesrat; a u\u017e v\u016fbec ne vlastn\u00edky p\u016fdy a les\u016f nebo hospod\u00e1\u0159sk\u00e1 zv\u00ed\u0159ata, vodu nebo zem\u011bd\u011blce. Ne: skute\u010dn\u00fdmi autoritami budou WHO a\u00a0\u00a0<\/em><a href=\"https:\/\/www.who.int\/teams\/one-health-initiative\/quadripartite-secretariat-for-one-health\" target=\"_blank\" rel=\"noreferrer noopener\">Quadripartite\u00a0<\/a><em>\u00a0[Pozn\u00e1mka:\u00a0<\/em>\u00a0FAO\/UNEP\/WHO\/WOAH]\u00a0<em> . Nevolen\u00fd, nedemokraticky legitimovan\u00fd, nekontrolovan\u00fd, netransparentn\u00ed, nikomu se nezodpov\u00eddaj\u00edc\u00ed, pr\u00e1vn\u011b nenapadnuteln\u00fd, nadn\u00e1rodn\u00ed, imunn\u00ed.\u201c\u00a0<\/em>varuje tak\u00e9 Uwe Kranz.<\/p>\n<p>Podpisem pr\u00e1vn\u00edch n\u00e1stroj\u016f WHO IHR a CA+ \u010dlensk\u00fd st\u00e1t uzn\u00e1v\u00e1 \u201e\u00a0<a href=\"https:\/\/www.who.int\/news-room\/questions-and-answers\/item\/one-health\" target=\"_blank\" rel=\"noreferrer noopener\"><em>jednotn\u00fd p\u0159\u00edstup ke zdrav\u00ed<\/em><\/a>\u00a0\u201c, kter\u00fd vy\u017eaduje, aby WHO tak\u00e9 monitorovala divokou p\u0159\u00edrodu.<\/p>\n<p>Protesty farm\u00e1\u0159\u016f, kter\u00fdch jsme v t\u00e9to zemi sv\u011bdky, jsou tedy nejen opr\u00e1vn\u011bn\u00e9, ale p\u0159edstavuj\u00ed akt sebeobrany proti zcela invazivn\u00edm, nelegitimn\u00edm pokus\u016fm zcela zvr\u00e1tit z\u00e1klady na\u0161\u00ed lidsk\u00e9 civilizace. C\u00edlem v\u0161ech t\u011bchto opat\u0159en\u00ed je \u2013 a mo\u017en\u00e1 si mysl\u00edte, \u017ee jsme zap\u0159is\u00e1hl\u00ed lid\u00e9 \u2013 p\u0159em\u011bnit lidstvo ve funguj\u00edc\u00ed roboty bez jak\u00e9koli empatie, individualismu a ve zcela p\u0159edv\u00eddateln\u00e9 jednotky, aby bylo umo\u017en\u011bno t\u011bm nemnoha lidem, kte\u0159\u00ed v sou\u010dasnosti v\u011b\u0159\u00ed, \u017ee mohou ur\u010dovat osud lidstva prost\u0159ednictv\u00edm sv\u00fdch pen\u011bz zachr\u00e1nit \u00fadajn\u011b ohro\u017eenou budoucnost.\u00a0<strong>Ale budoucnost je ohro\u017eena pr\u00e1v\u011b kv\u016fli t\u011bmto nemnoha. A\u0165 u\u017e Green Deal, One Health, Great Reset, bod obratu atd. Ti, kte\u0159\u00ed vyu\u017e\u00edvaj\u00ed krize jako \u0161okovou strategii, ned\u011blaj\u00ed \u017e\u00e1dn\u00e9 zm\u011bny k lep\u0161\u00edmu.<\/strong>\u00a0H\u00e1zen\u00ed potravy pro hmyz na obyvatelstvo, stejn\u011b jako maska, slou\u017e\u00ed pouze jako gesto pon\u00ed\u017een\u00ed. To se nepoda\u0159\u00ed, proto\u017ee nez\u00e1vislost a individualita na\u0161ich dodavatel\u016f potravin, zem\u011bd\u011blc\u016f, jsou siln\u011bj\u0161\u00ed ne\u017e s\u00edly konformity.<\/p>\n<p><img decoding=\"async\" loading=\"lazy\" class=\"alignnone size-full wp-image-1185\" src=\"http:\/\/www.infokuryr.cz\/n\/wp-content\/uploads\/2021\/04\/kuryr-podpis.png\" alt=\"\" width=\"84\" height=\"24\" \/><\/p>\n<p>&nbsp;<\/p>\n<p>&nbsp;<\/p>\n","protected":false},"excerpt":{"rendered":"<p>Protesty farm\u00e1\u0159\u016f se nikdy net\u00fdkaly jen dotac\u00ed a zem\u011bd\u011blsk\u00e9 nafty: V n\u00e1vaznosti na dokument Epoch&#8230;<\/p>\n","protected":false},"author":2,"featured_media":37295,"comment_status":"closed","ping_status":"closed","sticky":false,"template":"","format":"standard","meta":[],"categories":[7],"tags":[2739,279,2499,6778],"_links":{"self":[{"href":"https:\/\/www.infokuryr.cz\/n\/wp-json\/wp\/v2\/posts\/46861"}],"collection":[{"href":"https:\/\/www.infokuryr.cz\/n\/wp-json\/wp\/v2\/posts"}],"about":[{"href":"https:\/\/www.infokuryr.cz\/n\/wp-json\/wp\/v2\/types\/post"}],"author":[{"embeddable":true,"href":"https:\/\/www.infokuryr.cz\/n\/wp-json\/wp\/v2\/users\/2"}],"replies":[{"embeddable":true,"href":"https:\/\/www.infokuryr.cz\/n\/wp-json\/wp\/v2\/comments?post=46861"}],"version-history":[{"count":1,"href":"https:\/\/www.infokuryr.cz\/n\/wp-json\/wp\/v2\/posts\/46861\/revisions"}],"predecessor-version":[{"id":46862,"href":"https:\/\/www.infokuryr.cz\/n\/wp-json\/wp\/v2\/posts\/46861\/revisions\/46862"}],"wp:featuredmedia":[{"embeddable":true,"href":"https:\/\/www.infokuryr.cz\/n\/wp-json\/wp\/v2\/media\/37295"}],"wp:attachment":[{"href":"https:\/\/www.infokuryr.cz\/n\/wp-json\/wp\/v2\/media?parent=46861"}],"wp:term":[{"taxonomy":"category","embeddable":true,"href":"https:\/\/www.infokuryr.cz\/n\/wp-json\/wp\/v2\/categories?post=46861"},{"taxonomy":"post_tag","embeddable":true,"href":"https:\/\/www.infokuryr.cz\/n\/wp-json\/wp\/v2\/tags?post=46861"}],"curies":[{"name":"wp","href":"https:\/\/api.w.org\/{rel}","templated":true}]}}