{"id":46842,"date":"2024-02-12T07:04:16","date_gmt":"2024-02-12T06:04:16","guid":{"rendered":"https:\/\/www.infokuryr.cz\/n\/?p=46842"},"modified":"2024-02-12T07:04:16","modified_gmt":"2024-02-12T06:04:16","slug":"syrie-je-pripravena-na-valku-s-izraelem","status":"publish","type":"post","link":"https:\/\/www.infokuryr.cz\/n\/2024\/02\/12\/syrie-je-pripravena-na-valku-s-izraelem\/","title":{"rendered":"S\u00fdrie je p\u0159ipravena na \u201ev\u00e1lku\u201c s Izraelem"},"content":{"rendered":"<div id=\"fb-root\"><\/div>\n<p><span style=\"font-size: 18pt;\"><strong>Faisal Mekdad prohl\u00e1sil, \u017ee ukon\u010den\u00ed okupace Golansk\u00fdch v\u00fd\u0161in je pro Dama\u0161ek \u201enejvy\u0161\u0161\u00ed prioritou\u201c<\/strong><\/span><\/p>\n<p><span>Dama\u0161ek je pln\u011b p\u0159ipraven br\u00e1nit sv\u00e9 \u00fazem\u00ed v potenci\u00e1ln\u00edm vojensk\u00e9m konfliktu s Izraelem, \u0159ekl v ned\u011bli syrsk\u00fd ministr zahrani\u010d\u00ed Faisal Mekdad, kdy\u017e region\u00e1ln\u00ed krize pokra\u010duje.<\/span><\/p>\n<p><span>Mekdad hovo\u0159il na sch\u016fzce s \u00edr\u00e1nsk\u00fdm ministrem zahrani\u010d\u00ed Hosseinem Amir-Abdollahianem v Dama\u0161ku, kde jednali o spole\u010dn\u00e9 podpo\u0159e Palestinc\u016f b\u011bhem v\u00e1lky Izraele s Hamasem v Gaze.<\/span><\/p>\n<p><span>Mekdad \u0159ekl, \u017ee S\u00fdrie\u00a0<\/span><em><span>\u201eodol\u00e1v\u00e1\u201c<\/span><\/em><span>\u00a0 agresi Izraele od roku 1948, kdy vypukla prvn\u00ed plnohodnotn\u00e1 v\u00e1lka mezi n\u011bkolika arabsk\u00fdmi n\u00e1rody a nov\u011b zalo\u017een\u00fdm \u017eidovsk\u00fdm st\u00e1tem.<\/span><\/p>\n<p><em><span>\u201eS\u00fdrie vedla v\u00e1lky proti izraelsk\u00e9 okupaci a je p\u0159ipravena v\u00e9st v\u00e1lky, ale rozhodne, kdy a jak,\u201c<\/span><\/em><span>\u00a0zd\u016fraznil ministr zahrani\u010d\u00ed a upozornil na v\u00fdznam Golansk\u00fdch v\u00fd\u0161in \u2013 \u010d\u00e1sti jihoz\u00e1padn\u00ed S\u00fdrie, kterou Izrael od roku 1967 ovl\u00e1d\u00e1.<\/span><\/p>\n<p><span>Ukon\u010den\u00ed izraelsk\u00e9 okupace Golansk\u00fdch v\u00fd\u0161in je\u00a0<\/span><em><span>\u201ena vrcholu na\u0161ich priorit,\u201c<\/span><\/em><span>\u00a0trval na sv\u00e9m Makded a dodal, \u017ee\u00a0<\/span><em><span>\u201eS\u00fdrie je p\u0159ipravena zaplatit cenu za v\u0161echny tyto osvobozeneck\u00e9 operace\u201c.<\/span><\/em><\/p>\n<p><span>Nejvy\u0161\u0161\u00ed diplomat S\u00fdrie zd\u016fraznil, \u017ee p\u0159\u00edtomnost americk\u00fdch a tureck\u00fdch sil v zemi je rovn\u011b\u017e\u00a0<\/span><em><span>\u201enelegitimn\u00ed\u201c<\/span><\/em><span>\u00a0a mus\u00ed skon\u010dit.<\/span><\/p>\n<p><span>Amir-Abdollahian d\u00e1le odsoudil\u00a0\u00a0<\/span><em><span>\u201eneleg\u00e1ln\u00ed p\u0159\u00edtomnost ciz\u00edch jednotek v S\u00fdrii\u201c<\/span><\/em><span>\u00a0a obvinil USA a Izrael ze sp\u00e1ch\u00e1n\u00ed\u00a0<\/span><em><span>\u201egenocidy\u201c<\/span><\/em><span>\u00a0\u00a0na Palestinc\u00edch.<\/span><\/p>\n<p><span>USA provedly tento m\u011bs\u00edc n\u00e1lety v S\u00fdrii v reakci na \u00fatoky raketami a drony na americk\u00e9 z\u00e1kladny v regionu.<\/span><\/p>\n<p><span>Pentagon uvedl, \u017ee se zam\u011b\u0159oval na militantn\u00ed skupiny napojen\u00e9 na \u00cdr\u00e1n, kter\u00e9 st\u00e1ly za bombardov\u00e1n\u00edm z\u00e1kladny v Jord\u00e1nsku zn\u00e1m\u00e9 jako Tower 22 z 28. ledna, kde byli zabiti t\u0159i ameri\u010dt\u00ed voj\u00e1ci. S\u00fdrie \u00fatoky na sv\u00e9m \u00fazem\u00ed odsoudila jako\u00a0<\/span><em><span>\u201eileg\u00e1ln\u00ed\u201c<\/span><\/em><span>\u00a0podle mezin\u00e1rodn\u00edho pr\u00e1va.<\/span><\/p>\n<p><img decoding=\"async\" loading=\"lazy\" class=\"alignnone size-full wp-image-1185\" src=\"http:\/\/www.infokuryr.cz\/n\/wp-content\/uploads\/2021\/04\/kuryr-podpis.png\" alt=\"\" width=\"84\" height=\"24\" \/><\/p>\n<p>&nbsp;<\/p>\n<p>&nbsp;<\/p>\n","protected":false},"excerpt":{"rendered":"<p>Faisal Mekdad prohl\u00e1sil, \u017ee ukon\u010den\u00ed okupace Golansk\u00fdch v\u00fd\u0161in je pro Dama\u0161ek \u201enejvy\u0161\u0161\u00ed prioritou\u201c Dama\u0161ek je&#8230;<\/p>\n","protected":false},"author":2,"featured_media":46843,"comment_status":"closed","ping_status":"closed","sticky":false,"template":"","format":"standard","meta":[],"categories":[7],"tags":[6374,107,811,147,40],"_links":{"self":[{"href":"https:\/\/www.infokuryr.cz\/n\/wp-json\/wp\/v2\/posts\/46842"}],"collection":[{"href":"https:\/\/www.infokuryr.cz\/n\/wp-json\/wp\/v2\/posts"}],"about":[{"href":"https:\/\/www.infokuryr.cz\/n\/wp-json\/wp\/v2\/types\/post"}],"author":[{"embeddable":true,"href":"https:\/\/www.infokuryr.cz\/n\/wp-json\/wp\/v2\/users\/2"}],"replies":[{"embeddable":true,"href":"https:\/\/www.infokuryr.cz\/n\/wp-json\/wp\/v2\/comments?post=46842"}],"version-history":[{"count":0,"href":"https:\/\/www.infokuryr.cz\/n\/wp-json\/wp\/v2\/posts\/46842\/revisions"}],"wp:featuredmedia":[{"embeddable":true,"href":"https:\/\/www.infokuryr.cz\/n\/wp-json\/wp\/v2\/media\/46843"}],"wp:attachment":[{"href":"https:\/\/www.infokuryr.cz\/n\/wp-json\/wp\/v2\/media?parent=46842"}],"wp:term":[{"taxonomy":"category","embeddable":true,"href":"https:\/\/www.infokuryr.cz\/n\/wp-json\/wp\/v2\/categories?post=46842"},{"taxonomy":"post_tag","embeddable":true,"href":"https:\/\/www.infokuryr.cz\/n\/wp-json\/wp\/v2\/tags?post=46842"}],"curies":[{"name":"wp","href":"https:\/\/api.w.org\/{rel}","templated":true}]}}