{"id":46837,"date":"2024-02-12T06:37:55","date_gmt":"2024-02-12T05:37:55","guid":{"rendered":"https:\/\/www.infokuryr.cz\/n\/?p=46837"},"modified":"2024-02-12T06:37:55","modified_gmt":"2024-02-12T05:37:55","slug":"sef-pentagonu-je-opet-v-nemocnici-kvuli-nouzovemu-problemu-s-mocovym-mechyrem","status":"publish","type":"post","link":"https:\/\/www.infokuryr.cz\/n\/2024\/02\/12\/sef-pentagonu-je-opet-v-nemocnici-kvuli-nouzovemu-problemu-s-mocovym-mechyrem\/","title":{"rendered":"\u0160\u00e9f Pentagonu je op\u011bt v nemocnici kv\u016fli \u201enouzov\u00e9mu probl\u00e9mu s mo\u010dov\u00fdm m\u011bch\u00fd\u0159em\u201c"},"content":{"rendered":"<div id=\"fb-root\"><\/div>\n<p><span style=\"font-size: 18pt;\"><strong>Lloyd Austin vyhledal urgentn\u00ed l\u00e9\u010dbu letos ji\u017e podruh\u00e9<\/strong><\/span><\/p>\n<p><span>Americk\u00fd ministr obrany Lloyd Austin byl v ned\u011bli hospitalizov\u00e1n kv\u016fli l\u00e9ka\u0159sk\u00e9 pohotovosti, ozn\u00e1mil Pentagon.<\/span><\/p>\n<p><span>Podle mluv\u010d\u00edho Pentagonu, gener\u00e1lmajora Pata Rydera, byl Austin\u00a0<\/span><em><span>\u201ep\u0159evezen sv\u00fdm bezpe\u010dnostn\u00edm odd\u011blen\u00edm do N\u00e1rodn\u00edho vojensk\u00e9ho l\u00e9ka\u0159sk\u00e9ho centra Waltera Reeda, aby byl vy\u0161et\u0159en kv\u016fli symptom\u016fm nazna\u010duj\u00edc\u00edm vznikaj\u00edc\u00ed probl\u00e9m s mo\u010dov\u00fdm m\u011bch\u00fd\u0159em\u201c.<\/span><\/em><\/p>\n<p><span>Austin\u00a0<\/span><em><span>\u201ep\u0159evedl funkce a povinnosti \u00fa\u0159adu\u201c<\/span><\/em><span>\u00a0n\u00e1m\u011bstkyni ministra Kathleen Hicksovou, \u0159ekl mluv\u010d\u00ed.<\/span><\/p>\n<p><span>Ryder \u0159ekl, \u017ee o hospitalizaci byl informov\u00e1n B\u00edl\u00fd d\u016fm a Kongres.<\/span><\/p>\n<p><span>Austin podstoupil operaci k l\u00e9\u010db\u011b rakoviny prostaty 22. prosince. Pot\u00e9 byl za\u010d\u00e1tkem ledna na dva t\u00fddny hospitalizov\u00e1n kv\u016fli\u00a0<\/span><em><span>\u201ekomplikac\u00edm\u201c,<\/span><\/em><span>\u00a0uvedl Pentagon.<\/span><\/p>\n<p><span>Ministerstvo obrany bylo kritizov\u00e1no za zp\u016fsob, jak\u00fdm byl o\u0161et\u0159en Austin\u016fv lednov\u00fd pobyt v nemocnici pot\u00e9, co vy\u0161lo najevo, \u017ee Pentagon \u0159\u00e1dn\u011b informoval prezidenta Joea Bidena a\u017e o n\u011bkolik dn\u00ed pozd\u011bji.<\/span><\/p>\n<p><em><span>&#8222;Omluvil jsem se p\u0159\u00edmo prezidentu Bidenovi a \u0159ekl jsem mu, \u017ee je mi hluboce l\u00edto, \u017ee jsem mu nedal okam\u017eit\u011b v\u011bd\u011bt, \u017ee jsem dostal z\u00e1va\u017enou diagn\u00f3zu a dost\u00e1v\u00e1m l\u00e9\u010dbu,&#8220;<\/span><\/em><span>\u00a0\u0159ekl tehdy Austin. Dodal, \u017ee\u00a0<\/span><em><span>\u201enikdy nikomu nena\u0159\u00eddil\u201c,<\/span><\/em><span>\u00a0aby udr\u017eoval B\u00edl\u00fd d\u016fm v nev\u011bdomosti o jeho hospitalizaci.<\/span><\/p>\n<p><img decoding=\"async\" loading=\"lazy\" class=\"alignnone size-full wp-image-1185\" src=\"http:\/\/www.infokuryr.cz\/n\/wp-content\/uploads\/2021\/04\/kuryr-podpis.png\" alt=\"\" width=\"84\" height=\"24\" \/><\/p>\n<p>&nbsp;<\/p>\n<p>&nbsp;<\/p>\n","protected":false},"excerpt":{"rendered":"<p>Lloyd Austin vyhledal urgentn\u00ed l\u00e9\u010dbu letos ji\u017e podruh\u00e9 Americk\u00fd ministr obrany Lloyd Austin byl v&#8230;<\/p>\n","protected":false},"author":2,"featured_media":44200,"comment_status":"closed","ping_status":"closed","sticky":false,"template":"","format":"standard","meta":[],"categories":[7],"tags":[6607,1083,380],"_links":{"self":[{"href":"https:\/\/www.infokuryr.cz\/n\/wp-json\/wp\/v2\/posts\/46837"}],"collection":[{"href":"https:\/\/www.infokuryr.cz\/n\/wp-json\/wp\/v2\/posts"}],"about":[{"href":"https:\/\/www.infokuryr.cz\/n\/wp-json\/wp\/v2\/types\/post"}],"author":[{"embeddable":true,"href":"https:\/\/www.infokuryr.cz\/n\/wp-json\/wp\/v2\/users\/2"}],"replies":[{"embeddable":true,"href":"https:\/\/www.infokuryr.cz\/n\/wp-json\/wp\/v2\/comments?post=46837"}],"version-history":[{"count":0,"href":"https:\/\/www.infokuryr.cz\/n\/wp-json\/wp\/v2\/posts\/46837\/revisions"}],"wp:featuredmedia":[{"embeddable":true,"href":"https:\/\/www.infokuryr.cz\/n\/wp-json\/wp\/v2\/media\/44200"}],"wp:attachment":[{"href":"https:\/\/www.infokuryr.cz\/n\/wp-json\/wp\/v2\/media?parent=46837"}],"wp:term":[{"taxonomy":"category","embeddable":true,"href":"https:\/\/www.infokuryr.cz\/n\/wp-json\/wp\/v2\/categories?post=46837"},{"taxonomy":"post_tag","embeddable":true,"href":"https:\/\/www.infokuryr.cz\/n\/wp-json\/wp\/v2\/tags?post=46837"}],"curies":[{"name":"wp","href":"https:\/\/api.w.org\/{rel}","templated":true}]}}