{"id":4680,"date":"2021-09-11T09:36:32","date_gmt":"2021-09-11T07:36:32","guid":{"rendered":"http:\/\/www.infokuryr.cz\/n\/?p=4680"},"modified":"2021-09-11T09:36:32","modified_gmt":"2021-09-11T07:36:32","slug":"konec-hotovosti-vyzkousen-uz-se-pripravuji-prvni-kroky-spolecne-dluhy","status":"publish","type":"post","link":"https:\/\/www.infokuryr.cz\/n\/2021\/09\/11\/konec-hotovosti-vyzkousen-uz-se-pripravuji-prvni-kroky-spolecne-dluhy\/","title":{"rendered":"Konec hotovosti vyzkou\u0161en! U\u017e se p\u0159ipravuj\u00ed prvn\u00ed kroky! Spole\u010dn\u00e9 dluhy!"},"content":{"rendered":"<div id=\"fb-root\"><\/div>\n<h1 id=\"map_989_eu_konec_hotovosti_vyzkousen_uz_se_pripravuji_prvni_kroky_spolecne_dluhy\" class=\"sectionedit2\"><span style=\"font-size: 16px;\">EU: 8 zem\u00ed pod veden\u00edm Rakouska se postavilo na odpor dluhov\u00e9 a bankovn\u00ed unii! Francie u\u017e vyzkou\u0161ela kamerov\u00fd bezhotovostn\u00ed platebn\u00ed a sledovac\u00ed syst\u00e9m! Dluhov\u00e1 a bankovn\u00ed unie v\u0161ech zem\u00ed EU m\u00e1 b\u00fdt prvn\u00edm krokem k likvidaci v\u0161\u00ed hotovosti, pokladen a dokonce i platebn\u00edch karet! P\u0159ed t\u00edm se m\u00e1me masivn\u011b zadlu\u017eit a zaplatit dluhy Francie a Jihu EU. O budoucnosti EU se kupodivu nerozhodne v n\u011bmeck\u00fdch volb\u00e1ch, ale v \u010desk\u00fdch!<\/span><\/h1>\n<div class=\"level1\">\n<p>O tom, \u017ee skupina \u201eRockfellerov\u00fdch\u201c bank\u00e9\u0159\u016f kolem Macrona a Draghiho se chyst\u00e1 na podzim prosadit masivn\u00ed spole\u010dn\u00e9 zadlu\u017een\u00ed v\u0161ech zem\u00ed EU a vznik Evropsk\u00e9 dluhov\u00e9 unie, ve kter\u00e9 bude muset men\u0161ina (mal\u00e9 zem\u011b) poslouchat v\u011bt\u0161inu (velk\u00e9 zem\u011b) jsme informovali v l\u00e9t\u011b. S nap\u011bt\u00edm jsme sledovali, zda se rakousk\u00e9mu Kurzovi a jeho ministru financ\u00ed Bl\u00fcmelovi\u00a0<a class=\"urlextern\" title=\"https:\/\/rmx.news\/czech-republic\/czechs-are-more-critical-of-eu-membership-than-hungarians\/\" href=\"https:\/\/rmx.news\/czech-republic\/czechs-are-more-critical-of-eu-membership-than-hungarians\/\" rel=\"nofollow\">poda\u0159\u00ed zformovat dostate\u010dn\u011b silnou skupinu<\/a>, aby pl\u00e1ny p\u0159ekazili. Bl\u00fcmel na tom pracoval od za\u010d\u00e1tku srpna a teprve v\u010dera na ve\u0159ejnost unikl dokument podepsan\u00fd 8 ministry financ\u00ed zem\u00ed EU, kter\u00fd sv\u011bd\u010d\u00ed o tom, \u017ee se Bl\u00fcmelovi d\u00edlo poda\u0159ilo, a to i bez N\u011bmecka!<\/p>\n<p>N\u011bme\u010dt\u00ed politici CDU\/CSU sice na posledn\u00ed chv\u00edl\u00ed p\u0159ed dluhovou unii a spiknut\u00edm levi\u010d\u00e1k\u016f\u00a0<a class=\"urlextern\" title=\"https:\/\/twitter.com\/_FriedrichMerz\/status\/1435960575251472388\" href=\"https:\/\/twitter.com\/_FriedrichMerz\/status\/1435960575251472388\" rel=\"nofollow\">varovali,<\/a>\u00a0ale v N\u011bmecku\u00a0<a class=\"urlextern\" title=\"https:\/\/www.politico.eu\/article\/germany-election-2021-red-scare-angela-merkel-cdu-armin-laschet-spd-olaf-scholz-greens\/\" href=\"https:\/\/www.politico.eu\/article\/germany-election-2021-red-scare-angela-merkel-cdu-armin-laschet-spd-olaf-scholz-greens\/\" rel=\"nofollow\">se zd\u00e1, se chop\u00ed v z\u00e1\u0159\u00ed moci levi\u010d\u00e1ci,<\/a>\u00a0a ti stejn\u011b jako \u010de\u0161t\u00ed Pir\u00e1ti a jejich d\u00e9mon-bloky pl\u00e1ny bank\u00e9\u0159\u016f podporuj\u00ed.<\/p>\n<p>O to v\u00edce p\u0159ekvapuj\u00edc\u00ed\u00a0<a class=\"urlextern\" title=\"https:\/\/www.politico.eu\/article\/eight-countries-led-by-austria-slam-calls-to-loosen-eu-fiscal-rules\/\" href=\"https:\/\/www.politico.eu\/article\/eight-countries-led-by-austria-slam-calls-to-loosen-eu-fiscal-rules\/\" rel=\"nofollow\">jsou na Kurzov\u011b dokumentu podpisy \u010ceska i Slovenska.<\/a>\u00a0\u010caputov\u00e1 evidentn\u011b u\u017e nezvl\u00e1d\u00e1 plnit \u00falohu otupit odpor V4 proti centralistick\u00fdm snah\u00e1m Bruselu. A Babi\u0161ovi nezb\u00fdv\u00e1 nic jin\u00e9ho, pokud chce politicky (nejen) p\u0159e\u017e\u00edt. V ka\u017ed\u00e9m p\u0159\u00edpad\u011b podpis ANO na dokumentu proti bruselistick\u00fdm centralistick\u00fdm snah\u00e1m ukazuje nev\u00eddanou d\u016fle\u017eitost \u010desk\u00fdch voleb &#8211; nezv\u00edt\u011bz\u00ed-li D\u00e9mon-bloky &#8211; bude Kurzova skupina dostate\u010dn\u011b siln\u00e1, aby Dluhovou Unii zablokovala.<\/p>\n<p><a class=\"urlextern\" title=\"https:\/\/rmx.news\/czech-republic\/czechs-are-more-critical-of-eu-membership-than-hungarians\/\" href=\"https:\/\/rmx.news\/czech-republic\/czechs-are-more-critical-of-eu-membership-than-hungarians\/\" rel=\"nofollow\">Podle pr\u016fzkumu ve\u0159ejn\u00e9ho m\u00edn\u011bn\u00ed je 30% \u010cech\u016f p\u0159esv\u011bd\u010deno<\/a>, \u017ee EU je \u0161patn\u00e1 v\u011bc a jenom 41% p\u0159esv\u011bd\u010deno, \u017ee EU je dobr\u00e1 v\u011bc! 29% \u010cech\u016f je nerozhodn\u00fdch. To znamen\u00e1, \u017ee nad\u011bje na czexit je re\u00e1ln\u00e1 a m\u016f\u017ee b\u00fdt uskute\u010dn\u011bna, proto\u017ee jak p\u0159edpokl\u00e1daj\u00ed bank\u00e9\u0159i, zablokov\u00e1n\u00ed dluhov\u00e9 unie vytvo\u0159\u00ed finan\u010dn\u00ed tlak na p\u0159edlu\u017een\u00e9 ji\u017en\u00ed zem\u011b EU a Francii, a ten by mohl v\u00e9st a\u017e k rozpadu EU, a nebo k n\u00e1vratu EU p\u0159ed Lisabonskou smlouvu.<\/p>\n<p>Situace je o to v\u00e1\u017en\u011bj\u0161\u00ed, \u017ee francouzsk\u00fd \u0159et\u011bzec Carrefour stejn\u011b jako Amazon \u00fasp\u011b\u0161n\u011b otestovali obchody bez platebn\u00edch termin\u00e1l\u016f. Kde soustava vysoce v\u00fdkonn\u00fdch kamer a \u010dip\u016f sleduje nakupuj\u00edc\u00ed a prov\u00e1d\u00ed automatick\u00e9 platby za zbo\u017e\u00ed, kter\u00e9 si nakupuj\u00edc\u00ed z obchodu odnesou. Z technologick\u00e9ho \u0159e\u0161en\u00ed tohoto bezhotovostn\u00edho n\u00e1kupn\u00edho syst\u00e9mu je z\u0159ejm\u00e9, \u017ee jeho nutnou podm\u00ednkou provozu je nep\u0159etr\u017eit\u00e9 sledov\u00e1n\u00ed z\u00e1kazn\u00edku chytr\u00fdmi kamerami, \u010dipy a mobily. Je z\u0159ejm\u00e9, \u017ee bank\u00e9\u0159i u\u017e maj\u00ed k dispozici technologie, jak vy\u0159adit hotovost. Jejich zaveden\u00ed br\u00e1n\u00ed u\u017e jenom z\u00e1kony EU a USA o z\u00e1kazu komer\u010dn\u00edho sledov\u00e1n\u00ed osob. C\u00edlem bank\u00e9\u0159\u016f je v EU zav\u00e9st v\u011bt\u0161inov\u00e9 hlasov\u00e1n\u00ed, jedinou centr\u00e1ln\u00ed banku, a nad\u0159azenost Bruselu n\u00e1rodn\u00edm st\u00e1t\u016fm. Jakmile si polo\u017e\u00edte ot\u00e1zku pro\u010d? M\u00e1te rychlou odpov\u011b\u010f &#8211; pot\u0159ebuj\u00ed odstranit z\u00e1kony proti sledov\u00e1n\u00ed osob, aby mohli vy\u0159adit hotovostn\u00ed platby. T\u00edm by kone\u010dn\u011b m\u011bli v\u0161echnu moc ve sv\u00fdch rukou. Na\u0161t\u011bst\u00ed tomu skupina 8 st\u00e1t\u016f asi zabr\u00e1n\u00ed.<\/p>\n<\/div>\n<p><a href=\"http:\/\/michalapetr.cz\/doku.php\">ZDROJ<\/a><\/p>\n<p>&nbsp;<\/p>\n","protected":false},"excerpt":{"rendered":"<p>EU: 8 zem\u00ed pod veden\u00edm Rakouska se postavilo na odpor dluhov\u00e9 a bankovn\u00ed unii! Francie&#8230;<\/p>\n","protected":false},"author":2,"featured_media":1024,"comment_status":"closed","ping_status":"closed","sticky":false,"template":"","format":"standard","meta":[],"categories":[6],"tags":[503,1181,59,41,90],"_links":{"self":[{"href":"https:\/\/www.infokuryr.cz\/n\/wp-json\/wp\/v2\/posts\/4680"}],"collection":[{"href":"https:\/\/www.infokuryr.cz\/n\/wp-json\/wp\/v2\/posts"}],"about":[{"href":"https:\/\/www.infokuryr.cz\/n\/wp-json\/wp\/v2\/types\/post"}],"author":[{"embeddable":true,"href":"https:\/\/www.infokuryr.cz\/n\/wp-json\/wp\/v2\/users\/2"}],"replies":[{"embeddable":true,"href":"https:\/\/www.infokuryr.cz\/n\/wp-json\/wp\/v2\/comments?post=4680"}],"version-history":[{"count":0,"href":"https:\/\/www.infokuryr.cz\/n\/wp-json\/wp\/v2\/posts\/4680\/revisions"}],"wp:featuredmedia":[{"embeddable":true,"href":"https:\/\/www.infokuryr.cz\/n\/wp-json\/wp\/v2\/media\/1024"}],"wp:attachment":[{"href":"https:\/\/www.infokuryr.cz\/n\/wp-json\/wp\/v2\/media?parent=4680"}],"wp:term":[{"taxonomy":"category","embeddable":true,"href":"https:\/\/www.infokuryr.cz\/n\/wp-json\/wp\/v2\/categories?post=4680"},{"taxonomy":"post_tag","embeddable":true,"href":"https:\/\/www.infokuryr.cz\/n\/wp-json\/wp\/v2\/tags?post=4680"}],"curies":[{"name":"wp","href":"https:\/\/api.w.org\/{rel}","templated":true}]}}