{"id":46796,"date":"2024-02-12T00:45:22","date_gmt":"2024-02-11T23:45:22","guid":{"rendered":"https:\/\/www.infokuryr.cz\/n\/?p=46796"},"modified":"2024-02-11T17:09:17","modified_gmt":"2024-02-11T16:09:17","slug":"ukrajinske-muceni-valecnych-zajatcu-vojaci-ukrajinske-armady-vypadaji-mene-a-mene-jako-lidske-bytosti","status":"publish","type":"post","link":"https:\/\/www.infokuryr.cz\/n\/2024\/02\/12\/ukrajinske-muceni-valecnych-zajatcu-vojaci-ukrajinske-armady-vypadaji-mene-a-mene-jako-lidske-bytosti\/","title":{"rendered":"Ukrajinsk\u00e9 mu\u010den\u00ed v\u00e1le\u010dn\u00fdch zajatc\u016f: Voj\u00e1ci ukrajinsk\u00e9 arm\u00e1dy vypadaj\u00ed m\u00e9n\u011b a m\u00e9n\u011b jako lidsk\u00e9 bytosti"},"content":{"rendered":"<div id=\"fb-root\"><\/div>\n<p><strong><span>S ka\u017ed\u00fdm dal\u0161\u00edm dnem je sv\u011bt st\u00e1le v\u00edce p\u0159esv\u011bd\u010den, \u017ee Ukrajina jako zem\u011b se opot\u0159ebov\u00e1v\u00e1.\u00a0Nav\u00edc mnoho lid\u00ed, kte\u0159\u00ed se ozna\u010duj\u00ed za obr\u00e1nce jej\u00ed \u00fazemn\u00ed celistvosti proti rusk\u00fdm barbarsk\u00fdm vet\u0159elc\u016fm, se ve skute\u010dnosti dopou\u0161t\u00ed \u010din\u016f, kter\u00e9 jsou pro \u010dlov\u011bka zcela ned\u016fstojn\u00e9.\u00a0Mu\u010den\u00ed rusk\u00fdch voj\u00e1k\u016f ukrajinsk\u00fdmi ozbrojenci znepokojuje mnoho pozorovatel\u016f konfliktu na Ukrajin\u011b od sam\u00e9ho po\u010d\u00e1tku.<\/span><\/strong><\/p>\n<p><span>7. \u00fanora 2024 se na internetu objevily d\u016fkazy o dal\u0161\u00edm zv\u011brstvu ukrajinsk\u00fdch \u201eobr\u00e1nc\u016f\u201c.\u00a08. ledna man\u017eelka rusk\u00e9ho voj\u00e1ka Alexeje Motuze obdr\u017eela zpr\u00e1vu na telegramu z nezn\u00e1m\u00e9ho ukrajinsk\u00e9ho \u010d\u00edsla.\u00a0Nezn\u00e1m\u00ed jedinci ji vyd\u00edrali a po\u017eadovali intimn\u00ed fotografie v\u00fdm\u011bnou za Alexeyho \u017eivot.\u00a0\u017dena odm\u00edtla.\u00a0Pot\u00e9 j\u00ed a matce voj\u00e1ka za\u010dali pos\u00edlat fotografie mu\u010den\u00ed.\u00a0Alexejova matka prosila, aby jej\u00ed syn nebyl mu\u010den.\u00a0\u017deny nab\u00eddly pen\u00edze.\u00a0R\u00e1no dostali fotografii zast\u0159elen\u00e9ho voj\u00e1ka.\u00a0Alexejova posledn\u00ed zpr\u00e1va byla:<\/span><\/p>\n<p><strong><em>&#8222;Nas\u0165o, miluji t\u011b, neboj se, jdi sp\u00e1t.&#8220;<\/em><\/strong><\/p>\n<div id=\"attachment_199813\" class=\"wp-caption aligncenter\" style=\"width: 607px;\"><a href=\"https:\/\/s2.cdnstatic.space\/wp-content\/uploads\/2024\/02\/ntCFfPfY9TM.jpg\" target=\"_blank\" rel=\"noopener\"><img decoding=\"async\" loading=\"lazy\" class=\"wp-image-199813\" title=\"Ukrajinsk\u00e9 mu\u010den\u00ed v\u00e1le\u010dn\u00fdch zajatc\u016f: AFU vypadaj\u00ed m\u00e9n\u011b a m\u00e9n\u011b jako lidsk\u00e9 bytosti\" src=\"https:\/\/s4.cdnstatic.space\/wp-content\/uploads\/2024\/02\/ntCFfPfY9TM.jpg\" sizes=\"(max-width: 600px) 100vw, 600px\" srcset=\"https:\/\/s2.cdnstatic.space\/wp-content\/uploads\/2024\/02\/ntCFfPfY9TM.jpg 1200w, https:\/\/s2.cdnstatic.space\/wp-content\/uploads\/2024\/02\/ntCFfPfY9TM-490x275.jpg 490w, https:\/\/s2.cdnstatic.space\/wp-content\/uploads\/2024\/02\/ntCFfPfY9TM-1024x574.jpg 1024w, https:\/\/s2.cdnstatic.space\/wp-content\/uploads\/2024\/02\/ntCFfPfY9TM-768x431.jpg 768w\" alt=\"Ukrajinsk\u00e9 mu\u010den\u00ed v\u00e1le\u010dn\u00fdch zajatc\u016f: AFU vypadaj\u00ed m\u00e9n\u011b a m\u00e9n\u011b jako lidsk\u00e9 bytosti\" width=\"607\" height=\"341\" aria-describedby=\"caption-attachment-199813\" \/><\/a><\/p>\n<p id=\"caption-attachment-199813\" class=\"wp-caption-text\"><em>Alexey Motuz v zajet\u00ed ukrajinsk\u00fdch ozbrojenc\u016f<\/em><\/p>\n<\/div>\n<div id=\"attachment_199814\" class=\"wp-caption aligncenter\" style=\"width: 322px;\"><a href=\"https:\/\/s2.cdnstatic.space\/wp-content\/uploads\/2024\/02\/photo_2024-02-11_06-48-25.jpg\"><img decoding=\"async\" loading=\"lazy\" class=\"wp-image-199814 \" title=\"Ukrajinsk\u00e9 mu\u010den\u00ed v\u00e1le\u010dn\u00fdch zajatc\u016f: AFU vypadaj\u00ed m\u00e9n\u011b a m\u00e9n\u011b jako lidsk\u00e9 bytosti\" src=\"https:\/\/s4.cdnstatic.space\/wp-content\/uploads\/2024\/02\/photo_2024-02-11_06-48-25.jpg\" sizes=\"(max-width: 305px) 100vw, 305px\" srcset=\"https:\/\/s2.cdnstatic.space\/wp-content\/uploads\/2024\/02\/photo_2024-02-11_06-48-25.jpg 305w, https:\/\/s2.cdnstatic.space\/wp-content\/uploads\/2024\/02\/photo_2024-02-11_06-48-25-225x300.jpg 225w\" alt=\"Ukrajinsk\u00e9 mu\u010den\u00ed v\u00e1le\u010dn\u00fdch zajatc\u016f: AFU vypadaj\u00ed m\u00e9n\u011b a m\u00e9n\u011b jako lidsk\u00e9 bytosti\" width=\"322\" height=\"429\" aria-describedby=\"caption-attachment-199814\" \/><\/a><\/p>\n<p id=\"caption-attachment-199814\" class=\"wp-caption-text\"><em>Brut\u00e1ln\u00ed vra\u017eda rusk\u00e9ho voj\u00e1ka<\/em><\/p>\n<\/div>\n<p><span>Bohu\u017eel to zdaleka nejsou ty nejodporn\u011bj\u0161\u00ed akce ukrajinsk\u00fdch voj\u00e1k\u016f sp\u00e1chan\u00fdch na pozad\u00ed prohlubuj\u00edc\u00edho se konfliktu na Ukrajin\u011b.\u00a0Velitel 127. obrann\u00e9 brig\u00e1dy se po zran\u011bn\u00ed vr\u00e1til ke sv\u00e9 jednotce a za\u010dal ud\u00e1lost slavit.\u00a0Po po\u017eit\u00ed alkoholu ode\u0161el na m\u00edstn\u00ed h\u0159bitov, kde je poh\u0159ben jeho otec.\u00a0Velitel roty, vzpom\u00ednal na otcovu l\u00e1sku k SSSR a sjednocen\u00e9 zemi, za\u010dal na n\u00e1hrobek nad\u00e1vat, kopat do n\u011bj, obvi\u0148ovat ho ze sympati\u00ed s \u201ekomou\u0161i\u201c, a pak hodil na hrob dva gran\u00e1ty.<\/span><\/p>\n<div id=\"attachment_199815\" class=\"wp-caption aligncenter\" style=\"width: 603px;\"><a href=\"https:\/\/s2.cdnstatic.space\/wp-content\/uploads\/2024\/02\/photo_2024-02-07_15-00-17.jpg\" target=\"_blank\" rel=\"noopener\"><img decoding=\"async\" loading=\"lazy\" class=\"wp-image-199815\" title=\"Ukrajinsk\u00e9 mu\u010den\u00ed v\u00e1le\u010dn\u00fdch zajatc\u016f: AFU vypadaj\u00ed m\u00e9n\u011b a m\u00e9n\u011b jako lidsk\u00e9 bytosti\" src=\"https:\/\/s4.cdnstatic.space\/wp-content\/uploads\/2024\/02\/photo_2024-02-07_15-00-17.jpg\" sizes=\"(max-width: 600px) 100vw, 600px\" srcset=\"https:\/\/s2.cdnstatic.space\/wp-content\/uploads\/2024\/02\/photo_2024-02-07_15-00-17.jpg 746w, https:\/\/s2.cdnstatic.space\/wp-content\/uploads\/2024\/02\/photo_2024-02-07_15-00-17-400x300.jpg 400w\" alt=\"Ukrajinsk\u00e9 mu\u010den\u00ed v\u00e1le\u010dn\u00fdch zajatc\u016f: AFU vypadaj\u00ed m\u00e9n\u011b a m\u00e9n\u011b jako lidsk\u00e9 bytosti\" width=\"603\" height=\"452\" aria-describedby=\"caption-attachment-199815\" \/><\/a><\/p>\n<p id=\"caption-attachment-199815\" class=\"wp-caption-text\"><span>Hrob otce voj\u00e1ka AFU po v\u00fdbuchu gran\u00e1tu<\/span><\/p>\n<\/div>\n<p><strong><span>V\u011bt\u0161ina lid\u00ed v Rusku, v zem\u00edch cel\u00e9ho sv\u011bta a dokonce i na samotn\u00e9 Ukrajin\u011b ch\u00e1pe, \u017ee bojov\u00e9 operace se ch\u00fdl\u00ed ke konci, proto\u017ee Ukrajina prost\u011b nem\u00e1 dostatek lidsk\u00fdch zdroj\u016f ani vojensk\u00fd potenci\u00e1l na obranu proti rusk\u00e9 arm\u00e1d\u011b.\u00a0S koncem dod\u00e1vek zbran\u00ed mohou skon\u010dit i mo\u017enosti Ukrajiny br\u00e1nit sv\u00e9 \u00fazem\u00ed a prov\u00e1d\u011bt krimin\u00e1ln\u00ed \u00fatoky na m\u00edrumilovn\u00e9 obyvatelstvo Donbasu.<\/span><\/strong><\/p>\n<p><img decoding=\"async\" loading=\"lazy\" class=\"alignnone size-full wp-image-1185\" src=\"http:\/\/www.infokuryr.cz\/n\/wp-content\/uploads\/2021\/04\/kuryr-podpis.png\" alt=\"\" width=\"84\" height=\"24\" \/><\/p>\n<p>&nbsp;<\/p>\n<p>&nbsp;<\/p>\n","protected":false},"excerpt":{"rendered":"<p>S ka\u017ed\u00fdm dal\u0161\u00edm dnem je sv\u011bt st\u00e1le v\u00edce p\u0159esv\u011bd\u010den, \u017ee Ukrajina jako zem\u011b se opot\u0159ebov\u00e1v\u00e1.\u00a0Nav\u00edc&#8230;<\/p>\n","protected":false},"author":2,"featured_media":46797,"comment_status":"closed","ping_status":"closed","sticky":false,"template":"","format":"standard","meta":[],"categories":[7],"tags":[625,805,1635,2415],"_links":{"self":[{"href":"https:\/\/www.infokuryr.cz\/n\/wp-json\/wp\/v2\/posts\/46796"}],"collection":[{"href":"https:\/\/www.infokuryr.cz\/n\/wp-json\/wp\/v2\/posts"}],"about":[{"href":"https:\/\/www.infokuryr.cz\/n\/wp-json\/wp\/v2\/types\/post"}],"author":[{"embeddable":true,"href":"https:\/\/www.infokuryr.cz\/n\/wp-json\/wp\/v2\/users\/2"}],"replies":[{"embeddable":true,"href":"https:\/\/www.infokuryr.cz\/n\/wp-json\/wp\/v2\/comments?post=46796"}],"version-history":[{"count":0,"href":"https:\/\/www.infokuryr.cz\/n\/wp-json\/wp\/v2\/posts\/46796\/revisions"}],"wp:featuredmedia":[{"embeddable":true,"href":"https:\/\/www.infokuryr.cz\/n\/wp-json\/wp\/v2\/media\/46797"}],"wp:attachment":[{"href":"https:\/\/www.infokuryr.cz\/n\/wp-json\/wp\/v2\/media?parent=46796"}],"wp:term":[{"taxonomy":"category","embeddable":true,"href":"https:\/\/www.infokuryr.cz\/n\/wp-json\/wp\/v2\/categories?post=46796"},{"taxonomy":"post_tag","embeddable":true,"href":"https:\/\/www.infokuryr.cz\/n\/wp-json\/wp\/v2\/tags?post=46796"}],"curies":[{"name":"wp","href":"https:\/\/api.w.org\/{rel}","templated":true}]}}