{"id":46793,"date":"2024-02-12T00:44:23","date_gmt":"2024-02-11T23:44:23","guid":{"rendered":"https:\/\/www.infokuryr.cz\/n\/?p=46793"},"modified":"2024-02-11T17:02:58","modified_gmt":"2024-02-11T16:02:58","slug":"husiove-uvedli-ze-17-bojovniku-bylo-zabito-pri-nedavnych-americko-britskych-utocich-na-jemen","status":"publish","type":"post","link":"https:\/\/www.infokuryr.cz\/n\/2024\/02\/12\/husiove-uvedli-ze-17-bojovniku-bylo-zabito-pri-nedavnych-americko-britskych-utocich-na-jemen\/","title":{"rendered":"H\u00fas\u00edov\u00e9 uvedli, \u017ee 17 bojovn\u00edk\u016f bylo zabito p\u0159i ned\u00e1vn\u00fdch \u201eamericko-britsk\u00fdch\u201c \u00fatoc\u00edch na Jemen"},"content":{"rendered":"<div id=\"fb-root\"><\/div>\n<p><strong><span>H\u00fas\u00edov\u00e9 (Ansar Allah) 10. \u00fanora ozn\u00e1mili, \u017ee 17 jejich bojovn\u00edk\u016f bylo zabito p\u0159i ned\u00e1vn\u00fdch \u201eamericko-britsk\u00fdch\u201c \u00faderech na Jemen.<\/span><\/strong><\/p>\n<p><span>Tiskov\u00e1 agentura Saba, kterou provozuj\u00ed H\u00fas\u00edov\u00e9, uvedla: \u201eDnes byla v d\u016fstojn\u00e9m poh\u0159ebn\u00edm pr\u016fvodu t\u011bla n\u011bkolika mu\u010dedn\u00edk\u016f n\u00e1roda, ozbrojen\u00fdch sil a bezpe\u010dnostn\u00edch sil, kte\u0159\u00ed byli umu\u010deni p\u0159i americko-britsk\u00fdch \u00fato\u010dn\u00fdch n\u00e1letech. truchlil.\u201d<\/span><\/p>\n<p><em>&#8222;Tyto zlo\u010diny neodrad\u00ed jemensk\u00fd lid od pokra\u010dov\u00e1n\u00ed v podpo\u0159e jejich bratr\u016f v p\u00e1smu Gazy,&#8220; poznamenal Saba ve sv\u00e9m zpravodajstv\u00ed o poh\u0159bech.<\/em><\/p>\n<p><span>Je to podruh\u00e9, co H\u00fas\u00edov\u00e9 p\u0159iznali ob\u011bti od doby, kdy Spojen\u00e9 st\u00e1ty a Spojen\u00e9 kr\u00e1lovstv\u00ed minul\u00fd m\u011bs\u00edc zah\u00e1jily \u00fadery proti Jemenu.\u00a0Poprv\u00e9 to bylo v prvn\u00ed den \u00fader\u016f, 12. ledna. Tehdy skupina ozn\u00e1mila, \u017ee p\u011bt jej\u00edch bojovn\u00edk\u016f bylo zabito a \u0161est dal\u0161\u00edch zran\u011bno.<\/span><\/p>\n<p><span>H\u00fas\u00edov\u00e9 od 19. listopadu vypustili vlny dron\u016f a raket na lod\u011b p\u0159idru\u017een\u00e9 k Izraeli v Rud\u00e9m mo\u0159i a Adensk\u00e9m z\u00e1livu v reakci na izraelskou v\u00e1lku v p\u00e1smu Gazy, co\u017e p\u0159im\u011blo Brit\u00e1nii a Spojen\u00e9 st\u00e1ty k zah\u00e1jen\u00ed odvetn\u00fdch raketov\u00fdm opat\u0159en\u00edm.<\/span><\/p>\n<p><span>Kampa\u0148 skupiny naru\u0161ila lodn\u00ed dopravu do Izraele, co\u017e zp\u016fsobilo, \u017ee n\u011bkter\u00e9 spole\u010dnosti pozastavily tranzit p\u0159es Rud\u00e9 mo\u0159e a m\u00edsto toho trvaly mnohem del\u0161\u00ed a n\u00e1kladn\u011bj\u0161\u00ed cestu kolem Afriky.<\/span><\/p>\n<p><span>V posledn\u00edch dnech USA zes\u00edlily \u00fadery na Jemen.\u00a0Skupinu to v\u0161ak neodradilo a jej\u00ed schopnosti nebyly degradov\u00e1ny.<\/span><\/p>\n<p><img decoding=\"async\" loading=\"lazy\" class=\"alignnone size-full wp-image-1185\" src=\"http:\/\/www.infokuryr.cz\/n\/wp-content\/uploads\/2021\/04\/kuryr-podpis.png\" alt=\"\" width=\"84\" height=\"24\" \/><\/p>\n<p>&nbsp;<\/p>\n<p>&nbsp;<\/p>\n","protected":false},"excerpt":{"rendered":"<p>H\u00fas\u00edov\u00e9 (Ansar Allah) 10. \u00fanora ozn\u00e1mili, \u017ee 17 jejich bojovn\u00edk\u016f bylo zabito p\u0159i ned\u00e1vn\u00fdch \u201eamericko-britsk\u00fdch\u201c&#8230;<\/p>\n","protected":false},"author":2,"featured_media":46794,"comment_status":"closed","ping_status":"closed","sticky":false,"template":"","format":"standard","meta":[],"categories":[7],"tags":[1950,6184,3535,871],"_links":{"self":[{"href":"https:\/\/www.infokuryr.cz\/n\/wp-json\/wp\/v2\/posts\/46793"}],"collection":[{"href":"https:\/\/www.infokuryr.cz\/n\/wp-json\/wp\/v2\/posts"}],"about":[{"href":"https:\/\/www.infokuryr.cz\/n\/wp-json\/wp\/v2\/types\/post"}],"author":[{"embeddable":true,"href":"https:\/\/www.infokuryr.cz\/n\/wp-json\/wp\/v2\/users\/2"}],"replies":[{"embeddable":true,"href":"https:\/\/www.infokuryr.cz\/n\/wp-json\/wp\/v2\/comments?post=46793"}],"version-history":[{"count":1,"href":"https:\/\/www.infokuryr.cz\/n\/wp-json\/wp\/v2\/posts\/46793\/revisions"}],"predecessor-version":[{"id":46795,"href":"https:\/\/www.infokuryr.cz\/n\/wp-json\/wp\/v2\/posts\/46793\/revisions\/46795"}],"wp:featuredmedia":[{"embeddable":true,"href":"https:\/\/www.infokuryr.cz\/n\/wp-json\/wp\/v2\/media\/46794"}],"wp:attachment":[{"href":"https:\/\/www.infokuryr.cz\/n\/wp-json\/wp\/v2\/media?parent=46793"}],"wp:term":[{"taxonomy":"category","embeddable":true,"href":"https:\/\/www.infokuryr.cz\/n\/wp-json\/wp\/v2\/categories?post=46793"},{"taxonomy":"post_tag","embeddable":true,"href":"https:\/\/www.infokuryr.cz\/n\/wp-json\/wp\/v2\/tags?post=46793"}],"curies":[{"name":"wp","href":"https:\/\/api.w.org\/{rel}","templated":true}]}}