{"id":4679,"date":"2021-09-11T09:32:07","date_gmt":"2021-09-11T07:32:07","guid":{"rendered":"http:\/\/www.infokuryr.cz\/n\/?p=4679"},"modified":"2021-09-11T09:32:07","modified_gmt":"2021-09-11T07:32:07","slug":"omilostni-prezident-milos-zeman-proruske-teroristy-odsouzene-ceskou-justici","status":"publish","type":"post","link":"https:\/\/www.infokuryr.cz\/n\/2021\/09\/11\/omilostni-prezident-milos-zeman-proruske-teroristy-odsouzene-ceskou-justici\/","title":{"rendered":"Omilostn\u00ed prezident Milo\u0161 Zeman prorusk\u00e9 teroristy odsouzen\u00e9 \u010deskou justic\u00ed?"},"content":{"rendered":"<div id=\"fb-root\"><\/div>\n<h1 id=\"map_988_omilostni_prezident_milos_zeman_proruske_teroristy_odsouzene_ceskou_justici\" class=\"sectionedit3\"><span style=\"font-size: 16px;\">V posledn\u00ed dob\u011b bylo n\u011bkolik \u010desk\u00fdch <\/span><em style=\"font-size: 16px;\">bojovn\u00edk\u016f<\/em><span style=\"font-size: 16px;\">\u00a0prorusk\u00fdch separatist\u016f z Ukrajiny odsouzeno \u010deskou justic\u00ed k mimo\u0159\u00e1dn\u011b tvrd\u00fdm trest\u016fm. Od\u016fvodn\u011bn\u00ed jejich trest\u016f je jejich zapojen\u00ed do r\u016fzn\u00fdch forem terorismu. Padaj\u00ed tresty 20 let a v\u00edce a jedna\u00a0<\/span><a class=\"urlextern\" style=\"font-size: 16px;\" title=\"https:\/\/ct24.ceskatelevize.cz\/domaci\/3366272-za-teroristicky-utok-odsoudil-soud-muze-na-dvacet-let-bojoval-za-proruske-sily-na\" href=\"https:\/\/ct24.ceskatelevize.cz\/domaci\/3366272-za-teroristicky-utok-odsoudil-soud-muze-na-dvacet-let-bojoval-za-proruske-sily-na\" rel=\"nofollow\">soudkyn\u011b doslova v od\u016fvodn\u011bn\u00ed rozsudku uvedla\u00a0<\/a><span style=\"font-size: 16px;\">: \u201eU\u017e jenom zapojen\u00ed a \u00fa\u010dast na fungov\u00e1n\u00ed t\u011bchto jednotek z n\u011bho d\u011bl\u00e1 pachatele jmenovan\u00fdch (teroristick\u00fdch) trestn\u00fdch \u010din\u016f.\u201c Tomu kdysi prezident Havel \u0159\u00edkal kolektivn\u00ed vina a odm\u00edtal ji.<\/span><\/h1>\n<div class=\"level1\">\n<p><a class=\"media\" title=\"5895952012598521.jpg\" href=\"http:\/\/michalapetr.cz\/lib\/exe\/detail.php?id=start&amp;media=5895952012598521.jpg\"><img decoding=\"async\" class=\"mediacenter\" src=\"http:\/\/michalapetr.cz\/lib\/exe\/fetch.php?w=400&amp;tok=564306&amp;media=5895952012598521.jpg\" alt=\"\" width=\"400\" \/><\/a><\/p>\n<p>Tyto rozsudky jsou zvl\u00e1\u0161tn\u00ed. Jsou v\u00fdrazn\u011b nejtvrd\u0161\u00ed v Evrop\u011b. Jsou mnohem \u010dast\u011bj\u0161\u00ed a tvrd\u0161\u00ed ne\u017e na Ukrajin\u011b. Podle smlouvy Minsk II, kterou Ukrajina podepsala stejn\u011b jako OBSE (\u010cesko je sou\u010d\u00e1st OBSE),\u00a0<a class=\"urlextern\" title=\"https:\/\/www.osce.org\/files\/f\/documents\/5\/b\/140221.pdf\" href=\"https:\/\/www.osce.org\/files\/f\/documents\/5\/b\/140221.pdf\" rel=\"nofollow\">m\u00e1 p\u0159itom b\u00fdt t\u011bmto osob\u00e1m ud\u011blena milost<\/a>, amnestie a nemaj\u00ed b\u00fdt za svoji \u010dinnosti ve vybran\u00fdch okresech Luhansk\u00e9 a Don\u011bck\u00e9 oblasti Ukrajiny pron\u00e1sledov\u00e1ny. Znamenaj\u00ed rozsudky \u010desk\u00fdch soud\u016f, \u017ee pro \u010ceskou Justici neznamen\u00e1 podpis OBSE na smlouv\u011b v\u00edc ne\u017e \u201ec\u00e1r pap\u00edru\u201c, jak s oblibou \u0159\u00edkal jist\u00fd mal\u00ed\u0159 pokoj\u016f. Jak se ke v\u0161emu postav\u00ed \u010desk\u00fd prezident Milo\u0161 Zeman &#8211; je tvrd\u00fdm odp\u016frcem terorismu a je z\u00e1rove\u0148 obvi\u0148ov\u00e1n z oddanosti Rusku? Nav\u00edc Haagsk\u00fd soud schv\u00e1lil argumentaci Ukrajiny proti Rusku v jej\u00ed \u017ealob\u011b, a ta\u00a0<a class=\"urlextern\" title=\"https:\/\/www.icj-cij.org\/public\/files\/case-related\/166\/166-20191108-JUD-01-00-EN.pdf\" href=\"https:\/\/www.icj-cij.org\/public\/files\/case-related\/166\/166-20191108-JUD-01-00-EN.pdf\" rel=\"nofollow\">vysloven\u011b ozna\u010duje ob\u011b vzbou\u0159eneck\u00e9 republiky za ileg\u00e1ln\u011b ozbrojen\u00e9 formace zapojen\u00e9 do teroristick\u00fdch aktivit na \u00fazem\u00ed Ukrajiny\u00a0<\/a>&#8211; tedy pozor &#8211; Ukrajina p\u0159ed Haagsk\u00fdm tribun\u00e1lem neozna\u010dila ob\u011b vzbou\u0159en\u00e9 republiky za teroristick\u00e9 organizace, ale za ileg\u00e1ln\u011b vyzbrojen\u00e9 organizace zapojen\u00e9 do teroristick\u00fdch aktivit. V t\u00e9to mal\u00e9 v\u011bt\u011b je z hlediska pr\u00e1va podstatn\u00fd rozd\u00edl. Ostatn\u011b\u00a0<a class=\"urlextern\" title=\"https:\/\/www.consilium.europa.eu\/cs\/policies\/fight-against-terrorism\/terrorist-list\/\" href=\"https:\/\/www.consilium.europa.eu\/cs\/policies\/fight-against-terrorism\/terrorist-list\/\" rel=\"nofollow\">EU tak\u00e9 neozna\u010duje<\/a>\u017e\u00e1dnou z obou republik, ani \u017e\u00e1dnou jejich sou\u010d\u00e1st za teroristickou organizaci!<\/p>\n<p>Chatham House veden\u00fd b\u00fdvalou \u0159editelkou MI-5, britsk\u00e9 kontra\u0161pion\u00e1\u017ee\u00a0<a class=\"urlextern\" title=\"https:\/\/www.chathamhouse.org\/2020\/05\/minsk-conundrum-western-policy-and-russias-war-eastern-ukraine-0\/why-not-jettison-minsk\" href=\"https:\/\/www.chathamhouse.org\/2020\/05\/minsk-conundrum-western-policy-and-russias-war-eastern-ukraine-0\/why-not-jettison-minsk\" rel=\"nofollow\">zast\u00e1v\u00e1 ve\u0159ejnou pozici<\/a>, \u017ee dohoda MINSK-II je jedin\u00fdm mo\u017en\u00fdm \u0159e\u0161en\u00edm, aby se Ukrajina nerozpadla!<\/p>\n<p>Agentura Reuters\u00a0<a class=\"urlextern\" title=\"https:\/\/www.reuters.com\/article\/us-ukraine-parliament-idUSKBN1YG0VM\" href=\"https:\/\/www.reuters.com\/article\/us-ukraine-parliament-idUSKBN1YG0VM\" rel=\"nofollow\">publikovala<\/a>, \u017ee po spole\u010dn\u00e9 dohod\u011b Ruska, Francie, Ukrajiny a N\u011bmecka ukrajinsk\u00fd parlament v prosinci 2019 p\u0159ijal z\u00e1kon o zvl\u00e1\u0161tn\u00edm statutu povstaleck\u00fdch \u00fazem\u00ed a povolil jim organizovat a provozovat vlastn\u00ed ozbrojenou slo\u017eku, policii, soudy a prokuraturu! Tedy p\u0159eci by nem\u011blo j\u00edt o teroristick\u00e9 republiky, jak tvrd\u00ed v rozhodnut\u00ed \u010desk\u00e1 soudkyn\u011b!<\/p>\n<p>Podle dostupn\u00fdch zdroj\u016f byl na Ukrajin\u011b odsouzen\u00a0<a class=\"urlextern\" title=\"https:\/\/pt.wikipedia.org\/wiki\/Rafael_Lusvarghi\" href=\"https:\/\/pt.wikipedia.org\/wiki\/Rafael_Lusvarghi\" rel=\"nofollow\">jedin\u00fd nerusk\u00fd cizinec za terorismus<\/a>, a to Brazilec Rafael Rusvargi. Jen\u017ee dostal jenom 13 let. Do p\u016flroku po odsouzen\u00ed byl p\u0159ed\u00e1n vzbou\u0159enc\u016fm a dnes \u017eije op\u011bt v Ji\u017en\u00ed Americe. Lusvargi byl elitn\u00ed velitel elitn\u00edch povstaleck\u00fdch jednotek, vy\u0161kolen\u00fd v cizineck\u00e9 legii a zast\u00e1vaj\u00edc\u00ed vysok\u00e9 velitelsk\u00e9 m\u00edsto u vzbou\u0159enc\u016f!<\/p>\n<p><a class=\"urlextern\" title=\"https:\/\/khpg.org\/en\/1608606714\" href=\"https:\/\/khpg.org\/en\/1608606714\" rel=\"nofollow\">D\u00e1le byli\u00a0<\/a>v Estonsku odsouzen za \u201e\u00fa\u010dast v boj\u00edch\u201c Artem Skripnik na 5 let, v Britanii Benjamin Stimson na 5 let a 4 m\u011bs\u00edce za \u00fa\u010dast p\u0159i teroristick\u00fdch aktivit\u00e1ch, Sergej Kiselev v N\u011bmecku &#8211; podm\u00ednka, 1 Ma\u010far &#8211; podm\u00ednka, n\u011bkolik Kazach\u016f &#8211; do t\u0159\u00ed let maxim\u00e1ln\u011b. V B\u011blorusku zase Luka\u0161enko soud\u00ed B\u011blorusy za \u00fa\u010dast v boj\u00edch za Ukrajince, no je to Luka\u0161enko, ale jinak je v\u0161ude v Evrop\u011b klid, a\u017e tedy na \u010cesko. (Pokud n\u011bkdo zn\u00e1te jin\u00e9 p\u0159\u00edpady, napi\u0161te mi na kpv0249@gmail)<\/p>\n<p><a class=\"media\" title=\"58595952021520125.jpg\" href=\"http:\/\/michalapetr.cz\/lib\/exe\/detail.php?id=start&amp;media=58595952021520125.jpg\"><img decoding=\"async\" class=\"mediacenter\" src=\"http:\/\/michalapetr.cz\/lib\/exe\/fetch.php?w=400&amp;tok=d7e610&amp;media=58595952021520125.jpg\" alt=\"\" width=\"400\" \/><\/a><\/p>\n<p><em>Foto &#8211; jedn\u00e1n\u00ed o pokra\u010dov\u00e1n\u00ed Minsk\u00fdch dohod\u00e1ch. Zdroj Chatham House<\/em><\/p>\n<p>Co dodat &#8211; kone\u010dn\u011b jsme v n\u011b\u010dem Evrop\u0161t\u00ed premianti! Uvid\u00edme jestli Milo\u0161 Zeman jako premiant napln\u00ed smlouvu Minsk II OBSE a ud\u011bl\u00ed milost. Tak\u00e9 \u010desk\u00fd parlament by jako premiant mohl naplnit smlouvu Minsk II OBSE a z\u00e1konem zajistit nest\u00edh\u00e1n\u00ed t\u011bchto osob. Uvid\u00edme premianti \u010deho nakonec budeme!<\/p>\n<p>Nav\u00edc podle ukrajinsk\u00e9ho trestn\u00edho z\u00e1kona je \u00fa\u010dast v teroristick\u00e9 skupin\u011b, a podobn\u011b\u00a0<a class=\"urlextern\" title=\"https:\/\/meget.kiev.ua\/kodeks\/ugolovniy-kodeks\/razdel-1-9\/\" href=\"https:\/\/meget.kiev.ua\/kodeks\/ugolovniy-kodeks\/razdel-1-9\/\" rel=\"nofollow\">sankciov\u00e1na maxim\u00e1ln\u011b 15 lety v\u011bzen\u00ed (\u010cl.258 a n\u00e1sleduj\u00edc\u00ed)<\/a>. Mysl\u00edm proto, \u017ee by \u010desk\u00e1 justice m\u011bla zohlednit minim\u00e1ln\u011b tuto sazbu ve v\u00fd\u0161i ukl\u00e1dan\u00fdch trest\u016f. Ostatn\u011b Ukrajinsk\u00e1 prokuratura\u00a0<a class=\"urlextern\" title=\"https:\/\/ukraine.segodnya.ua\/ukraine\/sud-vynes-surovyy-prigovor-naemniku-boevikov-lusvargi-1262578.html\" href=\"https:\/\/ukraine.segodnya.ua\/ukraine\/sud-vynes-surovyy-prigovor-naemniku-boevikov-lusvargi-1262578.html\" rel=\"nofollow\">po\u017eadovala pro Rafaela Lusvargi<\/a>\u00a0jenom 14 let a soud mu ulo\u017eil jenom 13 let.<\/p>\n<\/div>\n<p>N\u00e1\u0161 po\u0159ad, kter\u00fd je podstatn\u011b rozs\u00e1hlej\u0161\u00ed, najdete na tomto odkaze:\u00a0<a class=\"urlextern\" title=\"https:\/\/youtu.be\/Kk9niVZKL4s\" href=\"https:\/\/youtu.be\/Kk9niVZKL4s\" rel=\"nofollow\">MAP 988<\/a><\/p>\n<p><a href=\"http:\/\/michalapetr.cz\/doku.php\">ZDROJ<\/a><\/p>\n<p>&nbsp;<\/p>\n","protected":false},"excerpt":{"rendered":"<p>V posledn\u00ed dob\u011b bylo n\u011bkolik \u010desk\u00fdch bojovn\u00edk\u016f\u00a0prorusk\u00fdch separatist\u016f z Ukrajiny odsouzeno \u010deskou justic\u00ed k mimo\u0159\u00e1dn\u011b&#8230;<\/p>\n","protected":false},"author":2,"featured_media":1207,"comment_status":"closed","ping_status":"closed","sticky":false,"template":"","format":"standard","meta":[],"categories":[6],"tags":[33,392,520,1123],"_links":{"self":[{"href":"https:\/\/www.infokuryr.cz\/n\/wp-json\/wp\/v2\/posts\/4679"}],"collection":[{"href":"https:\/\/www.infokuryr.cz\/n\/wp-json\/wp\/v2\/posts"}],"about":[{"href":"https:\/\/www.infokuryr.cz\/n\/wp-json\/wp\/v2\/types\/post"}],"author":[{"embeddable":true,"href":"https:\/\/www.infokuryr.cz\/n\/wp-json\/wp\/v2\/users\/2"}],"replies":[{"embeddable":true,"href":"https:\/\/www.infokuryr.cz\/n\/wp-json\/wp\/v2\/comments?post=4679"}],"version-history":[{"count":0,"href":"https:\/\/www.infokuryr.cz\/n\/wp-json\/wp\/v2\/posts\/4679\/revisions"}],"wp:featuredmedia":[{"embeddable":true,"href":"https:\/\/www.infokuryr.cz\/n\/wp-json\/wp\/v2\/media\/1207"}],"wp:attachment":[{"href":"https:\/\/www.infokuryr.cz\/n\/wp-json\/wp\/v2\/media?parent=4679"}],"wp:term":[{"taxonomy":"category","embeddable":true,"href":"https:\/\/www.infokuryr.cz\/n\/wp-json\/wp\/v2\/categories?post=4679"},{"taxonomy":"post_tag","embeddable":true,"href":"https:\/\/www.infokuryr.cz\/n\/wp-json\/wp\/v2\/tags?post=4679"}],"curies":[{"name":"wp","href":"https:\/\/api.w.org\/{rel}","templated":true}]}}