{"id":46688,"date":"2024-02-10T00:37:11","date_gmt":"2024-02-09T23:37:11","guid":{"rendered":"https:\/\/www.infokuryr.cz\/n\/?p=46688"},"modified":"2024-02-09T19:58:10","modified_gmt":"2024-02-09T18:58:10","slug":"jiri-vyvadil-rozkosny-putin-v-dokonale-kondici-a-svet-je-na-ceste-ke-zmene","status":"publish","type":"post","link":"https:\/\/www.infokuryr.cz\/n\/2024\/02\/10\/jiri-vyvadil-rozkosny-putin-v-dokonale-kondici-a-svet-je-na-ceste-ke-zmene\/","title":{"rendered":"Ji\u0159\u00ed Vyvadil: Rozko\u0161n\u00fd Putin v dokonal\u00e9 kondici a sv\u011bt je na cest\u011b ke zm\u011bn\u011b\u2026"},"content":{"rendered":"<div id=\"fb-root\"><\/div>\n<p><strong>Kdy\u017e si jen vezmu \u201eum\u011bleck\u00fd dojem\u201c Vladim\u00edra Putina z jeho rozhovoru s Carlsona a srovn\u00e1m jej s vystupov\u00e1n\u00edm J. Bidena, kter\u00fd propad\u00e1 z\u00e1chvat\u016fm zu\u0159ivosti a opakuj\u00edc\u00ed se amn\u00e9zii, kdy mu vypad\u00e1v\u00e1 pam\u011b\u0165, ale i vn\u00edm\u00e1n\u00ed prostoru, kde se nach\u00e1z\u00ed, je z\u0159ejm\u00e9, \u017ee v\u016fdce sou\u010dasn\u00e9ho Z\u00e1padu jej sm\u011ble vede ke kolapsu.<\/strong><\/p>\n<p>U\u017e prv\u00e9 reakce, kter\u00fdmi je rozhovor komentov\u00e1n jen prohlubuje fakt, \u017ee \u00a0\u00a0Carlson, bl\u00edzk\u00fd hodnotov\u011b Donaldu Trumpovi, mu napomohl nejen jemu v\u00a0kampani, ale\u00a0 zapad\u00e1 do procesu por\u00e1\u017eky nebezpe\u010dn\u00e9ho bidenovsk\u00e9ho progresivismu,\u00a0 kter\u00fd v\u00a0samotn\u00fdch USA rozd\u011blil zemi, ale cel\u00fd Z\u00e1pad vrhl na cestu nen\u00e1visti a v\u00e1lky\u2026<\/p>\n<p>V\u00a0situaci, kdy platilo, \u017ee Vladim\u00edra Putina na\u0161e m\u00e9dia pravideln\u011b ozna\u010dovala jako v\u00e1le\u010dn\u00e9ho zlo\u010dince a dikt\u00e1tora\u00a0 a Trumpovi se vysm\u00edvala je z\u0159ejm\u00e9 , \u017ee kolo sou\u010dasn\u00fdch d\u011bjin se oto\u010dilo.<\/p>\n<p>Na\u0161e m\u00e9dia n\u00e1s budou st\u00e1le otravn\u011b unavovat t\u00edm, co se d\u011bje na Ukrajin\u011b, a pl\u00e1cat bl\u00e1boly, \u017ee Ukrajina zv\u00edt\u011bz\u00ed, ale st\u00e1le v\u00edce bude z\u0159ejm\u00e9, \u017ee jsou to jen podobn\u00e9 absurdn\u00ed mimikry, kter\u00e9 \u0161\u00ed\u0159il Jake\u0161\u016fv re\u017eim je\u0161t\u011b v\u00a0situaci, kdy padla Berl\u00ednsk\u00e1 ze\u010f a v\u00a0Polsku ji\u017e z\u010d\u00e1sti spoluvl\u00e1dla Solidarita.<\/p>\n<p>V\u0161e souvis\u00ed se v\u0161\u00edm.<\/p>\n<p>To kr\u00e1sn\u00e9 n\u00e1s je\u0161t\u011b \u010dek\u00e1. Nev\u00edm, jak Vy, ale doslova si hodl\u00e1m si soukrom\u011b slavit p\u00e1d a prohry v\u0161ech sou\u010dasn\u00fdch tup\u00fdch Macron\u016f, Scholz\u016f,<\/p>\n<p>A samoz\u0159ejm\u011b mus\u00ed p\u0159ij\u00edt i p\u00e1d militaristick\u00fdch \u010desk\u00fdch \u0161tv\u00e1\u010d\u016f, po\u010d\u00ednaje Fialou, kon\u010de Lipavsk\u00fdm a \u010cernochovou.<\/p>\n<p>Ale nejen to. Nesta\u010d\u00ed, \u017ee nechutn\u00ed politici p\u011btikolalice padnou. Bude t\u0159eba zkoumat, zda pro svou neust\u00e1lou propagaci \u00fato\u010dn\u00e9 v\u00e1lky by nem\u011bli b\u00fdt st\u00edh\u00e1ni.<\/p>\n<p>Totalitu, kterou zde prosadili, jim nelze odpustit jen jako politick\u00fd n\u00e1zor.<\/p>\n<p>Mus\u00ed b\u00fdt potrest\u00e1ni.<\/p>\n<p>Tento rok naopak pat\u0159\u00ed Putinovi a Trumpovi a\u00a0 taky trochu Carlsonovi a v\u0161em lidem dobr\u00e9 v\u016fle.<\/p>\n<p><a href=\"https:\/\/vasevec.info\/komentare\/rozkosny-putin-v-dokonale-kondici-svet-je-na-ceste-ke-zmene\">Ji\u0159\u00ed Vyvadil<\/a><\/p>\n<p><img decoding=\"async\" loading=\"lazy\" class=\"alignnone size-medium wp-image-16474\" src=\"http:\/\/www.infokuryr.cz\/n\/wp-content\/uploads\/2022\/10\/jiri-vyvadil-300x200.jpg\" alt=\"\" width=\"300\" height=\"200\" srcset=\"https:\/\/www.infokuryr.cz\/n\/wp-content\/uploads\/2022\/10\/jiri-vyvadil-300x200.jpg 300w, https:\/\/www.infokuryr.cz\/n\/wp-content\/uploads\/2022\/10\/jiri-vyvadil-768x512.jpg 768w, https:\/\/www.infokuryr.cz\/n\/wp-content\/uploads\/2022\/10\/jiri-vyvadil.jpg 800w\" sizes=\"(max-width: 300px) 100vw, 300px\" \/><\/p>\n<p>&nbsp;<\/p>\n","protected":false},"excerpt":{"rendered":"<p>Kdy\u017e si jen vezmu \u201eum\u011bleck\u00fd dojem\u201c Vladim\u00edra Putina z jeho rozhovoru s Carlsona a srovn\u00e1m&#8230;<\/p>\n","protected":false},"author":2,"featured_media":46641,"comment_status":"closed","ping_status":"closed","sticky":false,"template":"","format":"standard","meta":[],"categories":[6],"tags":[29,102,1052],"_links":{"self":[{"href":"https:\/\/www.infokuryr.cz\/n\/wp-json\/wp\/v2\/posts\/46688"}],"collection":[{"href":"https:\/\/www.infokuryr.cz\/n\/wp-json\/wp\/v2\/posts"}],"about":[{"href":"https:\/\/www.infokuryr.cz\/n\/wp-json\/wp\/v2\/types\/post"}],"author":[{"embeddable":true,"href":"https:\/\/www.infokuryr.cz\/n\/wp-json\/wp\/v2\/users\/2"}],"replies":[{"embeddable":true,"href":"https:\/\/www.infokuryr.cz\/n\/wp-json\/wp\/v2\/comments?post=46688"}],"version-history":[{"count":0,"href":"https:\/\/www.infokuryr.cz\/n\/wp-json\/wp\/v2\/posts\/46688\/revisions"}],"wp:featuredmedia":[{"embeddable":true,"href":"https:\/\/www.infokuryr.cz\/n\/wp-json\/wp\/v2\/media\/46641"}],"wp:attachment":[{"href":"https:\/\/www.infokuryr.cz\/n\/wp-json\/wp\/v2\/media?parent=46688"}],"wp:term":[{"taxonomy":"category","embeddable":true,"href":"https:\/\/www.infokuryr.cz\/n\/wp-json\/wp\/v2\/categories?post=46688"},{"taxonomy":"post_tag","embeddable":true,"href":"https:\/\/www.infokuryr.cz\/n\/wp-json\/wp\/v2\/tags?post=46688"}],"curies":[{"name":"wp","href":"https:\/\/api.w.org\/{rel}","templated":true}]}}