{"id":4667,"date":"2021-09-11T03:04:30","date_gmt":"2021-09-11T01:04:30","guid":{"rendered":"http:\/\/www.infokuryr.cz\/n\/?p=4667"},"modified":"2021-09-14T13:44:26","modified_gmt":"2021-09-14T11:44:26","slug":"polsko-by-mohlo-opustit-eu-drive-nez-si-myslite","status":"publish","type":"post","link":"https:\/\/www.infokuryr.cz\/n\/2021\/09\/11\/polsko-by-mohlo-opustit-eu-drive-nez-si-myslite\/","title":{"rendered":"Polsko by mohlo opustit EU d\u0159\u00edve, ne\u017e si mysl\u00edte!"},"content":{"rendered":"<div id=\"fb-root\"><\/div>\n<p>B\u00fdval\u00fd p\u0159edseda Evropsk\u00e9ho parlamentu Donald Frantiszek Tusk varoval EU, \u017ee Polsko by mohlo vystoupit d\u0159\u00edve, ne\u017e si sou\u010dasn\u00ed potent\u00e1ti mysl\u00ed. Ohledn\u011b polsk\u00e9ho setrv\u00e1n\u00ed v EU bych tak v klidu nebyl, proto\u017ee r\u00e9toriku p\u0159irovn\u00e1v\u00e1n\u00ed EU k sov\u011bt\u016fm \u010di nacist\u016fm, budou n\u00e1sledovat \u010diny.<\/p>\n<p>Polsk\u00e9 ve\u0159ejn\u00e9 a politick\u00e9 m\u00edn\u011bn\u00ed je ur\u010dov\u00e1no n\u00e1turou polsk\u00e9 psych\u00e9, kter\u00e1 se od Z\u00e1padu nennech\u00e1 poni\u017eovat, a rad\u0161i si to s n\u00edm rozd\u00e1. A za Polsko se ji\u017e ve sporu Evropskou komis\u00ed stav\u00ed i Ma\u010farsko. Ma\u010farsk\u00fd premi\u00e9r\u00a0 Viktor Orb\u00e1n prohl\u00e1sil, \u017ee ve sporu s Polskem se EU dopou\u0161t\u00ed zneu\u017e\u00edv\u00e1n\u00ed sv\u00e9 moci a l\u00e1me jednotu v Evropy!<\/p>\n<p>EU tak skute\u010dn\u011b m\u016f\u017ee skon\u010dit tak rychle, jako K\u00e1bul&#8230;<\/p>\n<p><a href=\"https:\/\/www.abc.es\/internacional\/abci-donald-tusk-alerta-polonia-podria-abandonar-antes-piensa-202109101849_noticia.html\">ZDROJ<\/a><\/p>\n<p>&nbsp;<\/p>\n","protected":false},"excerpt":{"rendered":"<p>B\u00fdval\u00fd p\u0159edseda Evropsk\u00e9ho parlamentu Donald Frantiszek Tusk varoval EU, \u017ee Polsko by mohlo vystoupit d\u0159\u00edve,&#8230;<\/p>\n","protected":false},"author":2,"featured_media":3415,"comment_status":"closed","ping_status":"closed","sticky":false,"template":"","format":"standard","meta":[],"categories":[7],"tags":[41,31,906],"_links":{"self":[{"href":"https:\/\/www.infokuryr.cz\/n\/wp-json\/wp\/v2\/posts\/4667"}],"collection":[{"href":"https:\/\/www.infokuryr.cz\/n\/wp-json\/wp\/v2\/posts"}],"about":[{"href":"https:\/\/www.infokuryr.cz\/n\/wp-json\/wp\/v2\/types\/post"}],"author":[{"embeddable":true,"href":"https:\/\/www.infokuryr.cz\/n\/wp-json\/wp\/v2\/users\/2"}],"replies":[{"embeddable":true,"href":"https:\/\/www.infokuryr.cz\/n\/wp-json\/wp\/v2\/comments?post=4667"}],"version-history":[{"count":0,"href":"https:\/\/www.infokuryr.cz\/n\/wp-json\/wp\/v2\/posts\/4667\/revisions"}],"wp:featuredmedia":[{"embeddable":true,"href":"https:\/\/www.infokuryr.cz\/n\/wp-json\/wp\/v2\/media\/3415"}],"wp:attachment":[{"href":"https:\/\/www.infokuryr.cz\/n\/wp-json\/wp\/v2\/media?parent=4667"}],"wp:term":[{"taxonomy":"category","embeddable":true,"href":"https:\/\/www.infokuryr.cz\/n\/wp-json\/wp\/v2\/categories?post=4667"},{"taxonomy":"post_tag","embeddable":true,"href":"https:\/\/www.infokuryr.cz\/n\/wp-json\/wp\/v2\/tags?post=4667"}],"curies":[{"name":"wp","href":"https:\/\/api.w.org\/{rel}","templated":true}]}}