{"id":46640,"date":"2024-02-09T06:38:28","date_gmt":"2024-02-09T05:38:28","guid":{"rendered":"https:\/\/www.infokuryr.cz\/n\/?p=46640"},"modified":"2024-02-09T08:46:19","modified_gmt":"2024-02-09T07:46:19","slug":"tucker-carlson-zverejnil-rozhovor-s-putinem","status":"publish","type":"post","link":"https:\/\/www.infokuryr.cz\/n\/2024\/02\/09\/tucker-carlson-zverejnil-rozhovor-s-putinem\/","title":{"rendered":"Tucker Carlson zve\u0159ejnil rozhovor s Putinem"},"content":{"rendered":"<div id=\"fb-root\"><\/div>\n<p class=\"lead\"><strong>Americk\u00fd televizn\u00ed novin\u00e1\u0159 Tucker Carlson zve\u0159ejnil na sv\u00e9m webu\u00a0<a href=\"https:\/\/tuckercarlson.com\/the-vladimir-putin-interview\/\" target=\"_blank\" rel=\"noopener\">rozhovor<\/a>\u00a0s rusk\u00fdm prezidentem Vladimirem Putinem.<\/strong><\/p>\n<p>Ruskojazy\u010dn\u00e1 verze rozhovoru s rusk\u00fdm prezidentem byla zve\u0159ejn\u011bna dnes 9. \u00fanora r\u00e1no na webu Kremlu.<\/p>\n<p>Prezident Rusk\u00e9 federace naposledy poskytl rozhovor z\u00e1stupci z\u00e1padn\u00edho tisku v \u0159\u00edjnu 2021, pot\u00e9 s n\u00edm po skon\u010den\u00ed plen\u00e1rn\u00edho zased\u00e1n\u00ed rusk\u00e9ho energetick\u00e9ho t\u00fddne hovo\u0159ila moder\u00e1torka americk\u00e9ho televizn\u00edho kan\u00e1lu CNBC Hadley\u00a0<strong>Gamble<\/strong>\u00a0.<\/p>\n<p>P\u0159ipravujeme \u010desk\u00fd p\u0159eklad cel\u00e9ho rozhovoru.<\/p>\n<p><span style=\"font-size: 18pt;\"><strong>Pln\u00e1 verze anglick\u00e9ho rozhovoru na str\u00e1nk\u00e1ch <span style=\"font-size: 24pt; color: #ff0000;\"><a style=\"color: #ff0000;\" href=\"https:\/\/tuckercarlson.com\/the-vladimir-putin-interview\/\">ZDE<\/a><\/span><\/strong><\/span><\/p>\n<p>________________________________________________________________<\/p>\n<h2 class=\"style-scope ytd-watch-metadata\">Exclusive: Tucker Carlson Interviews Vladimir Putin:<\/h2>\n<p><iframe loading=\"lazy\" title=\"Exclusive: Tucker Carlson Interviews Vladimir Putin\" width=\"640\" height=\"360\" src=\"https:\/\/www.youtube.com\/embed\/fOCWBhuDdDo?feature=oembed\" frameborder=\"0\" allow=\"accelerometer; autoplay; clipboard-write; encrypted-media; gyroscope; picture-in-picture; web-share\" allowfullscreen><\/iframe><\/p>\n<p>&nbsp;<\/p>\n<p><span style=\"font-size: 18pt;\"><strong>Dabov\u00e1no v n\u011bm\u010din\u011b:<\/strong><\/span><\/p>\n<p><iframe loading=\"lazy\" title=\"Deutsche \u00dcbersetzung: Putin Interview von Tucker Carlson\" width=\"640\" height=\"360\" src=\"https:\/\/www.youtube.com\/embed\/vOeNnzXip8M?start=17&#038;feature=oembed\" frameborder=\"0\" allow=\"accelerometer; autoplay; clipboard-write; encrypted-media; gyroscope; picture-in-picture; web-share\" allowfullscreen><\/iframe><\/p>\n<p><span style=\"font-size: 18pt;\"><strong>Shrnut\u00ed:<\/strong><\/span><\/p>\n<p>Tucker za\u010dal rozhovor dotazem Putina, pro\u010d napadl Ukrajinu, &#8222;a odpov\u011b\u010f, kterou jsme dostali, n\u00e1s \u0161okovala.&#8220;<\/p>\n<p>Putin pot\u00e9 diskutoval o historii Ukrajiny, kter\u00e1 sah\u00e1 a\u017e do st\u0159edov\u011bku. Tucker nesouhlasil a \u0159ekl: &#8222;Nejsem si jist\u00fd, co to m\u00e1 spole\u010dn\u00e9ho s t\u00edm, co se stalo p\u0159ed dv\u011bma lety,&#8220; na\u010de\u017e Putin pokra\u010doval ve sv\u00e9 lekci historie.<\/p>\n<p>\u201eAle pro\u010d jste b\u011bhem prvn\u00edch 22 let sv\u00e9ho p\u0159edsednictv\u00ed ne\u0159ekl, \u017ee Ukrajina nen\u00ed skute\u010dn\u00e1 zem\u011b? zeptal se Tucker.<\/p>\n<p>\u201eSov\u011btsk\u00fd svaz dostal mnoho \u00fazem\u00ed, kter\u00e1 mu nikdy nepat\u0159ila, v\u010detn\u011b oblasti \u010cern\u00e9ho mo\u0159e. Kdysi, kdy\u017e Rusko dostalo tato \u00fazem\u00ed v d\u016fsledku rusko-tureck\u00fdch v\u00e1lek, naz\u00fdvalo se Nov\u00e9 Rusko nebo jin\u00e9 Rusko. Ale to je jedno. D\u016fle\u017eit\u00e9 je, \u017ee Lenin, zakladatel sov\u011btsk\u00e9ho st\u00e1tu, takto zalo\u017eil Ukrajinu,\u201c odpov\u011bd\u011bl Putin. \u201eUkrajinsk\u00e1 sov\u011btsk\u00e1 republika se po desetilet\u00ed vyv\u00edjela jako sou\u010d\u00e1st SSSR. A z nezn\u00e1m\u00fdch d\u016fvod\u016f bol\u0161evici obnovili ukrajinizaci.<\/p>\n<p>Spou\u0161t\u011b\u010d ukrajinsk\u00e9 v\u00e1lky: \u201eP\u016fvodn\u011b to byl p\u0159evrat na Ukrajin\u011b, kter\u00fd vyvolal konflikt&#8230; V\u00e1lku na Donbasu zah\u00e1jili v roce 2014 nasazen\u00edm letadel a d\u011blost\u0159electva proti civilist\u016fm. Tam to v\u0161echno za\u010dalo.&#8220;<\/p>\n<p class=\"has-medium-font-size\"><span style=\"font-size: 18pt;\"><strong>Roz\u0161\u00ed\u0159en\u00ed NATO<\/strong><\/span><\/p>\n<p>Kdy\u017e se Putin dostal k j\u00e1dru v\u00e1lky na Ukrajin\u011b, \u0159ekl Carlsonovi: \u201eP\u0159edchoz\u00ed rusk\u00e9 veden\u00ed p\u0159edpokl\u00e1dalo, \u017ee Sov\u011btsk\u00fd svaz p\u0159estal existovat, a proto ji\u017e neexistuj\u00ed \u017e\u00e1dn\u00e9 ideologick\u00e9 d\u011blic\u00ed linie. \u201eRusko dokonce dobrovoln\u011b a proaktivn\u011b p\u0159ijalo rozpad Sov\u011btsk\u00e9ho svazu a v\u011b\u0159ilo, \u017ee takzvan\u00fd civilizovan\u00fd Z\u00e1pad to bude pova\u017eovat za v\u00fdzvu ke spolupr\u00e1ci a sdru\u017eov\u00e1n\u00ed.<\/p>\n<p>\u201eBylo n\u00e1m sl\u00edbeno, \u017ee nebude NATO na v\u00fdchod\u011b, ani centimetr na v\u00fdchod\u011b, jak \u0159ekli. A pak co? \u0158ekli, no, nen\u00ed to na pap\u00ed\u0159e, tak\u017ee se roz\u0161\u00ed\u0159\u00edme.\u201c<\/p>\n<p><em>To Rusko o\u010dek\u00e1valo jak od Spojen\u00fdch st\u00e1t\u016f, tak od takzvan\u00e9ho kolektivn\u00edho Z\u00e1padu jako celku. Existovali chyt\u0159\u00ed lid\u00e9, v\u010detn\u011b v N\u011bmecku Egona Bahra, v\u00fdznamn\u00e9ho politika soci\u00e1ln\u011b demokratick\u00e9 strany, kter\u00fd ve sv\u00fdch osobn\u00edch rozhovorech se sov\u011btsk\u00fdm veden\u00edm na pokraji rozpadu Sov\u011btsk\u00e9ho svazu trval na tom, \u017ee v\u011bd\u011bli, \u017ee bezpe\u010dnostn\u00ed syst\u00e9my kter\u00e9 maj\u00ed b\u00fdt vytvo\u0159eny v Evrop\u011b. C\u00edlem bylo pomoci sjednocen\u00e9mu N\u011bmecku, ale tak\u00e9 vytvo\u0159it nov\u00fd syst\u00e9m, kter\u00fd zahrnoval Spojen\u00e9 st\u00e1ty americk\u00e9, Kanadu, Rusko a dal\u0161\u00ed st\u0159edoevropsk\u00e9 zem\u011b. NATO ale nen\u00ed t\u0159eba roz\u0161i\u0159ovat. \u0158ekl to tak\u00e9. Pokud by se NATO roz\u0161\u00ed\u0159ilo, v\u0161e by bylo jako v dob\u011b studen\u00e9 v\u00e1lky, jen bl\u00ed\u017ee k rusk\u00fdm hranic\u00edm. To bylo v\u0161e. Byl to moudr\u00fd sta\u0159ec, ale nikdo ho neposlouchal. Jednou se dokonce rozzlobil. Pokud m\u011b nebude\u0161 poslouchat, \u0159ekl, u\u017e nikdy nevkro\u010d\u00edm do Moskvy. V\u0161echno se stalo tak, jak \u0159ekl.<\/em><\/p>\n<p class=\"has-medium-font-size\"><span style=\"font-size: 18pt;\"><strong>Stav jedn\u00e1n\u00ed:<\/strong><\/span><\/p>\n<p>Vladimir Putin: U\u017e jsem \u0159ekl, \u017ee jsme rozhovory neodm\u00edtli. Jsme p\u0159ipraveni jednat. Je to z\u00e1padn\u00ed strana a Ukrajina je evidentn\u011b satelitn\u00edm st\u00e1tem USA. To je jasn\u00e9. Nechci, abys to bral tak, \u017ee hled\u00e1m siln\u00e9 slovo nebo ur\u00e1\u017eku. Ale oba ch\u00e1peme, co se tady d\u011bje. Finan\u010dn\u00ed podpora. Bylo p\u0159id\u011bleno 72 miliard dolar\u016f. Na druh\u00e9m m\u00edst\u011b je N\u011bmecko n\u00e1sledovan\u00e9 dal\u0161\u00edmi evropsk\u00fdmi zem\u011bmi. Na Ukrajinu proud\u00ed des\u00edtky miliard dolar\u016f. Je tam obrovsk\u00fd p\u0159\u00edliv zbran\u00ed. Pokud tomu tak je, pak by m\u011blo b\u00fdt sou\u010dasn\u00e9mu ukrajinsk\u00e9mu veden\u00ed \u0159e\u010deno, aby p\u0159estalo a p\u0159i\u0161lo k jednac\u00edmu stolu a tento absurdn\u00ed dekret st\u00e1hlo. Neodm\u00edtli jsme.<\/p>\n<p>Tucker: Jist\u011b, ale to u\u017e jsi \u0159ekl. Nemyslel jsem si, \u017ee to mysl\u00edte jako ur\u00e1\u017eku, proto\u017ee jste ji\u017e spr\u00e1vn\u011b \u0159ekl, \u017ee existuj\u00ed zpr\u00e1vy, \u017ee Ukrajin\u011b zabr\u00e1nil vyjednat m\u00edrov\u00e9 \u0159e\u0161en\u00ed b\u00fdval\u00fd britsk\u00fd premi\u00e9r, kter\u00fd jednal jm\u00e9nem Bidenovy administrativy. To je samoz\u0159ejm\u011b satelit. Velk\u00e9 zem\u011b ovl\u00e1daj\u00ed ty mal\u00e9. To nen\u00ed nic nov\u00e9ho. A proto jsem po\u017e\u00e1dal o jedn\u00e1n\u00ed p\u0159\u00edmo s Bidenovou administrativou, kter\u00e1 tato rozhodnut\u00ed \u010din\u00ed, a ne s ukrajinsk\u00fdm prezidentem Zelensk\u00fdm.<\/p>\n<p>Vladimir Putin: Pokud Zelensk\u00e9ho vl\u00e1da na Ukrajin\u011b odm\u00edtne vyjedn\u00e1vat, p\u0159edpokl\u00e1d\u00e1m, \u017ee tak \u010din\u00ed na pokyn Washingtonu. Pokud si Washington mysl\u00ed, \u017ee to bylo \u0161patn\u00e9 rozhodnut\u00ed, m\u011bl by ho opustit. M\u011blo by to naj\u00edt dobrou v\u00fdmluvu, aby se nikdo neurazil. M\u011blo by to naj\u00edt cestu ven. My jsme to rozhodnut\u00ed neud\u011blali. Potkal jsi ji. Tak\u017ee by to m\u011bli zru\u0161it. To je v\u0161e. Ale rozhodli se \u0161patn\u011b. A te\u010f mus\u00edme naj\u00edt cestu, jak jejich chybu napravit. Ud\u011blali to, tak a\u0165 si to oprav\u00ed sami. To podporujeme.<\/p>\n<p>Tucker: Jen se chci ujistit, \u017ee nerozum\u00edm \u0161patn\u011b tomu, co \u0159\u00edk\u00e1te. Mysl\u00edm, \u017ee ne. Mysl\u00edm, \u017ee \u0159\u00edk\u00e1te, \u017ee chcete vyjednan\u00e9 \u0159e\u0161en\u00ed toho, co se d\u011bje na Ukrajin\u011b.<\/p>\n<p>Vladimir Putin: Spr\u00e1vn\u011b. A toho jsme dos\u00e1hli. Velk\u00fd dokument jsme p\u0159ipravili v Istanbulu, kter\u00fd parafoval vedouc\u00ed ukrajinsk\u00e9 delegace. Podepsal n\u011bkter\u00e1 ustanoven\u00ed, ne v\u0161echna. Podepsal a pak \u0159ekl, jsme p\u0159ipraveni to podepsat a v\u00e1lka u\u017e d\u00e1vno skon\u010dila. p\u0159ed 18 m\u011bs\u00edci. Ale pak p\u0159i\u0161el premi\u00e9r Johnson a rozmluvil n\u00e1s, a my jsme tuto \u0161anci prop\u00e1sli. No, chyb\u011bli ti. Ud\u011blal jsi chybu. A\u0165 se vr\u00e1t\u00ed. To je v\u0161e. Pro\u010d se mus\u00edme obt\u011b\u017eovat opravov\u00e1n\u00edm chyb toho druh\u00e9ho? J\u00e1 v\u00edm, d\u00e1 se \u0159\u00edct, \u017ee je to na\u0161e chyba. Byli jsme to my, kdo situaci zhor\u0161il, kdo se rozhodl ukon\u010dit v\u00e1lku, kter\u00e1 za\u010dala na Donbasu v roce 2014. Jak ji\u017e bylo zm\u00edn\u011bno, se zbran\u011bmi. Dovolte mi vr\u00e1tit se a pokra\u010dovat v p\u0159\u00edb\u011bhu. U\u017e jsem ti to \u0159ekl. Pr\u00e1v\u011b jsme o tom mluvili. Vra\u0165me se do roku 1991, kdy n\u00e1m bylo sl\u00edbeno, \u017ee se NATO nebude roz\u0161i\u0159ovat, do roku 2008, kdy se otev\u0159ely dve\u0159e NATO k prohl\u00e1\u0161en\u00ed st\u00e1tn\u00ed suverenity Ukrajiny a bylo vysv\u011btleno, \u017ee se Ukrajina stala neutr\u00e1ln\u00edm st\u00e1tem. Vzpome\u0148me na dobu, kdy se na \u00fazem\u00ed Ukrajiny objevily vojensk\u00e9 z\u00e1kladny NATO a USA a p\u0159edstavovaly pro n\u00e1s hrozbu. Vzpome\u0148me na p\u0159evrat na Ukrajin\u011b v roce 2014. Ale to je zbyte\u010dn\u00e9, ne? M\u016f\u017eeme chodit tam a zp\u011bt donekone\u010dna, ale p\u0159eru\u0161ili jedn\u00e1n\u00ed. Je to chyba? Ano, to je ono. Opravte ho. Jsme p\u0159ipraveni. Co je\u0161t\u011b chyb\u00ed?<\/p>\n<p><span style=\"font-size: 18pt;\"><strong>Pod\u00edvejte se, jak Putin prohla\u0161uje, \u017ee zde podepsal m\u00edrovou dohodu (p\u0159ed p\u0159\u00edjezdem BoJo):<\/strong><\/span><\/p>\n<p><strong>V\u00edce:<\/strong><\/p>\n<ul>\n<li>K vyjedn\u00e1vac\u00edmu procesu a jeho ne\u00fasp\u011bchu: \u201eByly [rozhovory], kter\u00e9 dos\u00e1hly velmi vysok\u00e9ho stupn\u011b koordinace pozic ve slo\u017eit\u00e9m procesu, ale st\u00e1le byly t\u00e9m\u011b\u0159 dokon\u010deny. Ale pot\u00e9, co jsme st\u00e1hli na\u0161e jednotky z Kyjeva, druh\u00e1 strana v\u0161echny tyto dohody vyhodila z okna.&#8220;<\/li>\n<li>O jeho posledn\u00edm rozhovoru s Joe Bidenem: \u201eNo, ano, financuje, ale samoz\u0159ejm\u011b jsem s n\u00edm mluvil p\u0159ed speci\u00e1ln\u00ed vojenskou operac\u00ed&#8230; Mysl\u00edm, \u017ee d\u011bl\u00e1te obrovskou chybu historick\u00e9ho v\u00fdznamu, kdy\u017e ignorujete v\u0161echno, co se d\u011bje. tam na Ukrajin\u011b podporu zatla\u010den\u00edm Ruska\u201c.<\/li>\n<li>O mo\u017enosti glob\u00e1ln\u00edho konfliktu: \u201eOdporuje zdrav\u00e9mu rozumu nechat se vt\u00e1hnout do jak\u00e9hokoli druhu glob\u00e1ln\u00ed v\u00e1lky a glob\u00e1ln\u00ed v\u00e1lka p\u0159ivede cel\u00e9 lidstvo na pokraj zni\u010den\u00ed.<\/li>\n<li>Ke konceptu denacifikace: \u201eDenacifikace\u2026 znamen\u00e1 z\u00e1kaz v\u0161ech neonacistick\u00fdch hnut\u00ed\u2026 Mus\u00edme se zbavit t\u011bch, kte\u0159\u00ed tento koncept udr\u017euj\u00ed, kte\u0159\u00ed tuto praxi podporuj\u00ed a sna\u017e\u00ed se ji zachovat.\u201c<\/li>\n<li>O teritori\u00e1ln\u00edch ambic\u00edch Ruska: \u201eProst\u011b nem\u00e1me \u017e\u00e1dn\u00fd z\u00e1jem [o Polsko, Loty\u0161sko ani nikde jinde]. Je to jen vyhro\u017eov\u00e1n\u00ed.&#8220;<\/li>\n<\/ul>\n<p class=\"has-medium-font-size\"><span style=\"font-size: 18pt;\"><strong>Elon Musk a Neuralink<\/strong><\/span><\/p>\n<p>Putin nazna\u010dil, \u017ee Elon Musk je nezastaviteln\u00fd: \u201eUd\u011bl\u00e1 to, co pova\u017euje za spr\u00e1vn\u00e9. Ale mus\u00edte s n\u00edm naj\u00edt spole\u010dnou \u0159e\u010d. Mus\u00edte naj\u00edt zp\u016fsoby, jak ho p\u0159esv\u011bd\u010dit. Mysl\u00edm, \u017ee je to inteligentn\u00ed \u010dlov\u011bk. Opravdu tomu v\u011b\u0159\u00edm. Mus\u00edte se s n\u00edm tedy dohodnout, proto\u017ee tento proces mus\u00ed b\u00fdt formalizov\u00e1n a podl\u00e9hat ur\u010dit\u00fdm pravidl\u016fm. Lidstvo si mus\u00ed polo\u017eit ot\u00e1zku, co se stane s nejnov\u011bj\u0161\u00edm v\u00fdvojem v genetice nebo AI? &#8222;Dok\u00e1\u017ee\u0161 zhruba p\u0159edv\u00eddat, co se stane.&#8220;<\/p>\n<p><span style=\"font-size: 18pt;\"><strong>A je\u0161t\u011b v\u00edce:<\/strong><\/span><\/p>\n<ul>\n<li>O explozi Nord Stream: \u201eV takov\u00fdch p\u0159\u00edpadech se v\u017edy \u0159\u00edk\u00e1, \u017ee mus\u00edte hledat n\u011bkoho, kdo m\u00e1 z\u00e1jem. Ale v tomto p\u0159\u00edpad\u011b bychom nem\u011bli hledat jen n\u011bkoho, kdo m\u00e1 z\u00e1jem, ale tak\u00e9 n\u011bkoho schopn\u00e9ho&#8230; Kdo m\u00e1 z\u00e1jem a kdo je schopn\u00fd?<\/li>\n<\/ul>\n<p>Tucker: &#8222;Kdo vyhodil do pov\u011bt\u0159\u00ed Nord Stream?&#8220; Putin: &#8222;Ur\u010dit\u011b ty.&#8220; Tucker: &#8222;Ten den jsem byl zanepr\u00e1zdn\u011bn.&#8220; Nevyhodil jsem Nord Stream.&#8220; Putin: &#8222;Vy osobn\u011b m\u016f\u017eete m\u00edt alibi, ale CIA alibi nem\u00e1.&#8220;<\/p>\n<ul>\n<li>Na d\u016fkaz zapojen\u00ed NATO: \u201eV propagandistick\u00e9 v\u00e1lce je t\u011b\u017ek\u00e9 porazit Spojen\u00e9 st\u00e1ty, proto\u017ee ovl\u00e1daj\u00ed v\u0161echna sv\u011btov\u00e1 m\u00e9dia\u2026 M\u016f\u017eeme jednodu\u0161e posv\u00edtit reflektorem na na\u0161e zdroje informac\u00ed, ale nedos\u00e1hneme v\u00fdsledk\u016f.\u201c<\/li>\n<li>K n\u011bmeck\u00e9mu ml\u010den\u00ed na Nord Streamu: \u201eDne\u0161n\u00ed n\u011bmeck\u00e9 veden\u00ed se \u0159\u00edd\u00ed sp\u00ed\u0161e z\u00e1jmy kolektivn\u00edho Z\u00e1padu ne\u017e sv\u00fdmi n\u00e1rodn\u00edmi z\u00e1jmy.<\/li>\n<li>O glob\u00e1ln\u00edch alianc\u00edch a bezpe\u010dnosti: \u201eBezpe\u010dnost by m\u011bla b\u00fdt sd\u00edlena a ne pro zlatou miliardu. Toto je jedin\u00fd sc\u00e9n\u00e1\u0159, ve kter\u00e9m m\u016f\u017ee b\u00fdt sv\u011bt stabiln\u00ed, udr\u017eiteln\u00fd a p\u0159edv\u00eddateln\u00fd.<\/li>\n<li>O pou\u017eit\u00ed americk\u00e9ho dolaru jako politick\u00e9ho n\u00e1stroje: \u201ePou\u017eit\u00ed dolaru jako zahrani\u010dn\u00ed politick\u00e9 zbran\u011b je jednou z nejv\u011bt\u0161\u00edch strategick\u00fdch chyb politick\u00e9ho veden\u00ed USA.<\/li>\n<li>O dopadu sankc\u00ed a odklonu od dolaru: \u201eDokonce i spojenci Spojen\u00fdch st\u00e1t\u016f nyn\u00ed sni\u017euj\u00ed sv\u00e9 dolarov\u00e9 rezervy\u2026\u201c. Nebyli jsme to my, kdo zak\u00e1zal pou\u017e\u00edv\u00e1n\u00ed americk\u00e9ho dolaru. Bylo to rozhodnut\u00ed Spojen\u00fdch st\u00e1t\u016f omezit na\u0161e transakce v americk\u00fdch dolarech.\u201c<\/li>\n<li>O vztahu s \u010c\u00ednou: \u201eFilozofie \u010d\u00ednsk\u00e9 zahrani\u010dn\u00ed politiky nen\u00ed agresivn\u00ed. Smyslem je v\u017edy hledat kompromis.<\/li>\n<li>K mo\u017en\u00fdm zm\u011bn\u00e1m ve vztaz\u00edch mezi USA a Ruskem: \u201eNejde o osobnost v\u016fdce. Jde o to, jak elity uva\u017euj\u00ed, jak se chovaj\u00ed k v\u016fdc\u016fm. Pokud bude americk\u00e1 spole\u010dnost ovl\u00e1d\u00e1na my\u0161lenkou nadvl\u00e1dy za ka\u017edou cenu, v\u010detn\u011b s\u00edly, nic se nezm\u011bn\u00ed.&#8220;<\/li>\n<li>O povaze moci ve Spojen\u00fdch st\u00e1tech: \u201eJe pro n\u00e1s velmi obt\u00ed\u017en\u00e9 to v\u0161echno vy\u0159e\u0161it. Kdo rozhoduje ve volb\u00e1ch? Ka\u017ed\u00fd st\u00e1t si vl\u00e1dne s\u00e1m&#8230; Existuj\u00ed dv\u011b dominantn\u00ed strany: republik\u00e1ni a demokrat\u00e9.<\/li>\n<li>O k\u0159es\u0165anstv\u00ed a n\u00e1sil\u00ed: \u201ePokud jde o ochranu sebe, sv\u00e9 rodiny a sv\u00e9 zem\u011b, je to velmi jednoduch\u00e9. Na nikoho ne\u00fato\u010d\u00edme&#8230; A chr\u00e1n\u00edme na\u0161e lidi, sebe, na\u0161i vlast a na\u0161i budoucnost.&#8220;<\/li>\n<\/ul>\n<p><span style=\"font-size: 18pt;\"><strong>Tucker se tak\u00e9 zeptal na v\u011bzn\u011bn\u00e9ho report\u00e9ra WSJ Evana Gershkoviche:<\/strong><\/span><\/p>\n<p>Tucker: M\u00e1m jen posledn\u00ed ot\u00e1zku. Je o n\u011bkom, kdo je ve Spojen\u00fdch st\u00e1tech velmi slavn\u00fd. Tady asi ne. Evan Gershkovich je report\u00e9rem The Wall Street Journal. Je mu 32 let. A ve v\u011bzen\u00ed je u\u017e skoro rok. V USA je to velk\u00fd p\u0159\u00edb\u011bh. A cht\u011bl bych se v\u00e1s jen p\u0159\u00edmo zeptat, ani\u017e bych zach\u00e1zel do podrobnost\u00ed nebo va\u0161\u00ed verze ud\u00e1lost\u00ed, zda byste byl ochoten ho propustit jako projev slu\u0161nosti a p\u0159iv\u00e9st ho zp\u011bt do Spojen\u00fdch st\u00e1t\u016f.<\/p>\n<p>Vladimir Putin: Ud\u011blali jsme tolik gest dobr\u00e9 v\u016fle ze slu\u0161nosti, \u017ee si mysl\u00edm, \u017ee n\u00e1m do\u0161la. Nikdy jsme nevid\u011bli nikoho, kdo by se mstil podobn\u00fdm zp\u016fsobem. Teoreticky lze \u0159\u00edci, \u017ee to nem\u016f\u017eeme vylou\u010dit, pokud na\u0161i partne\u0159i podniknou p\u0159\u00edslu\u0161n\u00e9 kroky. Kdy\u017e mluv\u00edm o partnerech, m\u00e1m na mysli p\u0159edev\u0161\u00edm odborn\u00e1 odd\u011blen\u00ed. Specializovan\u00e9 slu\u017eby jsou ve vz\u00e1jemn\u00e9m kontaktu. Mluv\u00ed o tom. P\u0159i \u0159e\u0161en\u00ed tohoto probl\u00e9mu neexistuje \u017e\u00e1dn\u00e9 tabu. Jsme p\u0159ipraveni probl\u00e9m vy\u0159e\u0161it, ale existuj\u00ed ur\u010dit\u00e9 podm\u00ednky, kter\u00e9 budou projedn\u00e1ny prost\u0159ednictv\u00edm kan\u00e1l\u016f speci\u00e1ln\u00edch slu\u017eeb. V\u011b\u0159\u00edm, \u017ee dohoda je mo\u017en\u00e1.<\/p>\n<p><img decoding=\"async\" loading=\"lazy\" class=\"alignnone size-full wp-image-1185\" src=\"http:\/\/www.infokuryr.cz\/n\/wp-content\/uploads\/2021\/04\/kuryr-podpis.png\" alt=\"\" width=\"84\" height=\"24\" \/><\/p>\n<p>&nbsp;<\/p>\n<p><a href=\"https:\/\/stranapro.cz\/\"><img decoding=\"async\" loading=\"lazy\" class=\"wp-image-40286 aligncenter\" src=\"http:\/\/www.infokuryr.cz\/n\/wp-content\/uploads\/2023\/11\/12pro-300x87.png\" alt=\"\" width=\"983\" height=\"285\" srcset=\"https:\/\/www.infokuryr.cz\/n\/wp-content\/uploads\/2023\/11\/12pro-300x87.png 300w, https:\/\/www.infokuryr.cz\/n\/wp-content\/uploads\/2023\/11\/12pro.png 366w\" sizes=\"(max-width: 983px) 100vw, 983px\" \/><\/a><\/p>\n<p>&nbsp;<\/p>\n<p>&nbsp;<\/p>\n<p>&nbsp;<\/p>\n<p>&nbsp;<\/p>\n<p>&nbsp;<\/p>\n","protected":false},"excerpt":{"rendered":"<p>Americk\u00fd televizn\u00ed novin\u00e1\u0159 Tucker Carlson zve\u0159ejnil na sv\u00e9m webu\u00a0rozhovor\u00a0s rusk\u00fdm prezidentem Vladimirem Putinem. Ruskojazy\u010dn\u00e1 verze&#8230;<\/p>\n","protected":false},"author":2,"featured_media":46641,"comment_status":"closed","ping_status":"closed","sticky":false,"template":"","format":"standard","meta":[],"categories":[7],"tags":[102,1052,5168],"_links":{"self":[{"href":"https:\/\/www.infokuryr.cz\/n\/wp-json\/wp\/v2\/posts\/46640"}],"collection":[{"href":"https:\/\/www.infokuryr.cz\/n\/wp-json\/wp\/v2\/posts"}],"about":[{"href":"https:\/\/www.infokuryr.cz\/n\/wp-json\/wp\/v2\/types\/post"}],"author":[{"embeddable":true,"href":"https:\/\/www.infokuryr.cz\/n\/wp-json\/wp\/v2\/users\/2"}],"replies":[{"embeddable":true,"href":"https:\/\/www.infokuryr.cz\/n\/wp-json\/wp\/v2\/comments?post=46640"}],"version-history":[{"count":1,"href":"https:\/\/www.infokuryr.cz\/n\/wp-json\/wp\/v2\/posts\/46640\/revisions"}],"predecessor-version":[{"id":46648,"href":"https:\/\/www.infokuryr.cz\/n\/wp-json\/wp\/v2\/posts\/46640\/revisions\/46648"}],"wp:featuredmedia":[{"embeddable":true,"href":"https:\/\/www.infokuryr.cz\/n\/wp-json\/wp\/v2\/media\/46641"}],"wp:attachment":[{"href":"https:\/\/www.infokuryr.cz\/n\/wp-json\/wp\/v2\/media?parent=46640"}],"wp:term":[{"taxonomy":"category","embeddable":true,"href":"https:\/\/www.infokuryr.cz\/n\/wp-json\/wp\/v2\/categories?post=46640"},{"taxonomy":"post_tag","embeddable":true,"href":"https:\/\/www.infokuryr.cz\/n\/wp-json\/wp\/v2\/tags?post=46640"}],"curies":[{"name":"wp","href":"https:\/\/api.w.org\/{rel}","templated":true}]}}