{"id":46590,"date":"2024-02-09T00:43:43","date_gmt":"2024-02-08T23:43:43","guid":{"rendered":"https:\/\/www.infokuryr.cz\/n\/?p=46590"},"modified":"2024-02-08T17:11:06","modified_gmt":"2024-02-08T16:11:06","slug":"polska-armada-zvazuje-povoleni-transgenderovych-jednotek","status":"publish","type":"post","link":"https:\/\/www.infokuryr.cz\/n\/2024\/02\/09\/polska-armada-zvazuje-povoleni-transgenderovych-jednotek\/","title":{"rendered":"Polsk\u00e1 arm\u00e1da zva\u017euje povolen\u00ed transgenderov\u00fdch jednotek"},"content":{"rendered":"<div id=\"fb-root\"><\/div>\n<p><span style=\"font-size: 18pt;\"><strong>Nov\u00e1 levicov\u011b-liber\u00e1ln\u00ed vl\u00e1da v Polsku m\u00e1 prom\u011bnit nejen spole\u010dnost, ale i arm\u00e1du<\/strong><\/span><\/p>\n<p><span>Polsk\u00e9 ministerstvo n\u00e1rodn\u00ed obrany zva\u017euje integraci transgender a intersexu\u00e1ln\u00edch jedinc\u016f do sv\u00fdch vojensk\u00fdch \u0159ad, co\u017e p\u0159edstavuje potenci\u00e1ln\u00ed posun v politice.\u00a0Tento krok p\u0159ich\u00e1z\u00ed kr\u00e1tce pot\u00e9, co se k moci dostala nov\u00e1 levicov\u011b-liber\u00e1ln\u00ed vl\u00e1da pod veden\u00edm Donalda Tuska.<\/span><\/p>\n<p><span>\u00da\u0159edn\u00edci ministerstva uvedli, \u017ee berou ot\u00e1zku omezen\u00e9ho p\u0159\u00edstupu k vojensk\u00e9 slu\u017eb\u011b pro\u00a0<\/span><a class=\"ek-link\" href=\"https:\/\/rmx.news\/commentary\/the-eu-s-strategy-for-lgbtiq-equality-will-force-liberal-values-on-europe-and-even-fuel-discrimination\/\"><span>transgender a intersexu\u00e1ln\u00ed osoby<\/span><\/a><span>\u00a0v\u00e1\u017en\u011b a zkoumaj\u00ed mo\u017enost revize p\u0159edpis\u016f v t\u00e9to oblasti.\u00a0Jde o odpov\u011b\u010f na dotaz liber\u00e1ln\u00edho listu Gazeta Wyborcza t\u00fdkaj\u00edc\u00ed se otev\u0159enosti arm\u00e1dy v\u016f\u010di jedinc\u016fm s genderovou dysfori\u00ed.<\/span><\/p>\n<p><span>Historicky bylo jednotlivc\u016fm identifikuj\u00edc\u00edm se jako transgender v Polsku zak\u00e1z\u00e1na vojensk\u00e1 slu\u017eba, co\u017e byl postoj, kter\u00fd byl dosud nezpochybn\u011bn.\u00a0Av\u0161ak pod vl\u00e1dou\u00a0<\/span><a class=\"ek-link\" href=\"https:\/\/rmx.news\/poland\/survey-reveals-poles-frustration-and-fear-over-current-situation-in-the-country\/\"><span>Tuska a jeho koalice<\/span><\/a><span>\u00a0m\u016f\u017ee tato politika proj\u00edt revolu\u010dn\u00edmi zm\u011bnami.<\/span><\/p>\n<figure class=\"wp-block-image size-full\"><img decoding=\"async\" loading=\"lazy\" class=\"wp-image-107416 lazyloaded aligncenter\" src=\"https:\/\/rmx.news\/wp-content\/uploads\/2024\/02\/Polish-Army.jpeg\" sizes=\"(max-width: 800px) 100vw, 800px\" srcset=\"https:\/\/rmx.news\/wp-content\/uploads\/2024\/02\/Polish-Army.jpeg 800w, https:\/\/rmx.news\/wp-content\/uploads\/2024\/02\/Polish-Army-500x333.jpeg 500w, https:\/\/rmx.news\/wp-content\/uploads\/2024\/02\/Polish-Army-768x512.jpeg 768w\" alt=\"\" width=\"788\" height=\"525\" data-srcset=\"https:\/\/rmx.news\/wp-content\/uploads\/2024\/02\/Polish-Army.jpeg 800w, https:\/\/rmx.news\/wp-content\/uploads\/2024\/02\/Polish-Army-500x333.jpeg 500w, https:\/\/rmx.news\/wp-content\/uploads\/2024\/02\/Polish-Army-768x512.jpeg 768w\" data-src=\"https:\/\/rmx.news\/wp-content\/uploads\/2024\/02\/Polish-Army.jpeg\" data-sizes=\"(max-width: 800px) 100vw, 800px\" \/><figcaption class=\"wp-element-caption\"><em><span>Pol\u0161t\u00ed voj\u00e1ci b\u011bhem oslav Dne \u00fastavy ve Vratislavi, 2022. (Zdroj: Shutterstock).<\/span><\/em><\/figcaption><\/figure>\n<p><span>Po zm\u011bn\u011b ve veden\u00ed sou\u010dasn\u00e9 veden\u00ed ministerstva obrany, veden\u00e9 W\u0142adys\u0142awem Kosiniak-Kamyszem, \u201eanalyzuje\u201c potenci\u00e1l regula\u010dn\u00edch zm\u011bn, kter\u00e9 by ji\u017e neklasifikovaly poruchy genderov\u00e9 identity jako \u201enemoc nebo defekt\u201c.\u00a0Tato informace vyplynula z odpov\u011bdi ministerstva na dotaz listu Gazeta Wyborcza.<\/span><\/p>\n<p><span>Tiskov\u00e9 odd\u011blen\u00ed ministerstva uvedlo, \u017ee v mezirezortn\u00edch konzultac\u00edch byly p\u0159edlo\u017eeny n\u00e1vrhy na zm\u011bny t\u00fdkaj\u00edc\u00ed se posuzov\u00e1n\u00ed zp\u016fsobilosti vojensk\u00e9 slu\u017eby a postup\u016f vojensk\u00fdch l\u00e9ka\u0159sk\u00fdch komis\u00ed pro transgender a intersexu\u00e1ln\u00ed osoby, ale nebyly schv\u00e1leny p\u0159edchoz\u00edm konzervativn\u00edm veden\u00edm Ministerstvo n\u00e1rodn\u00ed obrany.<\/span><\/p>\n<p><span>Tiskov\u00e1 kancel\u00e1\u0159 ministerstva dodala: &#8222;Chceme ujistit, \u017ee bereme ot\u00e1zku omezen\u00e9ho p\u0159\u00edstupu k vojensk\u00e9 slu\u017eb\u011b pro transgender a intersexu\u00e1ln\u00ed osoby v\u00e1\u017en\u011b a analyzujeme mo\u017enost \u00fapravy p\u0159edpis\u016f v tomto ohledu.&#8220;<\/span><\/p>\n<p><span>V roce 2020 si mluv\u010d\u00ed pro ob\u010dansk\u00e1 pr\u00e1va, nyn\u00ed ministr spravedlnosti Adam Bodnar, posteskl v dopise ministru Mariuszi B\u0142aszczakovi, \u017ee transgenderov\u00e9 osoby \u201emaj\u00ed omezen\u00fd p\u0159\u00edstup k vojensk\u00e9 slu\u017eb\u011b\u201c a apeloval na zm\u011bnu t\u00e9to situace.<\/span><\/p>\n<p><img decoding=\"async\" loading=\"lazy\" class=\"alignnone size-full wp-image-1185\" src=\"http:\/\/www.infokuryr.cz\/n\/wp-content\/uploads\/2021\/04\/kuryr-podpis.png\" alt=\"\" width=\"84\" height=\"24\" \/><\/p>\n<p>&nbsp;<\/p>\n<p>&nbsp;<\/p>\n","protected":false},"excerpt":{"rendered":"<p>Nov\u00e1 levicov\u011b-liber\u00e1ln\u00ed vl\u00e1da v Polsku m\u00e1 prom\u011bnit nejen spole\u010dnost, ale i arm\u00e1du Polsk\u00e9 ministerstvo n\u00e1rodn\u00ed&#8230;<\/p>\n","protected":false},"author":2,"featured_media":46591,"comment_status":"closed","ping_status":"closed","sticky":false,"template":"","format":"standard","meta":[],"categories":[7],"tags":[80,206,31,774],"_links":{"self":[{"href":"https:\/\/www.infokuryr.cz\/n\/wp-json\/wp\/v2\/posts\/46590"}],"collection":[{"href":"https:\/\/www.infokuryr.cz\/n\/wp-json\/wp\/v2\/posts"}],"about":[{"href":"https:\/\/www.infokuryr.cz\/n\/wp-json\/wp\/v2\/types\/post"}],"author":[{"embeddable":true,"href":"https:\/\/www.infokuryr.cz\/n\/wp-json\/wp\/v2\/users\/2"}],"replies":[{"embeddable":true,"href":"https:\/\/www.infokuryr.cz\/n\/wp-json\/wp\/v2\/comments?post=46590"}],"version-history":[{"count":0,"href":"https:\/\/www.infokuryr.cz\/n\/wp-json\/wp\/v2\/posts\/46590\/revisions"}],"wp:featuredmedia":[{"embeddable":true,"href":"https:\/\/www.infokuryr.cz\/n\/wp-json\/wp\/v2\/media\/46591"}],"wp:attachment":[{"href":"https:\/\/www.infokuryr.cz\/n\/wp-json\/wp\/v2\/media?parent=46590"}],"wp:term":[{"taxonomy":"category","embeddable":true,"href":"https:\/\/www.infokuryr.cz\/n\/wp-json\/wp\/v2\/categories?post=46590"},{"taxonomy":"post_tag","embeddable":true,"href":"https:\/\/www.infokuryr.cz\/n\/wp-json\/wp\/v2\/tags?post=46590"}],"curies":[{"name":"wp","href":"https:\/\/api.w.org\/{rel}","templated":true}]}}