{"id":46553,"date":"2024-02-08T00:51:47","date_gmt":"2024-02-07T23:51:47","guid":{"rendered":"https:\/\/www.infokuryr.cz\/n\/?p=46553"},"modified":"2024-02-08T04:31:07","modified_gmt":"2024-02-08T03:31:07","slug":"tucker-carlson-ze-strechy-hotelu-four-seasons-v-moskve-oznamil-chystane-nataceni-rozhovoru-s-vladimirem-putinem","status":"publish","type":"post","link":"https:\/\/www.infokuryr.cz\/n\/2024\/02\/08\/tucker-carlson-ze-strechy-hotelu-four-seasons-v-moskve-oznamil-chystane-nataceni-rozhovoru-s-vladimirem-putinem\/","title":{"rendered":"Tucker Carlson ze st\u0159echy hotelu Four Seasons v Moskv\u011b ozn\u00e1mil chystan\u00e9 nat\u00e1\u010den\u00ed rozhovoru s Vladimirem Putinem!"},"content":{"rendered":"<div id=\"fb-root\"><\/div>\n<h4>Tucker Carlson ze st\u0159echy hotelu Four Seasons v Moskv\u011b ozn\u00e1mil chystan\u00e9 nat\u00e1\u010den\u00ed rozhovoru s Vladimirem Putinem! Evrop\u0161t\u00ed politici mu za to ji\u017e pohrozili za\u0159azen\u00edm na sank\u010dn\u00ed seznam, \u017ee rozhovorem pr\u00fd napom\u016f\u017ee zlo\u010dinci Putinovi! A ukrajinsk\u00e1 tajn\u00e1 slu\u017eba GUR provozuj\u00edc\u00ed web M\u00edrotvorec ji\u017e Tuckera Carlsona za\u0159adila na seznam nep\u0159\u00e1tel Ukrajiny, kte\u0159\u00ed jsou ur\u010deni k likvidaci!<\/h4>\n<p>Americk\u00fd novin\u00e1\u0159 a publicista Tucker Carlson odp\u00e1lil doslova vod\u00edkovou bombu, kdy\u017e v \u00fater\u00fd ve\u010der moskevsk\u00e9ho \u010dasu uve\u0159ejnil video, na kter\u00e9m ozn\u00e1mil, \u017ee se chyst\u00e1 nato\u010dit rozhovor s Vladimirem Putinem. Informaci potvrdila i rusk\u00e1 agentura Interfax\u00a0<strong>[<a href=\"https:\/\/href.li\/?https:\/\/www.interfax.ru\/russia\/944932\" target=\"_blank\" rel=\"nofollow noopener\">1<\/a>]<\/strong>\u00a0a mluv\u010d\u00ed Kremlu Dmitrij Peskov rovn\u011b\u017e uvedl, \u017ee na internet unikl\u00fd a od ned\u011ble \u0161\u00ed\u0159en\u00fd \u00fadajn\u00fd rozhovor Carlsona s Putinem je podvrh.<\/p>\n<p><strong>Skute\u010dn\u00fd rozhovor s Putinem by podle serveru Pravda mohl b\u00fdt publikov\u00e1n ji\u017e ve \u010dtvrtek 8. ledna [<a href=\"https:\/\/href.li\/?https:\/\/pravda-en.com\/usa\/2024\/02\/07\/305975.html\" target=\"_blank\" rel=\"nofollow noopener\">2<\/a>] na str\u00e1nce TuckerCarlson.com a na Twitteru.<\/strong>\u00a0Kr\u00e1tk\u00e1 video pozv\u00e1nka k tomuto chystan\u00e9mu rozhovoru byla nato\u010dena na 16. poschod\u00ed moskevsk\u00e9ho hotelu Four Seasons, tedy na st\u0159e\u0161e m\u00edstn\u00ed\u00a0<em>skytop<\/em>\u00a0restaurace, kter\u00e1 m\u00e1 v\u00fdhled p\u0159\u00edmo na Kreml po lev\u00e9 stran\u011b. Tuckerovo video m\u00e1te n\u00ed\u017ee i s \u010desk\u00fdmi titulky. Jen\u017ee, co se mezit\u00edm spustilo za \u0159ev v zem\u00edch kolektivn\u00edho z\u00e1padu, to prost\u011b hlava nebere.<\/p>\n<p>\u010casopis Newsweek p\u0159inesl informaci\u00a0<strong>[<a href=\"https:\/\/href.li\/?https:\/\/www.newsweek.com\/tucker-carlson-sanctions-eu-putin-interview-1867655\" target=\"_blank\" rel=\"nofollow noopener\">3<\/a>]<\/strong>, \u017ee Evropsk\u00e1 unie u\u017e zva\u017euje za\u0159azen\u00ed Tuckera Carlsona na sank\u010dn\u00ed seznam, proto\u017ee pr\u00fd pom\u00e1h\u00e1 Vladimiru Putinovi \u0161\u00ed\u0159it jeho v\u00e1le\u010dnou propagandu a rozhovorem mu pr\u00fd pom\u016f\u017ee \u0161\u00ed\u0159it do sv\u011bta Putin\u016fv narativ. Nato\u010den\u00ed takov\u00e9ho rozhovoru je pr\u00fd mo\u017en\u00e9 kvalifikovat jako trestn\u00fd \u010din napom\u00e1h\u00e1n\u00ed v\u00e1le\u010dn\u00e9mu \u00fasil\u00ed nep\u0159\u00edtele a Evropsk\u00e1 unie pr\u00fd ji\u017e zva\u017euje kroky. Viktor Orb\u00e1n se u\u017e ale nechal sly\u0161et, \u017ee v Evropsk\u00e9 rad\u011b by n\u00e1vrh na za\u0159azen\u00ed Tuckera na sank\u010dn\u00ed seznam zablokoval.<\/p>\n<p>&nbsp;<\/p>\n<div id=\"rumble_v49dkll\">\n<div id=\"vid_v49dkll\" class=\"rumble_v49dkll-Rumble-cls\" tabindex=\"-1\">\n<div class=\"bigPlayUI ctp\"><div class='videoWrapper'>\r\n\t            <iframe src='https:\/\/rumble.com\/embed\/pj.v49dkll\/' frameborder='0' allowfullscreen><\/iframe>\r\n\t        <\/div><\/p>\n<div class=\"bigPlayUIInner ctp\"><\/div>\n<\/div>\n<\/div>\n<\/div>\n<p>&nbsp;<\/p>\n<p>B\u00fdval\u00fd moder\u00e1tor Fox News by se kv\u016fli Carlsonov\u011b pr\u00e1ci v Rusku mohl dostat do sporu s EU, uvedl pro Newsweek Guy Verhofstadt, b\u00fdval\u00fd belgick\u00fd premi\u00e9r a sou\u010dasn\u00fd poslanec Evropsk\u00e9ho parlamentu. Z\u00e1konod\u00e1rce \u2013 kter\u00fd vyzval EU, aby prozkoumala mo\u017enost uvalen\u00ed \u201cz\u00e1kazu cestov\u00e1n\u00ed\u201d na Carlsona \u2013 ozna\u010dil Carlsona za \u201c<em>mluv\u010d\u00edho<\/em>\u201d b\u00fdval\u00e9ho prezidenta Donalda Trumpa a Putina a dodal:\u00a0<strong>\u201c<em>Vzhledem k tomu, \u017ee Putin je v\u00e1le\u010dn\u00fd zlo\u010dinec a EU sankcionuje v\u0161echny, kdo mu v tom pom\u00e1haj\u00ed, zd\u00e1 se logick\u00e9, aby jeho p\u0159\u00edpad prov\u011b\u0159ila i Slu\u017eba pro vn\u011bj\u0161\u00ed \u010dinnost<\/em>.\u201d<\/strong><\/p>\n<p>Slu\u017eba pro vn\u011bj\u0161\u00ed \u010dinnost EU (EAS) je diplomatickou slo\u017ekou bloku odpov\u011bdnou za zahrani\u010dn\u00ed politiku. Aby mohla b\u00fdt ur\u010dit\u00e1 osoba za\u0159azena na sank\u010dn\u00ed seznam EU, mus\u00ed b\u00fdt agentu\u0159e EAS p\u0159edlo\u017eeny d\u016fkazy k posouzen\u00ed. Pokud je shled\u00e1 dostate\u010dn\u00fdmi, m\u016f\u017ee EAS p\u0159edlo\u017eit p\u0159\u00edpad Evropsk\u00e9 rad\u011b \u2013 org\u00e1nu slo\u017een\u00e9mu z vedouc\u00edch p\u0159edstavitel\u016f \u010dlensk\u00fdch st\u00e1t\u016f EU, kter\u00e1 p\u0159ijme kone\u010dn\u00e9 rozhodnut\u00ed o uvalen\u00ed sankc\u00ed.<\/p>\n<h6><span style=\"font-size: 18pt;\">Evropsk\u00e1 unie pr\u00fd zva\u017euje za\u0159azen\u00ed Tuckera Carlsona na sank\u010dn\u00ed seznam<\/span><\/h6>\n<p>Jak\u00e9koli hypotetick\u00e9 sankce pro Carlsona tak mohou b\u00fdt pon\u011bkud vzd\u00e1len\u00e9, i kdy\u017e m\u00e1 tento krok dostate\u010dnou podporu mezi evropsk\u00fdmi z\u00e1konod\u00e1rci a hlavami st\u00e1t\u016f. Luis Garicano, b\u00fdval\u00fd poslanec Evropsk\u00e9ho parlamentu, \u0159ekl t\u00fdden\u00edku Newsweek, \u017ee s Verhofstadtov\u00fdm postojem souhlas\u00ed.\u00a0<strong>\u201c<em>U\u017e to nen\u00ed zpravodajec, ale propagandista toho nejohavn\u011bj\u0161\u00edho re\u017eimu na evropsk\u00e9 p\u016fd\u011b, kter\u00fd je nejnebezpe\u010dn\u011bj\u0161\u00ed pro n\u00e1\u0161 m\u00edr a bezpe\u010dnost,<\/em>\u201c<\/strong>\u00a0\u0159ekl Garicano na adresu Carlsona. Ano, tak\u017ee sly\u0161\u00edte dob\u0159e. Kdy\u017e novin\u00e1\u0159 odjede do Moskvy a ud\u011bl\u00e1 rozhovor s Putinem, u\u017e to nen\u00ed novin\u00e1\u0159, je pr\u00fd nebezpe\u010d\u00edm pro m\u00edr. Je to kv\u016fli tomu, \u017ee v dne\u0161n\u00ed dob\u011b je svobodn\u00e9 slovo v podstat\u011b nejni\u010div\u011bj\u0161\u00ed zbran\u00ed hromadn\u00e9ho ni\u010den\u00ed.<\/p>\n<figure id=\"attachment_52475\" class=\"wp-caption aligncenter\" style=\"width: 698px;\"><a href=\"https:\/\/aeronet.news\/wp-content\/uploads\/GuyVerhofstadtFiala5.jpg\"><img decoding=\"async\" loading=\"lazy\" class=\"wp-image-52475 \" src=\"https:\/\/aeronet.news\/wp-content\/uploads\/GuyVerhofstadtFiala5-1024x576.jpg\" sizes=\"(max-width: 700px) 100vw, 700px\" srcset=\"https:\/\/aeronet.news\/wp-content\/uploads\/GuyVerhofstadtFiala5-1024x576.jpg 1024w, https:\/\/aeronet.news\/wp-content\/uploads\/GuyVerhofstadtFiala5-300x169.jpg 300w, https:\/\/aeronet.news\/wp-content\/uploads\/GuyVerhofstadtFiala5-768x432.jpg 768w, https:\/\/aeronet.news\/wp-content\/uploads\/GuyVerhofstadtFiala5-700x394.jpg 700w, https:\/\/aeronet.news\/wp-content\/uploads\/GuyVerhofstadtFiala5-635x357.jpg 635w, https:\/\/aeronet.news\/wp-content\/uploads\/GuyVerhofstadtFiala5-859x483.jpg 859w, https:\/\/aeronet.news\/wp-content\/uploads\/GuyVerhofstadtFiala5.jpg 1280w\" alt=\"\" width=\"698\" height=\"393\" \/><\/a><figcaption class=\"wp-caption-text\">Poslanec EP Guy Verhofstadt<\/figcaption><\/figure>\n<p>Nen\u00ed vlastn\u011b nic nebezpe\u010dn\u011bj\u0161\u00edho pro zem\u011b kolektivn\u00edho z\u00e1padu, ne\u017e je svobodn\u00e9 slovo, kter\u00e9 zazn\u00ed od n\u011bkoho, kdo m\u00e1 b\u00fdt uml\u010den, zablokov\u00e1n, izolov\u00e1n, vymaz\u00e1n a \u0161krtnut. P\u0159esn\u011b takto to ud\u011blali z\u00e1padn\u00ed \u201c<em>demokradi<\/em>\u201d po 24. \u00fanoru 2022, kdy\u017e zablokovali rusk\u00e1 m\u00e9dia a bez VPN se na n\u011b z EU ji\u017e nedostanete. Pravda o tom, \u017ee za v\u00e1lku na Ukrajin\u011b m\u016f\u017ee Kyjev, kter\u00fd 8 let sabotoval Minsk\u00e9 m\u00edrov\u00e9 protokoly za souhlasu z\u00e1padn\u00edch zem\u00ed, jak prozradila v prosinci roku 2022 v rozhovoru pro n\u011bmeck\u00fd Bild Angela Merkel, prost\u011b nesm\u00ed ve\u0159ejn\u011b zazn\u00edt. Nesm\u00ed zazn\u00edt to, \u017ee kyjevsk\u00fd re\u017eim zni\u010dil a poh\u0159bil jedin\u00fd m\u00edrov\u00fd n\u00e1stroj, kter\u00fd mohl zabr\u00e1nit v\u00e1lce. Pokud nem\u00e1te \u010das na video v\u00fd\u0161e, tady je p\u0159epis pozv\u00e1nky Tuckera Carlsona ze st\u0159echy hotelu v Moskv\u011b:<\/p>\n<h5><span style=\"font-size: 18pt;\">Vzkaz Tuckera Carlsona ze st\u0159echy hotelu v Moskv\u011b<\/span><\/h5>\n<p>Dnes ve\u010der jsme v Moskv\u011b, abychom ud\u011blali rozhovor s rusk\u00fdm prezidentem Vladimirem Putinem. Brzy to ud\u011bl\u00e1me. Veden\u00ed takov\u00e9ho rozhovoru m\u00e1 samoz\u0159ejm\u011b sv\u00e1 rizika. Proto jsme o n\u011bm pe\u010dliv\u011b p\u0159em\u00fd\u0161leli mnoho m\u011bs\u00edc\u016f. Tady je d\u016fvod, pro\u010d to d\u011bl\u00e1me. Zaprv\u00e9 proto, \u017ee je to na\u0161e pr\u00e1ce. Jsme novin\u00e1\u0159i. Na\u0161\u00ed povinnost\u00ed je informovat lidi. Po dvou letech v\u00e1lky, kter\u00e1 m\u011bn\u00ed podobu cel\u00e9ho sv\u011bta, v\u011bt\u0161ina Ameri\u010dan\u016f nen\u00ed informov\u00e1na. Nemaj\u00ed skute\u010dnou p\u0159edstavu o tom, co se d\u011bje v tomto regionu, tady v Rusku nebo 600 mil daleko na Ukrajin\u011b. Ale m\u011bli by to v\u011bd\u011bt.<\/p>\n<p>Za v\u011bt\u0161inu z toho plat\u00ed zp\u016fsobem, kter\u00fd mo\u017en\u00e1 je\u0161t\u011b pln\u011b nevn\u00edmaj\u00ed. V\u00e1lka na Ukrajin\u011b je lidskou katastrofou, zanechala za sebou statis\u00edce mrtv\u00fdch, celou generaci mlad\u00fdch Ukrajinc\u016f a vylid\u0148uje nejv\u011bt\u0161\u00ed zemi v Evrop\u011b. Dlouhodob\u00e9 dopady jsou v\u0161ak je\u0161t\u011b hlub\u0161\u00ed. Tato v\u00e1lka zcela zm\u011bnila glob\u00e1ln\u00ed vojensk\u00e9 a obchodn\u00ed aliance a n\u00e1sledn\u00e9 sankce tak\u00e9. A celkov\u011b rozvr\u00e1tily sv\u011btovou ekonomiku.\u00a0<strong>Hospod\u00e1\u0159sk\u00fd \u0159\u00e1d po druh\u00e9 sv\u011btov\u00e9 v\u00e1lce, syst\u00e9m, kter\u00fd Z\u00e1padu zaru\u010doval prosperitu po v\u00edce ne\u017e 80 let, se velmi rychle rozpad\u00e1 a spolu s n\u00edm i dominance americk\u00e9ho dolaru.<\/strong>\u00a0Nejde o mal\u00e9 zm\u011bny, ale o v\u00fdvoj, kter\u00fd m\u011bn\u00ed d\u011bjiny. Budou ur\u010dovat \u017eivoty na\u0161ich vnuk\u016f. V\u011bt\u0161ina sv\u011bta to dokonale ch\u00e1pe, vid\u00ed to.<\/p>\n<p>Zeptejte se kohokoli v Asii nebo na Bl\u00edzk\u00e9m v\u00fdchod\u011b, jak vypad\u00e1 budoucnost, a p\u0159esto se zd\u00e1, \u017ee si to obyvatel\u00e9 anglicky mluv\u00edc\u00edch zem\u00ed v\u011bt\u0161inou neuv\u011bdomuj\u00ed. Mysl\u00ed si, \u017ee se vlastn\u011b nic nezm\u011bnilo, a mysl\u00ed si to proto, \u017ee jim nikdo ne\u0159ekl pravdu. Jejich sd\u011blovac\u00ed prost\u0159edky jsou zkorumpovan\u00e9, sv\u00fdm \u010dten\u00e1\u0159\u016fm a div\u00e1k\u016fm l\u017eou a d\u011blaj\u00ed to v\u011bt\u0161inou opomenut\u00edm. Nap\u0159\u00edklad ode dne, kdy za\u010dala v\u00e1lka na Ukrajin\u011b, mluvila americk\u00e1 m\u00e9dia s des\u00edtkami lid\u00ed z Ukrajiny a ud\u011blala des\u00edtky rozhovor\u016f s ukrajinsk\u00fdm prezidentem Zelensk\u00fdm. My sami jsme podali \u017e\u00e1dost o rozhovor se Zelensk\u00fdm a douf\u00e1me, \u017ee ji p\u0159ijme, ale rozhovory, kter\u00e9 u\u017e ve Spojen\u00fdch st\u00e1tech poskytl, nejsou tradi\u010dn\u00edmi rozhovory. Jsou to plamenn\u00e9 povzbuzovac\u00ed rozhovory, kter\u00e9 maj\u00ed speci\u00e1ln\u011b pos\u00edlit Zelensk\u00e9ho po\u017eadavek, aby USA vstoupily hloub\u011bji do v\u00e1lky ve v\u00fdchodn\u00ed Evrop\u011b a zaplatily za ni.<\/p>\n<p><strong>To nen\u00ed novina\u0159ina. Je to vl\u00e1dn\u00ed propaganda. Propaganda nejhnusn\u011bj\u0161\u00edho druhu, takov\u00e1, kter\u00e1 zab\u00edj\u00ed lidi.<\/strong>\u00a0Ve stejn\u00e9 dob\u011b, kdy na\u0161i politici a m\u00e9dia takto propaguj\u00ed ciz\u00edho v\u016fdce, jako by byl novou spot\u0159ebn\u00ed zna\u010dkou, se ani jeden z\u00e1padn\u00ed novin\u00e1\u0159 neobt\u011b\u017eoval ud\u011blat rozhovor s prezidentem druh\u00e9 zem\u011b zapojen\u00e9 do tohoto konfliktu, Vladimirem Putinem. V\u011bt\u0161ina Ameri\u010dan\u016f netu\u0161\u00ed, pro\u010d Putin vtrhl na Ukrajinu a jak\u00e9 jsou jeho sou\u010dasn\u00e9 c\u00edle. Nikdy nesly\u0161eli jeho hlas. To je \u0161patn\u011b. Ameri\u010dan\u00e9 maj\u00ed pr\u00e1vo v\u011bd\u011bt o v\u00e1lce, do kter\u00e9 jsou zapleteni, v\u0161e, co mohou, a my m\u00e1me pr\u00e1vo jim o tom \u0159\u00edct, proto\u017ee jsme tak\u00e9 Ameri\u010dan\u00e9.<\/p>\n<p>Svoboda projevu je na\u0161\u00edm rodn\u00fdm pr\u00e1vem. Narodili jsme se s pr\u00e1vem \u0159\u00edkat, \u010demu v\u011b\u0159\u00edme. Toto pr\u00e1vo n\u00e1m nelze vz\u00edt bez ohledu na to, kdo je v B\u00edl\u00e9m dom\u011b, ale oni se o to p\u0159esto pokou\u0161ej\u00ed.\u00a0<strong>P\u0159ed t\u00e9m\u011b\u0159 t\u0159emi lety Bidenova administrativa nez\u00e1konn\u011b \u0161pehovala na\u0161e textov\u00e9 zpr\u00e1vy a pak jejich obsah vyzradila sv\u00fdm slouh\u016fm ve zpravodajsk\u00fdch m\u00e9di\u00edch.<\/strong>\u00a0Ud\u011blali to proto, aby zastavili rozhovor s Putinem, kter\u00fd jsme pl\u00e1novali. Minul\u00fd m\u011bs\u00edc jsme si t\u00e9m\u011b\u0159 jisti, \u017ee p\u0159esn\u011b tot\u00e9\u017e ud\u011blali znovu, ale tentokr\u00e1t jsme do Moskvy stejn\u011b p\u0159ijeli. Nejsme tu proto, \u017ee bychom milovali Vladimira Putina. Jsme tu proto, \u017ee milujeme Spojen\u00e9 st\u00e1ty a chceme, aby z\u016fstaly prosperuj\u00edc\u00ed a svobodn\u00e9.<\/p>\n<p>Tuto cestu jsme si zaplatili sami, nevzali jsme si \u017e\u00e1dn\u00e9 pen\u00edze od \u017e\u00e1dn\u00e9 vl\u00e1dy ani skupiny, ani nevyb\u00edr\u00e1me od lid\u00ed poplatky za to, \u017ee rozhovor uvid\u00ed, nen\u00ed za placenou br\u00e1nou. Kdokoli se m\u016f\u017ee pod\u00edvat na celou v\u011bc, nato\u010denou \u017eiv\u011b na p\u00e1sek a nesest\u0159\u00edhanou, na na\u0161ich webov\u00fdch str\u00e1nk\u00e1ch TuckerCarlson.com Elon Musk ke sv\u00e9 velk\u00e9 cti sl\u00edbil, \u017ee tento rozhovor nepotla\u010d\u00ed ani nezablokuje, jakmile ho zve\u0159ejn\u00edme na jeho platform\u011b X, a my jsme mu za to vd\u011b\u010dn\u00ed. Naproti tomu z\u00e1padn\u00ed vl\u00e1dy se jist\u011b budou sna\u017eit toto video cenzurovat na jin\u00fdch, m\u00e9n\u011b z\u00e1sadn\u00edch platform\u00e1ch, proto\u017ee to je jejich pr\u00e1ce. Boj\u00ed se informac\u00ed, kter\u00e9 nemohou kontrolovat, ale vy nem\u00e1te d\u016fvod se jich b\u00e1t. Nenab\u00e1d\u00e1me v\u00e1s, abyste souhlasili s t\u00edm, co Putin v tomto rozhovoru mo\u017en\u00e1 \u0159ekne, ale vyz\u00fdv\u00e1me v\u00e1s, abyste se na n\u011bj pod\u00edvali. M\u011bli byste v\u011bd\u011bt co nejv\u00edce a pak se jako svobodn\u00fd ob\u010dan, a ne otrok, m\u016f\u017eete rozhodnout sami.<\/p>\n<p>D\u00edky.<\/p>\n<p><em>Tucker Carlson, 06. 02. 2024 v hotelu Four Seasons, Moskva<\/em><\/p>\n<h6><span style=\"font-size: 18pt;\">Carlson se u\u017e dostal i na seznam lid\u00ed ur\u010den\u00fdch k likvidaci<\/span><\/h6>\n<p>A proto\u017ee mluvit s Putinem je \u0161patn\u00e9, tak ukrajinsk\u00e1 vojensk\u00e1 rozv\u011bdka GUR za\u0159adila Tuckera Carslona na teroristick\u00fd web M\u00edrotvorec\u00a0<strong>[<a href=\"https:\/\/href.li\/?https:\/\/myrotvorets.center\/criminal\/karlson-taker\/\" target=\"_blank\" rel=\"nofollow noopener\">4<\/a>]<\/strong>, na kter\u00e9m GUR vede seznam nep\u0159\u00e1tel Ukrajiny jako osob ur\u010den\u00fdch k likvidaci. Na seznamu je sice veden ji\u017e od lo\u0148sk\u00e9ho roku jako\u00a0<em>propagandista<\/em>, ale nov\u011b te\u010f v seznamu pov\u00fd\u0161il a dostal nov\u00fd z\u00e1znam jako\u00a0<em><strong>komplic rusk\u00fdch v\u00e1le\u010dn\u00fdch zlo\u010dinc\u016f<\/strong>.<\/em>\u00a0<strong>Str\u00e1nku M\u00edrotvorec provozuje p\u0159\u00edmo GUR pod veden\u00edm Kyrylo Budanova, co\u017e potvrzuj\u00ed nez\u00e1visle na sob\u011b zdroje jak rusk\u00fdch tajn\u00fdch slu\u017eeb, tak i informace n\u011bmeck\u00e9 BND<\/strong>. Osoby jsou na seznam za\u0159azov\u00e1ny ve spolupr\u00e1ci s americk\u00fdm ministerstvem zahrani\u010d\u00ed a zejm\u00e9na po konzultac\u00edch s Pentagonem a americkou CIA. Web se t\u00edm ani netaj\u00ed a m\u00e1 kontaktn\u00ed odkazy na Langley ve Virginii.<\/p>\n<figure id=\"attachment_58539\" class=\"wp-caption aligncenter\" style=\"width: 813px;\"><a href=\"https:\/\/aeronet.news\/wp-content\/uploads\/TuckerCarlsonMirotvorec.jpg\"><img decoding=\"async\" loading=\"lazy\" class=\"wp-image-58539 \" src=\"https:\/\/aeronet.news\/wp-content\/uploads\/TuckerCarlsonMirotvorec.jpg\" sizes=\"(max-width: 811px) 100vw, 811px\" srcset=\"https:\/\/aeronet.news\/wp-content\/uploads\/TuckerCarlsonMirotvorec.jpg 811w, https:\/\/aeronet.news\/wp-content\/uploads\/TuckerCarlsonMirotvorec-300x161.jpg 300w, https:\/\/aeronet.news\/wp-content\/uploads\/TuckerCarlsonMirotvorec-768x411.jpg 768w, https:\/\/aeronet.news\/wp-content\/uploads\/TuckerCarlsonMirotvorec-700x375.jpg 700w, https:\/\/aeronet.news\/wp-content\/uploads\/TuckerCarlsonMirotvorec-667x357.jpg 667w\" alt=\"\" width=\"813\" height=\"435\" \/><\/a><figcaption class=\"wp-caption-text\">Tucker Carlson na seznamu M\u00edrotvorce<\/figcaption><\/figure>\n<p>Str\u00e1nka M\u00edrotvorec je podle bezpe\u010dnostn\u00edch analytik\u016f tzv.\u00a0<em>hate-spreading site<\/em>, kter\u00e1 ale nen\u00ed \u00fapln\u011b ne\u0161kodn\u00e1, proto\u017ee je inspirac\u00ed pro osam\u011bl\u00e9 vlky, v\u011bt\u0161inou pro Banderovce a ukrajinsk\u00e9 militanty, kte\u0159\u00ed se seznamem mohou inspirovat.\u00a0<strong>N\u011bkter\u00e9 osoby na seznamu ale skute\u010dn\u011b GUR nechala zlikvidovat, nap\u0159. atent\u00e1t na Darju Duginu p\u0159\u00edmo zorganizovala Budanova GUR.<\/strong>\u00a0Darja byla na seznamu M\u00edrotvorce, ale tzv. c\u00edle ur\u010duje p\u0159\u00edmo GUR a nepot\u0159ebuje k tomu webovou str\u00e1nku M\u00edrotvorec. Ka\u017edop\u00e1dn\u011b se ukazuje, \u017ee z\u00e1padn\u00ed imperialist\u00e9 se nejv\u00edce boj\u00ed svobodn\u00e9ho slova, \u017ee n\u011bkde zazn\u00ed n\u011bco od n\u011bkoho bez cenzury. Proto se nedivte, co pronesla \u0161\u00e9fka Evropsk\u00e9 komise p\u0159ed p\u00e1r t\u00fddny, \u017ee nejv\u011bt\u0161\u00ed hrozbou pro Evropu nen\u00ed migrace, ani v\u00e1lka na Ukrajin\u011b, ale dezinformace \u2013 rozum\u011bj pro bruselsk\u00fd re\u017eim nepohodln\u00e9, pravdiv\u00e9 informace!<\/p>\n<p><a href=\"https:\/\/aeronet.news\/tucker-carlson-ze-strechy-hotelu-four-seasons-v-moskve-oznamil-chystane-nataceni-rozhovoru-s-vladimirem-putinem-evropsti-politici-mu-za-to-jiz-pohrozili-zarazenim-na-sankcni-seznam\/\">-VK- \u0160\u00e9fredaktor AE News<\/a><\/p>\n<p>&nbsp;<\/p>\n<p><a href=\"https:\/\/stranapro.cz\/\"><img decoding=\"async\" loading=\"lazy\" class=\"wp-image-40286 aligncenter\" src=\"http:\/\/www.infokuryr.cz\/n\/wp-content\/uploads\/2023\/11\/12pro-300x87.png\" alt=\"\" width=\"921\" height=\"267\" srcset=\"https:\/\/www.infokuryr.cz\/n\/wp-content\/uploads\/2023\/11\/12pro-300x87.png 300w, https:\/\/www.infokuryr.cz\/n\/wp-content\/uploads\/2023\/11\/12pro.png 366w\" sizes=\"(max-width: 921px) 100vw, 921px\" \/><\/a><\/p>\n<p>&nbsp;<\/p>\n<p>&nbsp;<\/p>\n","protected":false},"excerpt":{"rendered":"<p>Tucker Carlson ze st\u0159echy hotelu Four Seasons v Moskv\u011b ozn\u00e1mil chystan\u00e9 nat\u00e1\u010den\u00ed rozhovoru s Vladimirem&#8230;<\/p>\n","protected":false},"author":2,"featured_media":46554,"comment_status":"closed","ping_status":"closed","sticky":false,"template":"","format":"standard","meta":[],"categories":[6],"tags":[246,5168,889,6764],"_links":{"self":[{"href":"https:\/\/www.infokuryr.cz\/n\/wp-json\/wp\/v2\/posts\/46553"}],"collection":[{"href":"https:\/\/www.infokuryr.cz\/n\/wp-json\/wp\/v2\/posts"}],"about":[{"href":"https:\/\/www.infokuryr.cz\/n\/wp-json\/wp\/v2\/types\/post"}],"author":[{"embeddable":true,"href":"https:\/\/www.infokuryr.cz\/n\/wp-json\/wp\/v2\/users\/2"}],"replies":[{"embeddable":true,"href":"https:\/\/www.infokuryr.cz\/n\/wp-json\/wp\/v2\/comments?post=46553"}],"version-history":[{"count":0,"href":"https:\/\/www.infokuryr.cz\/n\/wp-json\/wp\/v2\/posts\/46553\/revisions"}],"wp:featuredmedia":[{"embeddable":true,"href":"https:\/\/www.infokuryr.cz\/n\/wp-json\/wp\/v2\/media\/46554"}],"wp:attachment":[{"href":"https:\/\/www.infokuryr.cz\/n\/wp-json\/wp\/v2\/media?parent=46553"}],"wp:term":[{"taxonomy":"category","embeddable":true,"href":"https:\/\/www.infokuryr.cz\/n\/wp-json\/wp\/v2\/categories?post=46553"},{"taxonomy":"post_tag","embeddable":true,"href":"https:\/\/www.infokuryr.cz\/n\/wp-json\/wp\/v2\/tags?post=46553"}],"curies":[{"name":"wp","href":"https:\/\/api.w.org\/{rel}","templated":true}]}}