{"id":46548,"date":"2024-02-08T00:49:27","date_gmt":"2024-02-07T23:49:27","guid":{"rendered":"https:\/\/www.infokuryr.cz\/n\/?p=46548"},"modified":"2024-02-07T19:05:13","modified_gmt":"2024-02-07T18:05:13","slug":"centra-ceskych-mest-se-vyrazne-meni-s-prichodem-podivne-imigrantske-ekonomiky","status":"publish","type":"post","link":"https:\/\/www.infokuryr.cz\/n\/2024\/02\/08\/centra-ceskych-mest-se-vyrazne-meni-s-prichodem-podivne-imigrantske-ekonomiky\/","title":{"rendered":"Centra \u010desk\u00fdch m\u011bst se v\u00fdrazn\u011b m\u011bn\u00ed s p\u0159\u00edchodem podivn\u00e9 imigrantsk\u00e9 ekonomiky"},"content":{"rendered":"<div id=\"fb-root\"><\/div>\n<p>Zimn\u00ed dovolenou jsme str\u00e1vili ly\u017eov\u00e1n\u00edm na \u0160umav\u011b. Cestou tam jsme se zastavili na ob\u011bd v b\u00fdval\u00e9m kr\u00e1lovsk\u00e9m m\u011bst\u011b\u00a0<b>Strakonice. P\u0159i n\u00e1v\u0161t\u011bv\u011b n\u00e1s \u0161okoval velk\u00fd po\u010det podivn\u00fdch imigrantsk\u00fdch obchod\u016f na nejlep\u0161\u00edch m\u00edstech m\u011bsta (n\u00e1m\u011bst\u00ed). Muslimsk\u00e9 kebab\u00e1rny -hned 2 vedle sebe, vietnamsk\u00e9 ve\u010derky a obchody s levnou vete\u0161\u00ed<\/b>, nehtov\u00e1 studia.\u00a0<b>Tyto podivn\u00e9 podniky a jejich nemal\u00fd po\u010det v\u00fdrazn\u011b m\u011bn\u00ed centra m\u011bst po cel\u00fdch \u010cech\u00e1ch. Co je \u010desk\u00e9ho na Istanbul kebab na Horn\u00edm n\u00e1m\u011bst\u00ed ve Strakonic\u00edch? Jak zkr\u00e1\u0161luje centrum m\u011bsta vietnamsk\u00e1 hrab\u00e1rna tamt\u00e9\u017e? Jak se mohou v\u0161echny tyhle imigrantsk\u00e9 obchody a podniky u\u017eivit na nejlep\u0161\u00edch adres\u00e1ch ve m\u011bst\u011b? Z prodeje vietnamsk\u00fdch pantofl\u00ed za 40 K\u010d? To asi ne\u2026. z \u010deho tedy \u017eij\u00ed?<\/b><\/p>\n<p>\u017de to m\u00edstn\u00edm politik\u016fm a jejich papal\u00e1\u0161\u016fm v Praze nevad\u00ed?! Ono to nevad\u00ed ani m\u00edstn\u00edm? T\u011bch se ale nikdo na nic nept\u00e1.\u00a0<b>Naopak politici v Praze a celost\u00e1tn\u00ed media propaguj\u00ed multikulturalismus a masovou imigraci. \u017de dojde ke zm\u011bn\u011b tradi\u010dn\u00edho r\u00e1zu \u010desk\u00fdch m\u011bst, v\u010detn\u011b jejich \u00fapadku jim v\u016fbec nevad\u00ed. Mnoz\u00ed z nich z toho maj\u00ed naopak rados<\/b>t\u2026.<\/p>\n<p><strong>\u010ce\u0161i stoj\u00ed p\u0159ed volbou. Bud vym\u011bn\u00ed politick\u00e9 elity, nebo ty elity vym\u011bn\u00ed je<\/strong>\u2026 sta\u010d\u00ed se pod\u00edvat vedle do N\u011bmecka, kter\u00e9 u\u017e je tak \u010dern\u00e9, \u017ee nad\u011bje na z\u00e1chranu n\u011bmeck\u00e9ho n\u00e1roda za\u010d\u00edn\u00e1 rychle mizet. Chceme dopadnout stejn\u011b?!<\/p>\n<figure class=\"wp-block-image size-full\"><img decoding=\"async\" loading=\"lazy\" class=\"wp-image-16616 aligncenter\" src=\"https:\/\/ceskavec.com\/wp-content\/uploads\/2024\/01\/image-23.png\" sizes=\"(max-width: 552px) 100vw, 552px\" srcset=\"https:\/\/ceskavec.com\/wp-content\/uploads\/2024\/01\/image-23.png 552w, https:\/\/ceskavec.com\/wp-content\/uploads\/2024\/01\/image-23-259x300.png 259w\" alt=\"\" width=\"552\" height=\"640\" \/><\/figure>\n<figure class=\"wp-block-image size-full\"><img decoding=\"async\" loading=\"lazy\" class=\"wp-image-16617 aligncenter\" src=\"https:\/\/ceskavec.com\/wp-content\/uploads\/2024\/01\/image-24.png\" sizes=\"(max-width: 550px) 100vw, 550px\" srcset=\"https:\/\/ceskavec.com\/wp-content\/uploads\/2024\/01\/image-24.png 550w, https:\/\/ceskavec.com\/wp-content\/uploads\/2024\/01\/image-24-258x300.png 258w\" alt=\"\" width=\"550\" height=\"640\" \/><\/figure>\n<figure class=\"wp-block-image size-full\"><img decoding=\"async\" loading=\"lazy\" class=\"wp-image-16618 aligncenter\" src=\"https:\/\/ceskavec.com\/wp-content\/uploads\/2024\/01\/image-25.png\" sizes=\"(max-width: 640px) 100vw, 640px\" srcset=\"https:\/\/ceskavec.com\/wp-content\/uploads\/2024\/01\/image-25.png 640w, https:\/\/ceskavec.com\/wp-content\/uploads\/2024\/01\/image-25-300x286.png 300w\" alt=\"\" width=\"640\" height=\"611\" \/><\/figure>\n<figure class=\"wp-block-image size-full\"><img decoding=\"async\" loading=\"lazy\" class=\"wp-image-16619 aligncenter\" src=\"https:\/\/ceskavec.com\/wp-content\/uploads\/2024\/01\/image-26.png\" sizes=\"(max-width: 442px) 100vw, 442px\" srcset=\"https:\/\/ceskavec.com\/wp-content\/uploads\/2024\/01\/image-26.png 442w, https:\/\/ceskavec.com\/wp-content\/uploads\/2024\/01\/image-26-207x300.png 207w\" alt=\"\" width=\"442\" height=\"640\" \/><\/figure>\n<p><img decoding=\"async\" loading=\"lazy\" class=\"alignnone size-full wp-image-1185\" src=\"http:\/\/www.infokuryr.cz\/n\/wp-content\/uploads\/2021\/04\/kuryr-podpis.png\" alt=\"\" width=\"84\" height=\"24\" \/><\/p>\n<p><a href=\"https:\/\/stranapro.cz\/\"><img decoding=\"async\" loading=\"lazy\" class=\"wp-image-40286 aligncenter\" src=\"http:\/\/www.infokuryr.cz\/n\/wp-content\/uploads\/2023\/11\/12pro-300x87.png\" alt=\"\" width=\"1059\" height=\"307\" srcset=\"https:\/\/www.infokuryr.cz\/n\/wp-content\/uploads\/2023\/11\/12pro-300x87.png 300w, https:\/\/www.infokuryr.cz\/n\/wp-content\/uploads\/2023\/11\/12pro.png 366w\" sizes=\"(max-width: 1059px) 100vw, 1059px\" \/><\/a><\/p>\n<p>&nbsp;<\/p>\n<p>&nbsp;<\/p>\n","protected":false},"excerpt":{"rendered":"<p>Zimn\u00ed dovolenou jsme str\u00e1vili ly\u017eov\u00e1n\u00edm na \u0160umav\u011b. Cestou tam jsme se zastavili na ob\u011bd v&#8230;<\/p>\n","protected":false},"author":2,"featured_media":46549,"comment_status":"closed","ping_status":"closed","sticky":false,"template":"","format":"standard","meta":[],"categories":[6],"tags":[1297,119,29,3932,6763],"_links":{"self":[{"href":"https:\/\/www.infokuryr.cz\/n\/wp-json\/wp\/v2\/posts\/46548"}],"collection":[{"href":"https:\/\/www.infokuryr.cz\/n\/wp-json\/wp\/v2\/posts"}],"about":[{"href":"https:\/\/www.infokuryr.cz\/n\/wp-json\/wp\/v2\/types\/post"}],"author":[{"embeddable":true,"href":"https:\/\/www.infokuryr.cz\/n\/wp-json\/wp\/v2\/users\/2"}],"replies":[{"embeddable":true,"href":"https:\/\/www.infokuryr.cz\/n\/wp-json\/wp\/v2\/comments?post=46548"}],"version-history":[{"count":0,"href":"https:\/\/www.infokuryr.cz\/n\/wp-json\/wp\/v2\/posts\/46548\/revisions"}],"wp:featuredmedia":[{"embeddable":true,"href":"https:\/\/www.infokuryr.cz\/n\/wp-json\/wp\/v2\/media\/46549"}],"wp:attachment":[{"href":"https:\/\/www.infokuryr.cz\/n\/wp-json\/wp\/v2\/media?parent=46548"}],"wp:term":[{"taxonomy":"category","embeddable":true,"href":"https:\/\/www.infokuryr.cz\/n\/wp-json\/wp\/v2\/categories?post=46548"},{"taxonomy":"post_tag","embeddable":true,"href":"https:\/\/www.infokuryr.cz\/n\/wp-json\/wp\/v2\/tags?post=46548"}],"curies":[{"name":"wp","href":"https:\/\/api.w.org\/{rel}","templated":true}]}}