{"id":46547,"date":"2024-02-08T00:46:31","date_gmt":"2024-02-07T23:46:31","guid":{"rendered":"https:\/\/www.infokuryr.cz\/n\/?p=46547"},"modified":"2024-02-07T18:56:28","modified_gmt":"2024-02-07T17:56:28","slug":"eva-hrindova-americane-se-asi-zblaznili","status":"publish","type":"post","link":"https:\/\/www.infokuryr.cz\/n\/2024\/02\/08\/eva-hrindova-americane-se-asi-zblaznili\/","title":{"rendered":"Eva Hrindov\u00e1: Ameri\u010dan\u00e9 se asi zbl\u00e1znili&#8230;"},"content":{"rendered":"<div id=\"fb-root\"><\/div>\n<p><span style=\"font-size: 14pt;\"><strong>USA je velmoc, maj\u00ed jadern\u00e9 zbran\u011b, nerostn\u00e9 suroviny a bohatou pr\u016fmyslovou historii. Posledn\u00ed dobou ale ztr\u00e1cej\u00ed svou auru neporaziteln\u00fdch a jejich obraz mor\u00e1ln\u00ed autority je tak\u00e9 zakalen. Amerika pro m\u011b byla v\u017edy p\u0159edev\u0161\u00edm symbolem svobody, dnes je ale pro m\u011b sp\u00ed\u0161 symbolem jak\u00e9si zvr\u00e1cenosti a dekadence a \u00fapadku civilizace.<\/strong><\/span><\/p>\n<p>Nejv\u00edce je to vid\u011bt na jejich prezidentsk\u00fdch volb\u00e1ch. Kdy\u017e zv\u00edt\u011bzil Trump, bylo to neuv\u011b\u0159iteln\u00e9 p\u0159ekvapen\u00ed. \u010c\u00e1ste\u010dn\u011b Donald Trump naplnil o\u010dek\u00e1v\u00e1n\u00ed, kter\u00e9 do n\u011bho jeho voli\u010di a sv\u011bt rozumu vkl\u00e1dal. Tvrd\u011b h\u00e1jil americk\u00e9 z\u00e1jmy, ale nikoho neur\u00e1\u017eel, choval se jako tvrd\u00fd ale slu\u0161n\u00fd obchodn\u00edk. Nezah\u00e1jil \u017e\u00e1dnou v\u00e1lku. Nen\u00ed divu, \u017ee se jeho protivn\u00edci p\u0159ipravili a pro sv\u00e9ho slab\u00e9ho kandid\u00e1ta Bidena za\u0159\u00eddili t\u011bsn\u00e9 v\u00edt\u011bzstv\u00ed. Jen idiot si m\u016f\u017ee myslet, \u017ee v\u00edt\u011bzstv\u00ed Bidena bylo k\u0159i\u0161\u0165\u00e1lov\u011b \u010dist\u00e9. Pochybnosti okolo voleb byly opr\u00e1vn\u011bn\u00e9. Koresponden\u010dn\u00ed, a je\u0161t\u011b v\u00edce elektronick\u00e1 volba, vede jen k\u00a0pochybnostem a d\u011bl\u00e1 z\u00a0voleb fra\u0161ku. Jen tak na okraj &#8211; na\u0161e p\u011btikoalice je tak zoufal\u00e1, \u017ee toto ohro\u017een\u00ed pr\u00e1voplatnosti voleb je ochotn\u00e1 riskovat.<\/p>\n<p>Prezident Biden za cel\u00fd sv\u016fj mand\u00e1t dokazuje, \u017ee sta\u0159eck\u00e1 demence si nevyb\u00edr\u00e1 a nemine ani sv\u011btov\u00e9 vl\u00e1dce. V\u00a0p\u0159\u00edpad\u011b Bidena je ale na pov\u00e1\u017eenou, jestli ho je\u0161t\u011b v\u016fbec m\u016f\u017eeme naz\u00fdvat vl\u00e1dcem \u010dehokoliv, kdy\u017e ani neum\u00ed naj\u00edt \u0159e\u010dnick\u00fd pult\u00edk. Je pro m\u011b naprosto neuv\u011b\u0159iteln\u00e9, \u017ee tento zmaten\u00fd star\u00fd mu\u017e je dotla\u010den k\u00a0dal\u0161\u00ed kandidatu\u0159e. Proto\u017ee prozat\u00edm to vypad\u00e1, \u017ee demokrat\u00e9 nikoho jin\u00e9ho nemaj\u00ed.<\/p>\n<p><a href=\"https:\/\/stranapro.cz\/\"><img decoding=\"async\" loading=\"lazy\" class=\"alignnone wp-image-40285 aligncenter\" src=\"http:\/\/www.infokuryr.cz\/n\/wp-content\/uploads\/2023\/11\/11pro-300x79.png\" alt=\"\" width=\"589\" height=\"155\" srcset=\"https:\/\/www.infokuryr.cz\/n\/wp-content\/uploads\/2023\/11\/11pro-300x79.png 300w, https:\/\/www.infokuryr.cz\/n\/wp-content\/uploads\/2023\/11\/11pro.png 363w\" sizes=\"(max-width: 589px) 100vw, 589px\" \/><\/a><\/p>\n<p>Opravdu to n\u011bkter\u00fdm lidem p\u0159ijde norm\u00e1ln\u00ed, \u017ee na prezidenta USA hodl\u00e1 kandidovat sta\u0159eckou demenc\u00ed oslaben\u00fd \u010dlov\u011bk? V\u017edy\u0165 to ka\u017ed\u00e9mu mus\u00ed b\u00fdt jasn\u00e9, \u017ee je to jen ze z\u00e1kulis\u00ed \u0159\u00edzen\u00e1 loutka! Jeho loutkovodi\u010di u\u017e zcela ztratili soudnost a jejich pohrd\u00e1n\u00ed lidmi je nebety\u010dn\u00e9. Nenapl\u0148uje m\u011b to klidem, proto\u017ee pokud takto vl\u00e1dnouc\u00ed s\u00edly v\u00a0USA ztratily kontakt s\u00a0realitou, mohou ud\u011blat cokoliv. Ani na vte\u0159inu si nikdo nem\u016f\u017ee myslet, \u017ee prezident Biden m\u00e1 n\u011bjak\u00e9 slovo a o n\u011b\u010dem rozhoduje.<\/p>\n<p>Nem\u011blo by to ale \u010dlov\u011bka p\u0159ekvapovat. Nen\u00ed to jen specialita americk\u00fdch voleb. I u n\u00e1s m\u00e1me prezidenta, kter\u00fd je sice ve fyzick\u00e9 kondici, ale jeho st\u00e1tnick\u00e9 vlohy nejsou zrovna velk\u00e9. Jeho pr\u00e1ce ho nebav\u00ed a s\u00a0nechut\u00ed vykon\u00e1v\u00e1 to, co mu jin\u00ed vymysl\u00ed. Asi to tak lid\u00e9 cht\u011bj\u00ed \u2013 vol\u00ed si dvourozm\u011brn\u00e9 obr\u00e1zky s\u00a0vymy\u0161len\u00fdm p\u0159\u00edb\u011bhem. Kdy\u017e jim to dojde, v\u011bt\u0161inou je u\u017e pozd\u011b. Mocichtiv\u00ed a ziskuchtiv\u00ed dravci v\u00a0pozad\u00ed se jen tak lehko sv\u00e9ho vlivu a moci nevzdaj\u00ed \u2013 i za cenu volebn\u00edch a jin\u00fdch podvod\u016f.<\/p>\n<p>Amerika je po\u0159\u00e1d velmoc, ale jej\u00ed vliv a s\u00edla sl\u00e1bne. M\u00e1 v\u00edc p\u0159\u00e1tel ne\u017e nep\u0159\u00e1tel a jej\u00ed ekonomick\u00e1 s\u00edla upad\u00e1. M\u011bsta zaplaven\u00e1 migranty trp\u00ed kriminalitou a chudoba se \u0161\u00ed\u0159\u00ed jako mor. Ho\u0161i v\u00a0pozad\u00ed, kte\u0159\u00ed um\u00ed jen drancovat a rabovat lidi i zem\u011b, by si ale m\u011bli uv\u011bdomit jedno. Fanatismus a nen\u00e1vist, kterou tak r\u00e1di pro sv\u00e9 z\u00e1jmy \u017eiv\u00ed, se nakonec mohou obr\u00e1tit proti nim. U\u017e proti sob\u011b maj\u00ed p\u016fl sv\u011bta, za chvilku proti sob\u011b budou m\u00edt i sv\u00e9 vlastn\u00ed ob\u010dany.<\/p>\n<p>Vlastn\u011b jsem te\u010f napjat\u00e1 \u2013 projde jim to? Opravdu vyt\u00e1hnou do boje s\u00a0t\u00edm starcem? Fakt si mysl\u00ed, \u017ee jim to lidi se\u017eerou? Opravdu vy\u0159ad\u00ed ze hry Donalda Trumpa n\u011bjak\u00fdm administrativn\u00edm opat\u0159en\u00edm nebo vylhan\u00fdm soudem? Fakt jim nedoch\u00e1z\u00ed, co to m\u016f\u017ee vyvolat? Jestli to ud\u011blaj\u00ed a Ameri\u010dan\u00e9 se nevzbou\u0159\u00ed, jsme na hodn\u011b dlouho ztraceni, a to se fakt m\u016f\u017eeme t\u011b\u0161it na hodn\u011b \u0161patn\u00e9 \u010dasy. Pokud by za Putinem st\u00e1ly stejn\u011b zvr\u00e1cen\u00e9 s\u00edly a on s\u00e1m by byl slab\u00fdm v\u016fdcem, sv\u011btov\u00e1 v\u00e1lka by se nedala odvr\u00e1tit. Na\u0161t\u011bst\u00ed to tak zat\u00edm nen\u00ed\u2026<\/p>\n<p><a href=\"https:\/\/www.evahrindova.cz\/americane-se-asi-zblaznili\">Eva Hrindov\u00e1<\/a><\/p>\n<p>&nbsp;<\/p>\n<p>&nbsp;<\/p>\n","protected":false},"excerpt":{"rendered":"<p>USA je velmoc, maj\u00ed jadern\u00e9 zbran\u011b, nerostn\u00e9 suroviny a bohatou pr\u016fmyslovou historii. Posledn\u00ed dobou ale&#8230;<\/p>\n","protected":false},"author":2,"featured_media":2124,"comment_status":"closed","ping_status":"closed","sticky":false,"template":"","format":"standard","meta":[],"categories":[6],"tags":[898,72,29,452,37],"_links":{"self":[{"href":"https:\/\/www.infokuryr.cz\/n\/wp-json\/wp\/v2\/posts\/46547"}],"collection":[{"href":"https:\/\/www.infokuryr.cz\/n\/wp-json\/wp\/v2\/posts"}],"about":[{"href":"https:\/\/www.infokuryr.cz\/n\/wp-json\/wp\/v2\/types\/post"}],"author":[{"embeddable":true,"href":"https:\/\/www.infokuryr.cz\/n\/wp-json\/wp\/v2\/users\/2"}],"replies":[{"embeddable":true,"href":"https:\/\/www.infokuryr.cz\/n\/wp-json\/wp\/v2\/comments?post=46547"}],"version-history":[{"count":0,"href":"https:\/\/www.infokuryr.cz\/n\/wp-json\/wp\/v2\/posts\/46547\/revisions"}],"wp:featuredmedia":[{"embeddable":true,"href":"https:\/\/www.infokuryr.cz\/n\/wp-json\/wp\/v2\/media\/2124"}],"wp:attachment":[{"href":"https:\/\/www.infokuryr.cz\/n\/wp-json\/wp\/v2\/media?parent=46547"}],"wp:term":[{"taxonomy":"category","embeddable":true,"href":"https:\/\/www.infokuryr.cz\/n\/wp-json\/wp\/v2\/categories?post=46547"},{"taxonomy":"post_tag","embeddable":true,"href":"https:\/\/www.infokuryr.cz\/n\/wp-json\/wp\/v2\/tags?post=46547"}],"curies":[{"name":"wp","href":"https:\/\/api.w.org\/{rel}","templated":true}]}}