{"id":46545,"date":"2024-02-08T00:39:51","date_gmt":"2024-02-07T23:39:51","guid":{"rendered":"https:\/\/www.infokuryr.cz\/n\/?p=46545"},"modified":"2024-02-07T18:42:28","modified_gmt":"2024-02-07T17:42:28","slug":"jiri-vyvadil-uz-ted-to-je-nejvetsi-medialni-bomba-od-roku-2022","status":"publish","type":"post","link":"https:\/\/www.infokuryr.cz\/n\/2024\/02\/08\/jiri-vyvadil-uz-ted-to-je-nejvetsi-medialni-bomba-od-roku-2022\/","title":{"rendered":"Ji\u0159\u00ed Vyvadil: U\u017e te\u010f to je nejv\u011bt\u0161\u00ed medi\u00e1ln\u00ed bomba od roku 2022"},"content":{"rendered":"<div id=\"fb-root\"><\/div>\n<p><strong>Ozn\u00e1men\u00ed o rozhovoru s Putinem zaznamenalo na str\u00e1nce X Tuckera Carlsona u\u017e prv\u00fd den p\u0159es 57 mili\u00f3n\u016f zhl\u00e9dnut\u00ed Z\u00e1znam byl zve\u0159ejn\u011bn na Carlsonov\u011b str\u00e1nce na soci\u00e1ln\u00ed s\u00edti X.<\/strong><\/p>\n<p>A mimochodem, Carlson se pojistil l. Majitel port\u00e1lu Musk p\u0159isl\u00edbil, \u017ee v\u00a0\u017e\u00e1dn\u00e9m p\u0159\u00edpad\u011b tento rozhovor nebude cenzurovat. Ov\u0161em ve sv\u00e9m prohl\u00e1\u0161en\u00ed vcelku jasnoz\u0159iv\u011b p\u0159edv\u00edd\u00e1 , \u017ee \u00fa\u0159ady z\u00e1padn\u00edch zem\u00ed na jin\u00fdch platform\u00e1ch jeho materi\u00e1l s Putinem rozhodn\u011b cenzuruj\u00ed.<\/p>\n<p>V\u0161e, co o v\u00e1lce p\u00ed\u0161\u00ed z\u00e1padn\u00ed m\u00e9dia, nen\u00ed podle n\u011bj \u017eurnalistika, ale propaganda v t\u00e9 nejhnusn\u011bj\u0161\u00ed podob\u011b, vedouc\u00ed k eskalaci.<\/p>\n<p>Carlson se domn\u00edv\u00e1, \u017ee v\u00e1lka na Ukrajin\u011b ji\u017e zm\u011bnila sv\u011btov\u00fd \u0159\u00e1d, v\u010detn\u011b obchodn\u00edch a vojensk\u00fdch alianc\u00ed. P\u0159itom v mnoha zem\u00edch je to dob\u0159e srozumiteln\u00e9, ale ne na Z\u00e1pad\u011b, v anglicky mluv\u00edc\u00edch zem\u00edch, kde si lid\u00e9 jsou jisti, \u017ee se nic moc nezm\u011bnilo.<\/p>\n<p>Kritik liber\u00e1ln\u00edch elit i americk\u00fdch vojensk\u00fdch intervenc\u00ed, kter\u00fd o Joeu Bidenovi tvrd\u00ed, \u017ee je \u0161\u00edlen\u00fd, a obdivuje si ma\u010farsk\u00e9ho Viktora Orb\u00e1na a nato\u010dil s\u00a0n\u00edm mnoho rozhovor\u016f v\u00a0minulosti nyn\u00ed nejsp\u00ed\u0161 p\u0159ip\u00ed\u0161e dal\u0161\u00ed mimo\u0159\u00e1dn\u00fd z\u00e1\u0159ez, kter\u00fd vyvol\u00e1 rozruch.<\/p>\n<p>To, \u017ee s\u00a0tou p\u0159edpokl\u00e1danou kritikou z\u00e1padn\u00edch m\u00e9di\u00ed m\u00e1 jist\u011b pravdu nazna\u010duje redaktorka nejprogresivn\u011bj\u0161\u00edho port\u00e1lu Seznam zpr\u00e1vy, redaktorka Seznam Zpr\u00e1v Tereza Povoln\u00e1 \u010dten\u00e1\u0159\u016fm se pono\u0159ila k\u00a0obl\u00edben\u00e9mu vym\u00fdv\u00e1n\u00ed mozk\u016f tlila: \u201eNa seznamu lid\u00ed bez sebemen\u0161\u00edch mor\u00e1ln\u00edch z\u00e1sad, kte\u0159\u00ed se rozhodli po p\u0159edlo\u0148sk\u00e9m 24.\u00a0\u00fanoru vyjet do Ruska \u201ajen tak z\u00a0rozmaru\u2018, se nov\u011b vyj\u00edm\u00e1 dal\u0161\u00ed jm\u00e9no. Americk\u00fd televizn\u00ed moder\u00e1tor Tucker Carlson.\u201c N\u00e1sleduje koment\u00e1\u0159, \u017ee desper\u00e1t p\u0159iznal barvu a dorazil do Moskvy, a na z\u00e1v\u011br mu redaktorka \u2013 studentka \u017eurnalistiky vymyslela p\u0159ezd\u00edvku \u201eDmitrij Peskov pro zbytek sv\u011bta\u201c.<\/p>\n<p>No nezatleskejte tomu. Pavel, Fiala, Lipavsk\u00fd jist\u011b zatlesk\u00e1.<\/p>\n<p>Carlson prozradil, \u017ee rozhovor s Vladimirem Putinem se p\u0159ipravoval n\u011bkolik m\u011bs\u00edc\u016f.<\/p>\n<p>\u201eJe to na\u0161e pr\u00e1ce. Pracujeme v novina\u0159in\u011b, je na\u0161\u00ed povinnost\u00ed lidi informovat,\u201c vysv\u011btlil. Dva roky ukrajinsk\u00e9 v\u00e1lky podle n\u011bj p\u0159ekreslily dosavadn\u00ed sv\u011bt, ale ameri\u010dt\u00ed ob\u010dan\u00e9 se o tom je\u0161t\u011b nedozv\u011bd\u011bli.<\/p>\n<p>\u201eOpravdu nemaj\u00ed tu\u0161en\u00ed, co se v tomto regionu odehr\u00e1v\u00e1. Te\u010f jsme v Moskv\u011b, \u0161est set mil od Ukrajiny. Ale m\u011bli by v\u011bd\u011bt, \u017ee v\u00e1lka na Ukrajin\u011b je lidsk\u00e9 ne\u0161t\u011bst\u00ed. Jsou tu u\u017e stovky tis\u00edc mrtv\u00fdch, budouc\u00ed generace Ukrajiny je decimov\u00e1na,\u201c popisoval s pozad\u00edm no\u010dn\u00ed Moskvy.<\/p>\n<p>V\u00e1lka ale podle n\u011bj m\u00e1 i dlouhodob\u00e9 dopady, zcela p\u0159ekreslila sv\u011btov\u00e9 spojeneck\u00e9 svazky a p\u0159evr\u00e1tila na hlavu celou sv\u011btovou ekonomiku. \u201ePov\u00e1le\u010dn\u00fd syst\u00e9m, kter\u00fd osmdes\u00e1t let garantoval prosperitu Z\u00e1padu, u\u017e skon\u010dil,\u201c vysv\u011btlil div\u00e1k\u016fm.<\/p>\n<p>Zm\u011bny, kter\u00e9 se dnes d\u011bj\u00ed, budou ur\u010dovat \u017eivoty na\u0161ich vnou\u010dat. \u201eLid\u00e9 v anglosask\u00e9m sv\u011bt\u011b to ale netu\u0161\u00ed, proto\u017ee jim je\u0161t\u011b nikdo ne\u0159ekl pravdu,\u201c vysv\u011btluje. Od za\u010d\u00e1tku v\u00e1lky sledovali n\u011bkolik rozhovor\u016f s Volodymyrem Zelensk\u00fdm, kter\u00e9 ale nebyly rozhovory, pokou\u0161ej\u00edc\u00ed se n\u011bco zji\u0161\u0165ovat.<\/p>\n<p>\u201eTo nen\u00ed \u017eurnalistika, ale propaganda. Ta nejo\u0161kliv\u011bj\u0161\u00ed propaganda, proto\u017ee zab\u00edj\u00ed lidi,\u201c dodal.<\/p>\n<p>A zat\u00edmco z\u00e1padn\u00ed m\u00e9dia tu prod\u00e1vaj\u00ed tohoto l\u00eddra jako nov\u00fd zna\u010dkov\u00fd v\u00fdrobek, nikdo podle n\u011bj nem\u00e1 z\u00e1jem o n\u00e1zory druh\u00e9 strany, prezidenta Putina. A proto\u017ee pr\u00e1vo na svobodu slova bylo s Ameri\u010dany od po\u010d\u00e1tku jejich st\u00e1tu, maj\u00ed nyn\u00ed pr\u00e1vo se sezn\u00e1mit i s jeho pohledem.<\/p>\n<p>\u201eNejsme tady, proto\u017ee milujeme Putina. Jsme tady, proto\u017ee milujeme Spojen\u00e9 st\u00e1ty a chceme jim vr\u00e1tit jejich prosperitu a svobodu,\u201c ujistil. A j\u00e1 bych \u0159ekl, \u017ee to z\u010d\u00e1sti, ale jen z\u010d\u00e1sti je jakousi Carlsonovou \u00falitbou \u00fatok\u016fm z\u00a0Bidenovsk\u00fdch kruh\u016f.<\/p>\n<p>Pak p\u0159ipomn\u011bl, \u017ee v minulosti se jeho interview s rusk\u00fdm prezidentem sna\u017eila americk\u00e1 administrativa zma\u0159it. Ale vytrval. Zd\u016fraznil, \u017ee od rusk\u00e9 vl\u00e1dy nedostal \u017e\u00e1dn\u00e9 pen\u00edze a \u017ee ani vte\u0159ina jeho rozhovoru nebude v placen\u00e9 sekci.<\/p>\n<p>\u201ePod\u00edvejte se na to a ud\u011blejte si n\u00e1zor sami,\u201c po\u017e\u00e1dal \u201edesper\u00e1t\u201c.<\/p>\n<p>Co z\u00e1v\u011brem : Dne\u0161n\u00ed Z\u00e1pad se odd\u011blil od zb\u00fdvaj\u00edc\u00edho sv\u011bta novou \u017eeleznou oponou, \u017eeleznou oponou l\u017ei, potla\u010dov\u00e1n\u00ed rozd\u00edln\u00fdch n\u00e1zor\u016f a opu\u0161t\u011bn\u00ed racion\u00e1ln\u00edho uva\u017eov\u00e1n\u00ed, kter\u00fdm se odli\u0161oval od zb\u00fdvaj\u00edc\u00edho sv\u011bta. Nelze o ni\u010dem diskutovat. Ani o tom, \u017ee sou\u010dasn\u00fd v\u00fdvoj je potla\u010den\u00edm svobody a demokracie, o kter\u00fdch Biden i jeho stoupenci v\u00a0zahrani\u010d\u00ed i u n\u00e1s hovo\u0159\u00ed od r\u00e1na do ve\u010dera, \u017ee dokud USA neukon\u010d\u00ed v\u00e1lku proti Rusku, bezv\u00fdhradnou podporu Izraeli, kter\u00e1 dnes u\u017e nov\u011b p\u0159e\u0161la ve v\u00e1lku USA na Bl\u00edzk\u00e9m v\u00fdchod\u011b nebude na sv\u011bt\u011b klid.<\/p>\n<p>Jeden rozhovor s\u00e1m o sob\u011b v\u0161e nezm\u011bn\u00ed.<\/p>\n<p>Ale v\u00a0sou\u010dasn\u00e9 dob\u011b, kdy Z\u00e1pad demokraticky zak\u00e1zal vys\u00edl\u00e1n\u00ed standartn\u00edch rusk\u00fdch medi\u00e1ln\u00edch zpravodajstv\u00ed a kdy slav\u00ed a je\u0161t\u011b chv\u00edli nebude mo\u017en\u00e9 jakkoliv v\u00e9st svobodnou diskuzi, proto\u017ee na rozd\u00edl od Ma\u010farska \u010di Slovenska jsou na\u0161i politici, v\u00fdvoj ke svobod\u011b, jakkoliv je siln\u011b potla\u010dov\u00e1n, nelze trvale zadr\u017eet.<\/p>\n<p>Bouchne to.<\/p>\n<p>A m\u016f\u017ee to trochu za\u010d\u00edt ji\u017e nyn\u00ed, potom by Evropou trochu mohly zato\u010dit evropsk\u00e9 volby a bude pokra\u010dovat prezidentsk\u00e1 kampa\u0148 v\u00a0Americe.<\/p>\n<p>A pokud by ji bidenov\u0161t\u00ed soudci cht\u011bli uzav\u0159\u00edt, \u017ee zav\u0159ou i Trumpa, co\u017e nelze vylou\u010dit, m\u016f\u017ee zde vypuknout n\u011bco na zp\u016fsob americk\u00e9 ob\u010dansk\u00e9 v\u00e1lky.<\/p>\n<p>Mo\u017en\u00e1 by to bylo u\u017eite\u010dn\u00e9, jako obr\u00e1zek americk\u00e9 demokracie v\u00a0realit\u011b.<\/p>\n<p>Bu\u010fme optimisti\u010dt\u00ed.<\/p>\n<p><a href=\"https:\/\/vasevec.info\/komentare\/uz-ted-je-nejvetsi-medialni-bomba-od-roku-2022\">Ji\u0159\u00ed Vyvadil<\/a><\/p>\n<p><img decoding=\"async\" loading=\"lazy\" class=\"alignnone size-medium wp-image-16474\" src=\"http:\/\/www.infokuryr.cz\/n\/wp-content\/uploads\/2022\/10\/jiri-vyvadil-300x200.jpg\" alt=\"\" width=\"300\" height=\"200\" srcset=\"https:\/\/www.infokuryr.cz\/n\/wp-content\/uploads\/2022\/10\/jiri-vyvadil-300x200.jpg 300w, https:\/\/www.infokuryr.cz\/n\/wp-content\/uploads\/2022\/10\/jiri-vyvadil-768x512.jpg 768w, https:\/\/www.infokuryr.cz\/n\/wp-content\/uploads\/2022\/10\/jiri-vyvadil.jpg 800w\" sizes=\"(max-width: 300px) 100vw, 300px\" \/><\/p>\n<p>&nbsp;<\/p>\n","protected":false},"excerpt":{"rendered":"<p>Ozn\u00e1men\u00ed o rozhovoru s Putinem zaznamenalo na str\u00e1nce X Tuckera Carlsona u\u017e prv\u00fd den p\u0159es&#8230;<\/p>\n","protected":false},"author":2,"featured_media":35160,"comment_status":"closed","ping_status":"closed","sticky":false,"template":"","format":"standard","meta":[],"categories":[6],"tags":[29,122,102,1052,6761],"_links":{"self":[{"href":"https:\/\/www.infokuryr.cz\/n\/wp-json\/wp\/v2\/posts\/46545"}],"collection":[{"href":"https:\/\/www.infokuryr.cz\/n\/wp-json\/wp\/v2\/posts"}],"about":[{"href":"https:\/\/www.infokuryr.cz\/n\/wp-json\/wp\/v2\/types\/post"}],"author":[{"embeddable":true,"href":"https:\/\/www.infokuryr.cz\/n\/wp-json\/wp\/v2\/users\/2"}],"replies":[{"embeddable":true,"href":"https:\/\/www.infokuryr.cz\/n\/wp-json\/wp\/v2\/comments?post=46545"}],"version-history":[{"count":0,"href":"https:\/\/www.infokuryr.cz\/n\/wp-json\/wp\/v2\/posts\/46545\/revisions"}],"wp:featuredmedia":[{"embeddable":true,"href":"https:\/\/www.infokuryr.cz\/n\/wp-json\/wp\/v2\/media\/35160"}],"wp:attachment":[{"href":"https:\/\/www.infokuryr.cz\/n\/wp-json\/wp\/v2\/media?parent=46545"}],"wp:term":[{"taxonomy":"category","embeddable":true,"href":"https:\/\/www.infokuryr.cz\/n\/wp-json\/wp\/v2\/categories?post=46545"},{"taxonomy":"post_tag","embeddable":true,"href":"https:\/\/www.infokuryr.cz\/n\/wp-json\/wp\/v2\/tags?post=46545"}],"curies":[{"name":"wp","href":"https:\/\/api.w.org\/{rel}","templated":true}]}}