{"id":46542,"date":"2024-02-08T00:52:22","date_gmt":"2024-02-07T23:52:22","guid":{"rendered":"https:\/\/www.infokuryr.cz\/n\/?p=46542"},"modified":"2024-02-08T05:46:11","modified_gmt":"2024-02-08T04:46:11","slug":"exkluzivni-rozhovor-tuckera-carlsona-s-vladimirem-putinem-v-moskve","status":"publish","type":"post","link":"https:\/\/www.infokuryr.cz\/n\/2024\/02\/08\/exkluzivni-rozhovor-tuckera-carlsona-s-vladimirem-putinem-v-moskve\/","title":{"rendered":"Exkluzivn\u00ed rozhovor Tuckera Carlsona s Vladimirem Putinem v Moskv\u011b"},"content":{"rendered":"<div id=\"fb-root\"><\/div>\n<h2>Tucker Carlson v Moskv\u011b: vzkaz Ameri\u010dan\u016fm do USA a Kanady p\u0159ed rozhovorem s Putinem skv\u011ble otitulkovan\u00fd<\/h2>\n<p>Mo\u017en\u00e1 si mnoz\u00ed poslechnou r\u00e1di, jak\u00fd vzkaz poslal milion\u016fm neinformovan\u00fdch Ameri\u010dan\u016f a Kana\u010fan\u016f\u00a0<span class=\"x193iq5w xeuugli x13faqbe x1vvkbs x1xmvt09 x1lliihq x1s928wv xhkezso x1gmr53x x1cpjm7i x1fgarty x1943h6x xudqn12 x3x7a5m x6prxxf xvq8zen xo1l8bm xzsf02u\" dir=\"auto\">Tucker Carlson<\/span> do USA, ne\u017e ud\u011blal rozhovor s Putinem. Jeho projev je jedine\u010dn\u00fd.<\/p>\n<div class=\"introtext\">\n<p>&nbsp;<\/p>\n<\/div>\n<div class=\"itemRelMedia col-sm-12\">\n<div class=\"avPlayerWrapper avVideo\">\n<div class=\"avPlayerContainer\">\n<div id=\"AVPlayerID_0_56abcf9bf9f304833f734e32e4ec50d3\" class=\"avPlayerBlock\"><iframe loading=\"lazy\" title=\"JoomlaWorks AllVideos Player\" src=\"https:\/\/www.facebook.com\/plugins\/video.php?href=https%3A%2F%2Fwww.facebook.com%2FBezPressuNews%2Fvideos%2F7039216056168184&amp;show_text=0&amp;width=400\" width=\"400\" height=\"300\" frameborder=\"0\" scrolling=\"no\" allowfullscreen=\"allowfullscreen\" data-mce-fragment=\"1\"><\/iframe><\/div>\n<\/div>\n<\/div>\n<\/div>\n<div class=\"itemRelMedia col-sm-12\">\n<div class=\"avPlayerWrapper avVideo\">\n<div class=\"avPlayerContainer\">\n<div class=\"post-content cf entry-content content-spacious\">\n<hr \/>\n<\/div>\n<\/div>\n<h1 class=\"article__heading\">Tucker Carlson prozradil, kdy bude Putin\u016fv rozhovor vys\u00edl\u00e1n<\/h1>\n<p><span style=\"font-size: 18pt; color: #ff0000;\"><strong>Rozhovor s rusk\u00fdm prezidentem bude uveden ve \u010dtvrtek v 18:00 EST<\/strong><\/span><\/p>\n<p><span>Americk\u00fd konzervativn\u00ed novin\u00e1\u0159 a politick\u00fd koment\u00e1tor Tucker Carlson uvedl, \u017ee jeho rozhovor s rusk\u00fdm prezidentem Vladimirem Putinem bude vys\u00edl\u00e1n ve \u010dtvrtek v 18:00 EST.\u00a0Ozn\u00e1men\u00ed o vys\u00edl\u00e1n\u00ed se objevilo na Carlsonov\u011b instagramov\u00e9m \u00fa\u010dtu.<\/span><strong><br \/>\n<\/strong><\/p>\n<p><span>Carlson, kter\u00fd v \u010dervnu 2023 spustil vlastn\u00ed s\u00ed\u0165 na X (d\u0159\u00edve Twitter), odcestoval do Moskvy na posezen\u00ed s Putinem.\u00a0Sch\u016fzku v \u00fater\u00fd potvrdil Kreml.\u00a0<\/span><strong><br \/>\n<\/strong><\/p>\n<p><span>Rusk\u00fd prezident jen z\u0159\u00eddka poskytuje zahrani\u010dn\u00edmu tisku individu\u00e1ln\u00ed rozhovory.\u00a0Putin\u016fv mluv\u010d\u00ed Dmitrij Peskov \u0159ekl, \u017ee\u00a0<\/span><em><span>\u201enem\u00e1 chu\u0165\u201c<\/span><\/em><span>\u00a0mluvit se z\u00e1padn\u00edmi m\u00e9dii, kter\u00e1 maj\u00ed\u00a0<\/span><em><span>\u201ezcela jednostrann\u00e9\u201c<\/span><\/em><span>\u00a0n\u00e1zory a\u00a0<\/span><em><span>\u201eani se nesna\u017e\u00ed b\u00fdt nestrann\u00ed\u201c.<\/span><\/em><\/p>\n<p><span>Carlson \u0159ekl, \u017ee chce s rusk\u00fdm v\u016fdcem mluvit, proto\u017ee mnoho z\u00e1padn\u00edch zpravodajsk\u00fdch kan\u00e1l\u016f\u00a0<\/span><em><span>\u201el\u017ee sv\u00fdm \u010dten\u00e1\u0159\u016fm a div\u00e1k\u016fm\u201c<\/span><\/em><span>\u00a0a jsou zaujat\u00e9 ve sv\u00e9m zpravodajstv\u00ed o rusko-ukrajinsk\u00e9m konfliktu.\u00a0<\/span><em><span>&#8222;To je \u0161patn\u011b.\u00a0Ameri\u010dan\u00e9 maj\u00ed pr\u00e1vo v\u011bd\u011bt v\u0161e, co mohou o v\u00e1lce, do kter\u00e9 jsou zapleteni,\u201c<\/span><\/em><span>\u00a0\u0159ekl v \u00fater\u00fd ve videu na X.<\/span><\/p>\n<p><span>Carlson byl kritizov\u00e1n n\u011bkter\u00fdmi politiky a medi\u00e1ln\u00edmi osobnostmi doma i v zahrani\u010d\u00ed, kte\u0159\u00ed tvrdili, \u017ee jeho rozhodnut\u00ed mluvit s Putinem by zes\u00edlilo ruskou\u00a0<\/span><em><span>\u201epropagandu\u201c.<\/span><\/em><\/p>\n<p><em><span>&#8222;Papou\u0161kuje sme\u010dku l\u017e\u00ed Vladimira Putina o Ukrajin\u011b,&#8220;<\/span><\/em><span>\u00a0\u0159ekla b\u00fdval\u00e1 ministryn\u011b zahrani\u010d\u00ed USA Hillary Clintonov\u00e1 MSNBC.<\/span><\/p>\n<p><span>Newsweek citoval jednoho b\u00fdval\u00e9ho a dvou sou\u010dasn\u00fdch poslanc\u016f Evropsk\u00e9ho parlamentu, kte\u0159\u00ed \u0159ekli, \u017ee Carlsonovi by mohla b\u00fdt zak\u00e1z\u00e1na n\u00e1v\u0161t\u011bva EU za to, \u017ee poskytoval\u00a0<\/span><em><span>\u201eplatformu\u201c<\/span><\/em><span>\u00a0pro Putina.<\/span><\/p>\n<p><img decoding=\"async\" loading=\"lazy\" class=\"alignnone size-full wp-image-1185\" src=\"http:\/\/www.infokuryr.cz\/n\/wp-content\/uploads\/2021\/04\/kuryr-podpis.png\" alt=\"\" width=\"84\" height=\"24\" \/><\/p>\n<\/div>\n<p>&nbsp;<\/p>\n<\/div>\n","protected":false},"excerpt":{"rendered":"<p>Tucker Carlson v Moskv\u011b: vzkaz Ameri\u010dan\u016fm do USA a Kanady p\u0159ed rozhovorem s Putinem skv\u011ble&#8230;<\/p>\n","protected":false},"author":2,"featured_media":46543,"comment_status":"closed","ping_status":"closed","sticky":false,"template":"","format":"standard","meta":[],"categories":[7],"tags":[1304,102,1052,6761],"_links":{"self":[{"href":"https:\/\/www.infokuryr.cz\/n\/wp-json\/wp\/v2\/posts\/46542"}],"collection":[{"href":"https:\/\/www.infokuryr.cz\/n\/wp-json\/wp\/v2\/posts"}],"about":[{"href":"https:\/\/www.infokuryr.cz\/n\/wp-json\/wp\/v2\/types\/post"}],"author":[{"embeddable":true,"href":"https:\/\/www.infokuryr.cz\/n\/wp-json\/wp\/v2\/users\/2"}],"replies":[{"embeddable":true,"href":"https:\/\/www.infokuryr.cz\/n\/wp-json\/wp\/v2\/comments?post=46542"}],"version-history":[{"count":1,"href":"https:\/\/www.infokuryr.cz\/n\/wp-json\/wp\/v2\/posts\/46542\/revisions"}],"predecessor-version":[{"id":46544,"href":"https:\/\/www.infokuryr.cz\/n\/wp-json\/wp\/v2\/posts\/46542\/revisions\/46544"}],"wp:featuredmedia":[{"embeddable":true,"href":"https:\/\/www.infokuryr.cz\/n\/wp-json\/wp\/v2\/media\/46543"}],"wp:attachment":[{"href":"https:\/\/www.infokuryr.cz\/n\/wp-json\/wp\/v2\/media?parent=46542"}],"wp:term":[{"taxonomy":"category","embeddable":true,"href":"https:\/\/www.infokuryr.cz\/n\/wp-json\/wp\/v2\/categories?post=46542"},{"taxonomy":"post_tag","embeddable":true,"href":"https:\/\/www.infokuryr.cz\/n\/wp-json\/wp\/v2\/tags?post=46542"}],"curies":[{"name":"wp","href":"https:\/\/api.w.org\/{rel}","templated":true}]}}