{"id":4654,"date":"2021-09-10T10:48:39","date_gmt":"2021-09-10T08:48:39","guid":{"rendered":"http:\/\/www.infokuryr.cz\/n\/?p=4654"},"modified":"2021-09-10T10:48:39","modified_gmt":"2021-09-10T08:48:39","slug":"total-control-sefka-verejneho-zdravotnictvi-statu-novy-jizni-wales-v-australii-prohlasila-ze-lide-jsou-sledovani-a-dohledavani-v-ramci-noveho-svetoveho-radu","status":"publish","type":"post","link":"https:\/\/www.infokuryr.cz\/n\/2021\/09\/10\/total-control-sefka-verejneho-zdravotnictvi-statu-novy-jizni-wales-v-australii-prohlasila-ze-lide-jsou-sledovani-a-dohledavani-v-ramci-noveho-svetoveho-radu\/","title":{"rendered":"Total Control: \u0160\u00e9fka ve\u0159ejn\u00e9ho zdravotnictv\u00ed st\u00e1tu Nov\u00fd Ji\u017en\u00ed Wales v Austr\u00e1lii prohl\u00e1sila, \u017ee lid\u00e9 jsou sledov\u00e1ni a dohled\u00e1v\u00e1ni v r\u00e1mci Nov\u00e9ho sv\u011btov\u00e9ho \u0159\u00e1du!"},"content":{"rendered":"<div id=\"fb-root\"><\/div>\n<h4>Total Control: \u0160\u00e9fka ve\u0159ejn\u00e9ho zdravotnictv\u00ed st\u00e1tu Nov\u00fd Ji\u017en\u00ed Wales v Austr\u00e1lii prohl\u00e1sila, \u017ee lid\u00e9 jsou sledov\u00e1ni a dohled\u00e1v\u00e1ni v r\u00e1mci Nov\u00e9ho sv\u011btov\u00e9ho \u0159\u00e1du! Premi\u00e9rka st\u00e1tu vystoupila hned vedle n\u00ed a prohl\u00e1sila, \u017ee v\u0161ichni obyvatel\u00e9 st\u00e1tu budou u\u017e napo\u0159\u00e1d v lockdownu, pokud se nenao\u010dkuj\u00ed! Byli jste varov\u00e1ni, zazn\u011bla od n\u00ed hroziv\u00e1 v\u00fdhr\u016f\u017eka k ob\u010dan\u016fm! Austr\u00e1lie z\u0159\u00eddila koncentra\u010dn\u00ed t\u00e1bory, ve kter\u00fdch policie \u0161acuje dokonce i n\u00e1kupn\u00ed ta\u0161ky don\u00e1\u0161kov\u00fdch slu\u017eeb a konfiskuje pivo a alkohol! Austr\u00e1lie se st\u00e1v\u00e1 nejv\u011bt\u0161\u00edm koncentra\u010dn\u00edm t\u00e1borem na sv\u011bt\u011b!<\/h4>\n<p>V\u010dera ve st\u0159edu 8. z\u00e1\u0159\u00ed za\u010dalo nakladatelstv\u00ed ABB Knihy distribuovat moji v po\u0159ad\u00ed ji\u017e 4. knihu s n\u00e1zvem\u00a0<em>Total Control: Velk\u00fd Reset Globalismu<\/em>. V knize\u00a0<strong>[<a href=\"https:\/\/href.li\/?http:\/\/knihyabb.cz\/domu\/3905-predobjednavka-nove-knihy-pana-vk-total-control-velky-reset-globalismu-vychazi-v-srpnu.html\" target=\"_blank\" rel=\"nofollow noopener\">1<\/a>]<\/strong>\u00a0je shrnuto kompendium p\u016fvodu Velk\u00e9ho Resetu a poselstv\u00ed, kter\u00e9 snad a douf\u00e1m pochop\u00ed konceptu\u00e1ln\u011b v\u011bdom\u00ed \u010dten\u00e1\u0159i a uv\u011bdom\u00ed si, \u017ee prostor a \u010das ve kter\u00e9m \u017eijeme, se posunuje do sv\u011bta, ve kter\u00e9m \u017eiv\u00ed budou z\u00e1vid\u011bt mrtv\u00fdm. Ji\u017e p\u0159ed lety a v m\u00e9 prvn\u00ed knize Human Ex Machina jsem nast\u00ednil velmi lehce obrazy bl\u00edzk\u00e9 budoucnosti, ale pouze tak, aby lidem z\u016fstala nad\u011bje.<\/p>\n<p>Ka\u017edou iteraci je mo\u017en\u00e9 zm\u011bnit a ka\u017ed\u00e9 jej\u00ed pro\u017eit\u00ed je jin\u00e9, a\u0165 byste se pokou\u0161eli pomoc\u00ed Stargate vracet v \u010dase po\u0159\u00e1d a po\u0159\u00e1d dokola. Konceptu\u00e1ln\u00ed obraz sv\u011bta u\u017e zn\u00e1te. Je to projekt Sv\u011btov\u00fdch sionist\u016f a jejich hlavn\u00edm n\u00e1strojem uchopen\u00ed Nov\u00e9ho sv\u011btov\u00e9ho \u0159\u00e1du je globalismus. Nezam\u011b\u0148ujte pros\u00edm globalismus za globalizaci, to je n\u011bco diametr\u00e1ln\u011b odli\u0161n\u00e9ho.<\/p>\n<figure id=\"attachment_48293\" class=\"wp-caption aligncenter\" style=\"width: 320px;\"><a href=\"https:\/\/aeronet.cz\/news\/wp-content\/uploads\/TotalControlBook.jpg\"><img decoding=\"async\" loading=\"lazy\" class=\"wp-image-48293 \" src=\"https:\/\/aeronet.cz\/news\/wp-content\/uploads\/TotalControlBook.jpg\" sizes=\"(max-width: 700px) 100vw, 700px\" srcset=\"https:\/\/aeronet.cz\/news\/wp-content\/uploads\/TotalControlBook.jpg 700w, https:\/\/aeronet.cz\/news\/wp-content\/uploads\/TotalControlBook-210x300.jpg 210w, https:\/\/aeronet.cz\/news\/wp-content\/uploads\/TotalControlBook-249x357.jpg 249w, https:\/\/aeronet.cz\/news\/wp-content\/uploads\/TotalControlBook-337x483.jpg 337w\" alt=\"\" width=\"320\" height=\"458\" \/><\/a><figcaption class=\"wp-caption-text\">Ob\u00e1lka knihy Total Control<\/figcaption><\/figure>\n<p>Globalizace ozna\u010duje celosv\u011btov\u00fd trh, kter\u00fd stoj\u00ed na 4 element\u00e1rn\u00edch pil\u00ed\u0159\u00edch. Stoj\u00ed na voln\u00e9m pohybu osob, zbo\u017e\u00ed, slu\u017eeb a hlavn\u011b\u2026 hlavn\u011b kapit\u00e1lu.\u00a0<strong>Naproti tomu globalismus je\u00a0<em>ismus<\/em>, tedy politick\u00fd syst\u00e9m sv\u011btov\u00e9 glob\u00e1ln\u00ed vl\u00e1dy, kter\u00e1 je dr\u017eena v ruk\u00e1ch nik\u00fdm nevolen\u00fdch sionistick\u00fdch elit.<\/strong>\u00a0Ani jeden mocn\u00fd, kter\u00fd na t\u00e9to planet\u011b disponuje moc\u00ed, nen\u00ed g\u00f3j. \u0160\u00e9fov\u00e9 bank, farmaceutick\u00fdch firem, glob\u00e1ln\u00edch firem, Big Tech internetov\u00fdch gigant\u016f, majitel\u00e9 tisku, televiz\u00ed a velk\u00fdch r\u00e1di\u00ed. Majitel\u00e9 velk\u00fdch tov\u00e1rn\u00edch kolos\u016f, ale i v\u0161echny soudy, a samoz\u0159ejm\u011b v\u0161echny vl\u00e1dy a politick\u00e9 strany v parlamentech.\u00a0<strong>Ka\u017ed\u00e1 strana tvrd\u00ed, \u017ee je jin\u00e1. Kdy\u017e ale dojde na hlasov\u00e1n\u00ed o Izraeli, najednou v\u0161echny ty strany hlasuj\u00ed stejn\u011b a vy je ani nepozn\u00e1v\u00e1te.\u00a0<em>No future<\/em>!<\/strong><\/p>\n<h6><span style=\"font-size: 14pt;\">Probuzen\u00ed z rol\u00ed otrok\u016f nenab\u00edz\u00ed rozh\u0159e\u0161en\u00ed ani \u00fat\u011bchu, jenom tvrd\u00fd st\u0159et s realitou<\/span><\/h6>\n<p>Ch\u00e1p\u00e1n\u00ed konceptu\u00e1ln\u00edho lo\u017eiska na\u0161\u00ed existence lze p\u0159irovnat k dobrovoln\u00e9 a pl\u00e1novan\u00e9 otrav\u011b, proto\u017ee nic jin\u00e9ho ne\u017e obraz otrok\u016f o sob\u011b nenajdete. M\u016f\u017eete sp\u00edlat osudu, proz\u0159etelnosti, ale je v\u00e1m to k ni\u010demu, proto\u017ee kdo se jako otrok narod\u00ed, je vychov\u00e1v\u00e1n k otroctv\u00ed, \u017eije jako otrok, mysl\u00ed jako otrok, pracuje jako otrok a um\u00edr\u00e1 jako otrok.\u00a0<strong>Probuzen\u00ed z otroctv\u00ed m\u016f\u017ee prob\u011bhnout jen ve chv\u00edli, kdy na z\u00e1klad\u011b informac\u00ed a konceptu\u00e1ln\u00edch souvislost\u00ed najednou pochop\u00edte, v \u010dem jste dosud \u017eili.<\/strong>\u00a0A kdy\u017e si to uv\u011bdom\u00edte, za\u010dnete m\u00edt snahu probouzet okolo sebe i dal\u0161\u00ed lidi. Probl\u00e9m je v tom, \u017ee cht\u00edt se probudit mus\u00ed vyj\u00edt zevnit\u0159 \u010dlov\u011bka, nem\u016f\u017ee k tomu b\u00fdt donucen kamar\u00e1dem, ani k tomu doml\u00e1cen a uml\u00e1cen fakty a argumenty.<\/p>\n<figure id=\"attachment_48288\" class=\"wp-caption aligncenter\" style=\"width: 439px;\"><a href=\"https:\/\/aeronet.cz\/news\/wp-content\/uploads\/AustraliaCamps06.jpg\"><img decoding=\"async\" loading=\"lazy\" class=\"wp-image-48288 \" src=\"https:\/\/aeronet.cz\/news\/wp-content\/uploads\/AustraliaCamps06-1024x577.jpg\" sizes=\"(max-width: 700px) 100vw, 700px\" srcset=\"https:\/\/aeronet.cz\/news\/wp-content\/uploads\/AustraliaCamps06-1024x577.jpg 1024w, https:\/\/aeronet.cz\/news\/wp-content\/uploads\/AustraliaCamps06-300x169.jpg 300w, https:\/\/aeronet.cz\/news\/wp-content\/uploads\/AustraliaCamps06-768x433.jpg 768w, https:\/\/aeronet.cz\/news\/wp-content\/uploads\/AustraliaCamps06-700x394.jpg 700w, https:\/\/aeronet.cz\/news\/wp-content\/uploads\/AustraliaCamps06-634x357.jpg 634w, https:\/\/aeronet.cz\/news\/wp-content\/uploads\/AustraliaCamps06-857x483.jpg 857w, https:\/\/aeronet.cz\/news\/wp-content\/uploads\/AustraliaCamps06.jpg 1280w\" alt=\"\" width=\"439\" height=\"248\" \/><\/a><figcaption class=\"wp-caption-text\">Koncentra\u010dn\u00ed t\u00e1bor pro neo\u010dkovan\u00e9 ve st\u00e1t\u011b Victoria v Austr\u00e1lii<\/figcaption><\/figure>\n<p>Ne, to je naprosto zbyte\u010dn\u00e9. Probuzen\u00ed prob\u00edh\u00e1 samovoln\u011b pot\u00e9, co je subjekt kontaktov\u00e1n konceptu\u00e1ln\u00edm obsahem, kter\u00fd v n\u011bm n\u011bco probud\u00ed. A to jsou konceptu\u00e1ln\u00ed knihy, texty, \u010dl\u00e1nky, videa, ale pouze v t\u00e9 form\u011b a rovin\u011b, kter\u00e9 dok\u00e1\u017ee budouc\u00ed probuzenec porozum\u011bt. Maj\u00ed o\u010di, ale nevid\u00ed. Maj\u00ed u\u0161i, ale nenaslouchaj\u00ed. Maj\u00ed \u00fasta, ale ml\u010d\u00ed p\u0159i pohledu na teror. Maj\u00ed du\u0161i, ale nec\u00edt\u00ed. Maj\u00ed auru, ale nikoho nep\u0159itahuj\u00ed. Maj\u00ed alfa signalizaci, ale nevl\u00e1dnou ohromnou moc\u00ed pro ochranu, ale pro \u00fatlak. Maj\u00ed p\u0159\u00edmou pokrevn\u00ed linii po Abrah\u00e1movi, ale nech\u00e1pou, co ukr\u00fdv\u00e1.<\/p>\n<h6><span style=\"font-size: 14pt;\">Teror v Austr\u00e1lii nezn\u00e1 mez\u00ed, trestaneck\u00e1 kolonie jako za star\u00fdch \u010das\u016f. Byli jste varov\u00e1ni, vyjela na ob\u010dany premi\u00e9rka!<\/span><\/h6>\n<p>Schopnost pochopit konceptu\u00e1ln\u00ed rovinu existence, jej\u00ed projekce do v\u011bdom\u00ed, automaticky stav\u00ed jedince do pozice probuzen\u00e9ho.\u00a0<strong>Moje knihy se sna\u017e\u00ed b\u00fdt m\u016fstkem pro pochopen\u00ed v\u011bc\u00ed, kter\u00e9 c\u00edt\u00edte, ale je t\u011b\u017ek\u00e9 je pojmenovat.<\/strong>\u00a0A je hroziv\u00e9, kdy\u017e pr\u00e1v\u011b v den, kdy vych\u00e1z\u00ed m\u00e1 nov\u00e1 kniha, napl\u0148uj\u00ed se ve stejn\u00e9 chv\u00edli d\u011bsiv\u00e9 obrysy Total Control a cel\u00fd kontinent se st\u00e1v\u00e1 obrovsk\u00fdm koncentra\u010dn\u00edm t\u00e1borem. Austr\u00e1lie m\u00e1 v unit\u00e1rn\u00edm prostoru divn\u00fd n\u00e1zev, je ozna\u010dena tabul\u00ed\u00a0<em>Totalia<\/em>\u00a0a zem\u00ed proch\u00e1z\u00ed podivn\u00e9 bytosti s \u0159et\u011bzy na noh\u00e1ch, ruk\u00e1ch a krku. Kontinent je proklet\u00fd v astr\u00e1ln\u00ed rovin\u011b, je to b\u00fdval\u00e1 trestaneck\u00e1 kolonie Britsk\u00e9ho imp\u00e9ria, kde se mu\u010dilo, vra\u017edilo, t\u00fdralo a do unit\u00e1rn\u00edho prostoru se utrpen\u00ed vyrylo natrvalo. P\u0159esto\u017ee\u00a0<em>Totalia<\/em>\u00a0m\u016f\u017ee zn\u00edt podobn\u011b jako Italia, \u017e\u00e1dn\u00e1 podobnost tam nen\u00ed.<\/p>\n<figure id=\"attachment_48291\" class=\"wp-caption aligncenter\" style=\"width: 419px;\"><a href=\"https:\/\/aeronet.cz\/news\/wp-content\/uploads\/GladysBerejiklian.jpg\"><img decoding=\"async\" loading=\"lazy\" class=\"wp-image-48291 \" src=\"https:\/\/aeronet.cz\/news\/wp-content\/uploads\/GladysBerejiklian-1024x576.jpg\" sizes=\"(max-width: 700px) 100vw, 700px\" srcset=\"https:\/\/aeronet.cz\/news\/wp-content\/uploads\/GladysBerejiklian-1024x576.jpg 1024w, https:\/\/aeronet.cz\/news\/wp-content\/uploads\/GladysBerejiklian-300x169.jpg 300w, https:\/\/aeronet.cz\/news\/wp-content\/uploads\/GladysBerejiklian-768x432.jpg 768w, https:\/\/aeronet.cz\/news\/wp-content\/uploads\/GladysBerejiklian-700x394.jpg 700w, https:\/\/aeronet.cz\/news\/wp-content\/uploads\/GladysBerejiklian-635x357.jpg 635w, https:\/\/aeronet.cz\/news\/wp-content\/uploads\/GladysBerejiklian-859x483.jpg 859w, https:\/\/aeronet.cz\/news\/wp-content\/uploads\/GladysBerejiklian.jpg 1280w\" alt=\"\" width=\"419\" height=\"236\" \/><\/a><figcaption class=\"wp-caption-text\">Premi\u00e9rka Nov\u00e9ho Ji\u017en\u00edho Walesu Gladys Berejiklian<\/figcaption><\/figure>\n<p>Cel\u00e1 Austr\u00e1lie je rozd\u011blena na n\u011bkolik st\u00e1t\u016f. A pr\u00e1v\u011b v Nov\u00e9m Ji\u017en\u00edm Walesu maj\u00ed tak brut\u00e1ln\u00ed lockdown, \u017ee ani evropsk\u00e1 m\u00e9dia o tom rad\u011bji neinformuj\u00ed. V \u010dele st\u00e1tu stoj\u00ed premi\u00e9rka\u00a0Gladys Berejiklian, dcera a vnu\u010dka \u017eidovsk\u00fdch imigrant\u016f do Izraele. Jej\u00ed matka byla izraelsk\u00e1 \u017didovka arm\u00e9nsk\u00e9ho p\u016fvodu, provdala se za mu\u017ee ze syrsk\u00e9ho\u00a0<strong>Aleppa. Gladys se ji\u017e narodila v Austr\u00e1lii, ov\u0161em jej\u00ed p\u016fvod je st\u00e1le p\u0159ipom\u00edn\u00e1n. P\u0159ed n\u011bkolika dny pop\u0159\u00e1la [<a href=\"https:\/\/href.li\/?https:\/\/www.jwire.com.au\/rosh-hashanah-message-from-nsw-premier-gladys-berejiklian-2\/\" target=\"_blank\" rel=\"nofollow noopener\">2<\/a>] australsk\u00fdm \u017did\u016fm\u00a0<em>Rosh Hashanah<\/em><\/strong>, tedy v\u0161e nejlep\u0161\u00ed k Nov\u00e9mu \u017eidovsk\u00e9mu roku. Pro australsk\u00fd \u017eidovsk\u00fd server Australian Jewish News (AJN) poskytla v roce 2017 rozhovor [<a href=\"https:\/\/href.li\/?https:\/\/www.australianjewishnews.com\/premier-im-granddaughter-survivors\/\" target=\"_blank\" rel=\"nofollow noopener\">3<\/a>], ve kter\u00e9m odhalila sv\u016fj p\u016fvod. V \u010dl\u00e1nku se p\u00ed\u0161e toto:<\/p>\n<p>Pro vnu\u010dku p\u0159e\u017eiv\u0161\u00edch arm\u00e9nskou genocidu bylo dojemn\u00e9, kdy\u017e premi\u00e9rka Nov\u00e9ho Ji\u017en\u00edho Walesu Gladys Berejiklianov\u00e1 v \u00fater\u00fd vystoupila v multikulturn\u00edch m\u00e9di\u00edch a prohl\u00e1sila, \u017ee vzd\u011bl\u00e1v\u00e1n\u00ed o holocaustu je \u201c<em>naprosto z\u00e1sadn\u00ed<\/em>\u201c. V projevu k novin\u00e1\u0159\u016fm v budov\u011b parlamentu spolu s ministrem pro multikulturalismus Rayem Williamsem to bylo poprv\u00e9 od lednov\u00e9ho n\u00e1stupu do nejvy\u0161\u0161\u00ed st\u00e1tn\u00ed funkce, kdy Berejiklianov\u00e1 stanula tv\u00e1\u0159\u00ed v tv\u00e1\u0159 multikulturn\u00edm medi\u00e1ln\u00edm organizac\u00edm v\u010detn\u011b AJN. Otev\u0159en\u011b hovo\u0159ila o mnoha t\u00e9matech, v\u010detn\u011b sv\u00e9ho ned\u00e1vn\u00e9ho setk\u00e1n\u00ed s izraelsk\u00fdm premi\u00e9rem Benjaminem Netanjahuem, a tak\u00e9 o sv\u00e9 v\u00fdchov\u011b v rodin\u011b migrant\u016f.<\/p>\n<p>Berejiklianov\u00e1 se narodila v Sydney arm\u00e9nsk\u00fdm rodi\u010d\u016fm, kte\u0159\u00ed se do Austr\u00e1lie p\u0159ist\u011bhovali v 60. letech 20. stolet\u00ed \u2013 rodina jej\u00ed matky poch\u00e1zela z Jeruzal\u00e9ma (<em>pozn. arm\u00e9n\u0161t\u00ed \u017did\u00e9 p\u0159e\u017eiv\u0161\u00ed tureckou genocidu<\/em>) a rodina jej\u00edho otce z Aleppa. Kdy\u017e za\u010dala chodit do \u0161koly, neum\u011bla anglicky, ale rychle se ji nau\u010dila. \u201c<strong><em>Rodi\u010de mi v\u017edycky \u0159\u00edkali: \u2018Bu\u010f dobr\u00fdm ob\u010danem, bu\u010f dobr\u00fdm Australanem, ale nezapom\u00ednej na sv\u016fj p\u016fvod a bu\u010f na n\u011bj hrd\u00e1,&#8217;\u201d vzpom\u00edn\u00e1. \u201cTo je n\u011bco, co se m\u011b dr\u017e\u00ed cel\u00fd \u017eivot<\/em>.<\/strong>\u201c<\/p>\n<p>Na ot\u00e1zku o sv\u00e9m setk\u00e1n\u00ed s Netanjahuem minul\u00fd m\u011bs\u00edc Berejiklianov\u00e1 odpov\u011bd\u011bla, \u017ee to byla \u201c<em>\u00fa\u017easn\u00e1 pocta<\/em>\u201c. \u201c<em>Byli jsme opravdu nad\u0161eni z v\u00fdm\u011bny n\u00e1zor\u016f, kterou m\u00e1me v souvislosti s n\u00e1v\u0161t\u011bvou mlad\u00fdch podnikatel\u016f v Izraeli a pozn\u00e1v\u00e1n\u00edm za\u010d\u00ednaj\u00edc\u00edch podnik\u016f, a stejn\u011b tak se Izrael velmi zaj\u00edmal o n\u00e1\u0161 sektor finan\u010dn\u00edch slu\u017eeb a o to, jak je rozvinut\u00fd,<\/em>\u201d \u0159ekla. \u201c<em>Je z\u0159ejm\u00e9, \u017ee m\u00e1me s \u010d\u00edm spolupracovat.<\/em>\u201d K t\u00e9matu paragrafu 20D antidiskrimina\u010dn\u00edho z\u00e1kona Nov\u00e9ho Ji\u017en\u00edho Walesu, o n\u011bm\u017e \u0159ada komunitn\u00edch skupin v Nov\u00e9m Ji\u017en\u00edm Walesu tvrd\u00ed, \u017ee je \u201c<em>slab\u00fd a ne\u00fa\u010dinn\u00fd<\/em>\u201c, a nal\u00e9h\u00e1 na vl\u00e1du st\u00e1tu, aby jej napravila, Berejiklianov\u00e1 poznamenala, \u017ee se o n\u011bm \u201cuva\u017euje\u201d.<\/p>\n<p>\u201c<em>V t\u00e9to f\u00e1zi nem\u00e1me \u017e\u00e1dn\u00e9 konkr\u00e9tn\u00ed pl\u00e1ny, ale oce\u0148ujeme obavy, kter\u00e9 v t\u00e9to souvislosti vyj\u00e1d\u0159ila va\u0161e komunita a dal\u0161\u00ed<\/em>.\u201d Na dotaz AJN ohledn\u011b v\u00fdznamu vzd\u011bl\u00e1v\u00e1n\u00ed o t\u00e9matu \u0160oa (<em>holokaustu<\/em>) Berejiklian odpov\u011bd\u011bla: \u201c<strong><em>Vzd\u011bl\u00e1v\u00e1n\u00ed o holocaustu je naprosto z\u00e1sadn\u00ed<\/em>.\u00a0<em>Jsem vnu\u010dkou t\u011bch, kte\u0159\u00ed p\u0159e\u017eili genocidu, tak\u017ee si uv\u011bdomuji jej\u00ed d\u016fle\u017eitost<\/em>.\u00a0<\/strong><em><strong>Tolik komunit po cel\u00e9m sv\u011bt\u011b st\u00e1le trp\u00ed, proto\u017ee se tehdy neud\u011blalo dost pro to, aby se tyto lidsk\u00e9 trag\u00e9die nepop\u0159ely a aby se jim zabr\u00e1nilo<\/strong>.<\/em>\u201d Uvedla: \u201c<em>Nelze slovy vyj\u00e1d\u0159it, co ob\u011bti holocaustu nebo genocidy za\u017eily<\/em>,\u201d a dodala: \u201c<em>Jsem pevn\u011b p\u0159esv\u011bd\u010dena, \u017ee pop\u00edr\u00e1n\u00ed a nedostate\u010dn\u00e1 \u010dinnost glob\u00e1ln\u00edch spole\u010denstv\u00ed umo\u017e\u0148uje pachatel\u016fm, aby tyto v\u011bci d\u011blali d\u00e1l<\/em>.\u00a0<em>Bohu\u017eel se v\u017edy najdou p\u0159\u00edpady po cel\u00e9m sv\u011bt\u011b. V\u0161ichni m\u016f\u017eeme b\u00fdt ostra\u017eit\u011bj\u0161\u00ed, mluvit o tom a d\u011blat v\u00edc<\/em>.\u201d<\/p>\n<h6><span style=\"font-size: 14pt;\">VIDEO: \u0160\u00e9fka zdravotnictv\u00ed narovinu \u0159ekla, \u017ee lid\u00e9 budou sledov\u00e1ni v Nov\u00e9m sv\u011btov\u00e9m \u0159\u00e1du<\/span><\/h6>\n<p><strong>Tato premi\u00e9rka p\u0159ed n\u011bkolika hodinami vystoupila na australsk\u00e9 televizi a zd\u011b\u0161en\u00fdm obyvatel\u016fm Nov\u00e9ho Ji\u017en\u00edho Walesu sd\u011blila [<a href=\"https:\/\/href.li\/?https:\/\/summit.news\/2021\/09\/09\/you-have-been-warned-unvaccinated-australians-told-theyll-remain-under-lockdown\/\" target=\"_blank\" rel=\"nofollow noopener\">4<\/a>], \u017ee\u00a0tvrd\u00fd lockdown v tomto st\u00e1t\u011b z\u016fstane natrvalo\u00a0a napo\u0159\u00e1d pro ty, kte\u0159\u00ed se odm\u00edtnou nao\u010dkovat.<\/strong>\u00a0Nebudou sm\u011bt opou\u0161t\u011bt byty, nebudou sm\u011bt nakupovat jinak ne\u017e p\u0159es don\u00e1\u0161kov\u00e9 slu\u017eby, budou izolov\u00e1ni v koncentra\u010dn\u00edch t\u00e1borech, kter\u00e9 za\u010dala australsk\u00e1 vl\u00e1da budovat. P\u0159ilo\u017een\u00e9 fotografie v tomto \u010dl\u00e1nku hovo\u0159\u00ed za v\u0161e. Premi\u00e9rka v\u0161ak ob\u010dany vyd\u011bsila je\u0161t\u011b n\u011b\u010d\u00edm, co je naprosto i v z\u00e1padn\u00ed politice nev\u00eddan\u00e9. Pln\u00e1 zloby a nen\u00e1visti pronesla v\u00fdhr\u016f\u017eku: \u201c<em><strong>Byli jste varov\u00e1ni!<\/strong><\/em>\u201c<\/p>\n<figure id=\"attachment_48286\" class=\"wp-caption aligncenter\" style=\"width: 442px;\"><a href=\"https:\/\/aeronet.cz\/news\/wp-content\/uploads\/AustraliaCamps04.jpg\"><img decoding=\"async\" loading=\"lazy\" class=\"wp-image-48286 \" src=\"https:\/\/aeronet.cz\/news\/wp-content\/uploads\/AustraliaCamps04-1024x576.jpg\" sizes=\"(max-width: 700px) 100vw, 700px\" srcset=\"https:\/\/aeronet.cz\/news\/wp-content\/uploads\/AustraliaCamps04-1024x576.jpg 1024w, https:\/\/aeronet.cz\/news\/wp-content\/uploads\/AustraliaCamps04-300x169.jpg 300w, https:\/\/aeronet.cz\/news\/wp-content\/uploads\/AustraliaCamps04-768x432.jpg 768w, https:\/\/aeronet.cz\/news\/wp-content\/uploads\/AustraliaCamps04-700x394.jpg 700w, https:\/\/aeronet.cz\/news\/wp-content\/uploads\/AustraliaCamps04-635x357.jpg 635w, https:\/\/aeronet.cz\/news\/wp-content\/uploads\/AustraliaCamps04-859x483.jpg 859w, https:\/\/aeronet.cz\/news\/wp-content\/uploads\/AustraliaCamps04.jpg 1280w\" alt=\"\" width=\"442\" height=\"249\" \/><\/a><figcaption class=\"wp-caption-text\">Leteck\u00fd pohled na koncentra\u010dn\u00ed t\u00e1bor pro odm\u00edta\u010de vakc\u00edn ve st\u00e1t\u011b Victoria v Austr\u00e1lii<\/figcaption><\/figure>\n<p>To byl v\u00fdrok, kter\u00fd zakon\u010dil jej\u00ed informace o tom, \u017ee kdo se nenao\u010dkuje, stane se ob\u010danem druh\u00e9 kategorie a ztrat\u00ed ob\u010dansk\u00e1 pr\u00e1va. Po rodi\u010d\u00edch z Izraele a \u017eidovsk\u00e9ho p\u016fvodu tak v roli premi\u00e9rky v p\u0159\u00edm\u00e9m p\u0159enosu vyhro\u017euje m\u00edstn\u00edm lidem, Australan\u016fm. Ano, jsou to potomci trestanc\u016f Britsk\u00e9ho imp\u00e9ria, ale takto otev\u0159en\u011b vyhro\u017eovat z pozice premi\u00e9rky vlastn\u00edm konstituent\u016fm, to se jen tak nevid\u00ed. A to nebylo v\u0161echno.<\/p>\n<p>&nbsp;<\/p>\n<div id=\"rumble_vjo5qj\">\n<div id=\"vid_vjo5qj\" class=\"rumble_vjo5qj-Rumble-cls\">\n<div class=\"bigPlayUI ctp\">\n<div class=\"bigPlayUIInner ctp\"><div class='videoWrapper'>\r\n\t            <iframe src='https:\/\/rumble.com\/embed\/pj.vjo5qj\/' frameborder='0' allowfullscreen><\/iframe>\r\n\t        <\/div><\/div>\n<\/div>\n<\/div>\n<\/div>\n<p>&nbsp;<\/p>\n<p><strong>Na stejn\u00e9 tiskovce vystoupila i \u0161\u00e9fka ve\u0159ejn\u00e9ho zdravotnictv\u00ed st\u00e1tu Nov\u00fd Ji\u017en\u00ed Wales a udiven\u00fdm novin\u00e1\u0159\u016fm \u0159ekla [<a href=\"https:\/\/href.li\/?https:\/\/summit.news\/2021\/09\/09\/aussie-public-health-chief-says-covid-contact-tracing-is-part-of-new-world-order\/\" target=\"_blank\" rel=\"nofollow noopener\">5<\/a>], \u017ee ve st\u00e1t\u011b se budou uvol\u0148ovat opat\u0159en\u00ed podle trasovac\u00edch dat obyvatelstva v tomto\u00a0Nov\u00e9m sv\u011btov\u00e9m \u0159\u00e1du.<\/strong>\u00a0Viz. video v\u00fd\u0161e. Naprosto na rovinu a bez tajnost\u00ed to ze sebe vypustila, jako kdyby se bavila o po\u010das\u00ed. V\u00fdrok za\u010dal okam\u017eit\u011b rezonovat na soci\u00e1ln\u00edch s\u00edt\u00edch a \u017eidovsk\u00e9 agentury AP, AFP a Reuters za\u010daly v\u00fdrok ihned bagatelizovat, \u017ee se pr\u00fd jednalo jen o nads\u00e1zku, o nic jin\u00e9ho, \u017ee \u017e\u00e1dn\u00fd Nov\u00fd sv\u011btov\u00fd \u0159\u00e1d se v Austr\u00e1lii nechyst\u00e1. Ano, zd\u011b\u0161en\u00ed bylo obrovsk\u00e9 v Lond\u00fdn\u011b, mlad\u00fd Rothschild ihned volal do Sydney a je ot\u00e1zkou, jak dlouho Dr. Kerry Chant z\u016fstane ve funkci \u0161\u00e9fky zdravotnictv\u00ed.<\/p>\n<h6><span style=\"font-size: 14pt;\">Do koncentra\u010dn\u00edho kempu nedostanete tvrd\u00fd alkohol, jenom 6 mal\u00fdch t\u0159etinkov\u00fdch plechovek piva na dom\u00e1cnost, nebo 1 l\u00e1hev v\u00edna na dom\u00e1cnost<\/span><\/h6>\n<p>Vypustila toti\u017e n\u011bco, co nem\u011bla. Vyd\u011bsila obyvatele, kte\u0159\u00ed si jej\u00ed v\u00fdrok dali do souvislosti s p\u0159edchoz\u00ed v\u00fdhr\u016f\u017ekou premi\u00e9rky. V\u0161echno to do sebe zapadlo. Austr\u00e1lie se st\u00e1v\u00e1 nejv\u011bt\u0161\u00edm koncentra\u010dn\u00edm t\u00e1borem na sv\u011bt\u011b.\u00a0<strong>Neo\u010dkovan\u00ed jsou p\u0159esouv\u00e1ni do kemp\u016f, kde policie \u0161acuje v\u0161echny n\u00e1kupn\u00ed ta\u0161ky don\u00e1\u0161kov\u00fdch slu\u017eeb a konfiskuje nadlimitn\u00ed alkohol [<a href=\"https:\/\/href.li\/?https:\/\/www.infowars.com\/posts\/report-locked-down-australians-alcohol-intake-monitored-and-restricted-by-the-state\/\" target=\"_blank\" rel=\"nofollow noopener\">6<\/a>], hlavn\u011b pivo, ale i v\u00edno<\/strong>. Jedna bu\u0148ka v t\u00e1bo\u0159e m\u016f\u017ee m\u00edt jen 6 plechovek piva, nebo jednu l\u00e1hev v\u00edna. Tvrd\u00fd alkohol je v\u0161ak \u00fapln\u011b zak\u00e1z\u00e1n. Internovan\u00e9 osoby nesm\u00ed m\u00edt ani cigarety, ani vlastn\u00ed l\u00e9ky. Totalia je zmen\u0161enou podobou celosv\u011btov\u00e9ho Nov\u00e9ho sv\u011btov\u00e9ho \u0159\u00e1du. Tak, jak to nyn\u00ed testuj\u00ed v b\u00fdval\u00e9 britsk\u00e9 trestaneck\u00e9 kolonii, tak to m\u00e1 podle Domu Sion vypadat v cel\u00e9m sv\u011bte pod vl\u00e1dou globalismu.<\/p>\n<figure id=\"attachment_48285\" class=\"wp-caption aligncenter\" style=\"width: 520px;\"><a href=\"https:\/\/aeronet.cz\/news\/wp-content\/uploads\/AustraliaCamps03.jpg\"><img decoding=\"async\" loading=\"lazy\" class=\"wp-image-48285 \" src=\"https:\/\/aeronet.cz\/news\/wp-content\/uploads\/AustraliaCamps03-1024x682.jpg\" sizes=\"(max-width: 700px) 100vw, 700px\" srcset=\"https:\/\/aeronet.cz\/news\/wp-content\/uploads\/AustraliaCamps03-1024x682.jpg 1024w, https:\/\/aeronet.cz\/news\/wp-content\/uploads\/AustraliaCamps03-300x200.jpg 300w, https:\/\/aeronet.cz\/news\/wp-content\/uploads\/AustraliaCamps03-768x512.jpg 768w, https:\/\/aeronet.cz\/news\/wp-content\/uploads\/AustraliaCamps03-700x466.jpg 700w, https:\/\/aeronet.cz\/news\/wp-content\/uploads\/AustraliaCamps03-536x357.jpg 536w, https:\/\/aeronet.cz\/news\/wp-content\/uploads\/AustraliaCamps03-725x483.jpg 725w, https:\/\/aeronet.cz\/news\/wp-content\/uploads\/AustraliaCamps03.jpg 1280w\" alt=\"\" width=\"520\" height=\"346\" \/><\/a><figcaption class=\"wp-caption-text\">Pravideln\u00e9 testy covidov\u00fdch v\u011bz\u0148\u016f v koncentra\u010dn\u00edm t\u00e1bo\u0159e<\/figcaption><\/figure>\n<p>Australan\u00e9 sp\u00ed tak hluboce, \u017ee je pro n\u011b ji\u017e pozd\u011b. Probuzen\u00fdch je tam tak m\u00e1lo, \u017ee se nedok\u00e1\u017e\u00ed ani zorganizovat. Ztr\u00e1c\u00ed svobodu vlastn\u00edch \u017eivot\u016f a nemaj\u00ed schopnost proti tomu cokoliv ud\u011blat. Koneckonc\u016f, konceptu\u00e1ln\u011b je v Austr\u00e1lii hotovo ji\u017e mnoho let. Teprve nyn\u00ed za\u010dali globalist\u00e9 odkr\u00fdvat karty.\u00a0<strong>Premi\u00e9rka vyhro\u017euje vlastn\u00edm ob\u010dan\u016fm, \u0161\u00e9fka zdravotnictv\u00ed bez utajov\u00e1n\u00ed a na drz\u00fd pohled hovo\u0159\u00ed o Nov\u00e9m sv\u011btov\u00e9m \u0159\u00e1du.<\/strong><\/p>\n<p>V \u010cesku i na Slovensku, v Polsku i v Ma\u010farsku, a postupn\u011b v cel\u00e9 V\u00fdchodn\u00ed Evrop\u011b budou n\u00e1rody uvr\u017eeny do koncentra\u010dn\u00edch t\u00e1bor\u016f, kter\u00e9 vybuduj\u00ed sami lid\u00e9, kte\u0159\u00ed se neprobudili. Vystav\u00ed sob\u011b vlastn\u00ed koncentra\u010dn\u00ed prostory, s tup\u00fdmi v\u00fdrazy malomocn\u00fdch a pohledy nevra\u017eivosti a pohrd\u00e1n\u00ed k t\u011bm, kte\u0159\u00ed bij\u00ed na poplach, \u017ee doch\u00e1z\u00ed k z\u00e1nik\u016fm n\u00e1rod\u016f, st\u00e1t\u016f, hranic, kultur a postupn\u011b i obyvatel a vyzn\u00e1n\u00ed.<\/p>\n<h6><span style=\"font-size: 14pt;\">U\u017e zb\u00fdvaj\u00ed jenom va\u0161e d\u011bti, o kter\u00e9 globalist\u00e9 usiluj\u00ed v\u0161emi prost\u0159edky, od vakc\u00edn d\u011bt\u00ed, a\u017e po p\u0159ev\u00fdchovu. Nacist\u00e9 kradli d\u011bti pro germanizaci, globalist\u00e9 pro re-genderizaci\u2026 s c\u00edlem indukce neplodnosti a neochoty rozmno\u017eovat b\u00edlou rasu<\/span><\/h6>\n<p>Ne\u0159e\u0161te nikdy technik\u00e1lie. Ne\u0159e\u0161te, kter\u00e1 vakc\u00edna je lep\u0161\u00ed, jestli americk\u00e1 nebo rusk\u00e1, ob\u011b jsou toti\u017e \u017eidovsk\u00e9. Ta jedna s mal\u00fdm \u201cv\u201d, ta druh\u00e1 s velk\u00fdm \u201cV\u201d.\u00a0\u00a0<strong>Kdy\u017e ho\u0159\u00ed n\u00e1rodn\u00ed st\u00e1ty, je to kv\u016fli tomu, \u017ee u\u017e nikdo nechce hasit. Tehdy za\u010dnou ty st\u00e1ty ho\u0159et. Tehdy globalist\u00e9 podp\u00e1l\u00ed v\u0161echno a v\u0161ude.<\/strong>\u00a0Ho\u0159\u00ed v Evrop\u011b, ho\u0159\u00ed v Americe, ho\u0159\u00ed na Bl\u00edzk\u00e9m i St\u0159edn\u00edm V\u00fdchod\u011b, ho\u0159\u00ed v Austr\u00e1lii. V\u0161ude a nar\u00e1z ho\u0159\u00ed ulice, spolu s nimi n\u00e1rodn\u00ed st\u00e1ty, ob\u010dansk\u00e9 a lidsk\u00e9 svobody. Kdo se probud\u00ed, uvid\u00ed \u0159et\u011bzy \u00fapln\u011b v\u0161ude. \u0158et\u011bzy na dve\u0159\u00edch, na hranic\u00edch, na noh\u00e1ch, na ruk\u00e1ch a na \u00fastech. Globalistick\u00fd nep\u0159\u00edtel vychoval\u00a0<em>Nov\u00e9ho \u010dlov\u011bka<\/em>\u00a0a ten bude slou\u017eit Nov\u00e9mu sv\u011btov\u00e9mu \u0159\u00e1du.<\/p>\n<figure id=\"attachment_48290\" class=\"wp-caption aligncenter\" style=\"width: 501px;\"><a href=\"https:\/\/aeronet.cz\/news\/wp-content\/uploads\/AustraliaCamps01.jpg\"><img decoding=\"async\" loading=\"lazy\" class=\"wp-image-48290 \" src=\"https:\/\/aeronet.cz\/news\/wp-content\/uploads\/AustraliaCamps01-1024x768.jpg\" sizes=\"(max-width: 700px) 100vw, 700px\" srcset=\"https:\/\/aeronet.cz\/news\/wp-content\/uploads\/AustraliaCamps01-1024x768.jpg 1024w, https:\/\/aeronet.cz\/news\/wp-content\/uploads\/AustraliaCamps01-300x225.jpg 300w, https:\/\/aeronet.cz\/news\/wp-content\/uploads\/AustraliaCamps01-768x576.jpg 768w, https:\/\/aeronet.cz\/news\/wp-content\/uploads\/AustraliaCamps01-700x525.jpg 700w, https:\/\/aeronet.cz\/news\/wp-content\/uploads\/AustraliaCamps01-476x357.jpg 476w, https:\/\/aeronet.cz\/news\/wp-content\/uploads\/AustraliaCamps01-644x483.jpg 644w, https:\/\/aeronet.cz\/news\/wp-content\/uploads\/AustraliaCamps01.jpg 1280w\" alt=\"\" width=\"501\" height=\"376\" \/><\/a><figcaption class=\"wp-caption-text\">Ubytovac\u00ed cela v t\u00e1bo\u0159e<\/figcaption><\/figure>\n<p>A nep\u0159\u00edtelem budou ti, kte\u0159\u00ed budou chr\u00e1nit zbytky svobod.\u00a0<strong>K ovl\u00e1dnut\u00ed sv\u011bta chyb\u00ed globalist\u016fm u\u017e jenom jedin\u00e9: Vytrhnout v\u00e1m va\u0161e vlastn\u00ed d\u011bti v \u00fatl\u00e9m v\u011bku a zp\u0159etrhat pouto mezi v\u00e1mi a vlastn\u00edmi d\u011btmi.<\/strong>\u00a0Aby va\u0161e d\u011bti v\u00e1s nen\u00e1vid\u011bly. Aby nen\u00e1vid\u011bly vlastn\u00ed p\u016fvod, vlastn\u00ed rasu, vlastn\u00ed kulturu, vlastn\u00ed zemi, vlastn\u00ed st\u00e1t, vlastn\u00ed d\u011bjiny a vlastn\u00ed pohlav\u00ed. P\u0159e\u0161ijte mn\u011b, budou prosit d\u011bti vychovan\u00e9 globalisty. To je to, o co se nyn\u00ed hraje. Posledn\u00ed hradba odporu v podob\u011b rodiny mu\u017ee, \u017eeny a d\u00edt\u011bte. Nejsv\u011bt\u011bj\u0161\u00ed Trojice, bez kter\u00e9 \u017e\u00e1dn\u00e1 civilizace nem\u016f\u017ee p\u0159e\u017e\u00edt! Budoucnost otrok\u016f pro ty, kte\u0159\u00ed se pod\u0159\u00edd\u00ed. A nekone\u010dn\u00e9 pron\u00e1sledov\u00e1n\u00ed t\u011bch, kte\u0159\u00ed se postav\u00ed na odpor za ochranu rodiny a n\u00e1roda. Jak v rodin\u011b, tak v\u0161ude jinde, p\u0159\u00e1tel\u00e9. V\u0161ude jinde!<\/p>\n<p>-VK- \u0160\u00e9fredaktor AE News<\/p>\n<p><a href=\"https:\/\/aeronet.cz\/news\/total-control-sefka-verejneho-zdravotnictvi-statu-novy-jizni-wales-v-australii-prohlasila-ze-lide-jsou-sledovani-a-dohledavani-v-ramci-noveho-svetoveho-radu-premierka-statu-vystoupila-hned-vedle\/\">ZDROJ<\/a><\/p>\n<p>&nbsp;<\/p>\n","protected":false},"excerpt":{"rendered":"<p>Total Control: \u0160\u00e9fka ve\u0159ejn\u00e9ho zdravotnictv\u00ed st\u00e1tu Nov\u00fd Ji\u017en\u00ed Wales v Austr\u00e1lii prohl\u00e1sila, \u017ee lid\u00e9 jsou&#8230;<\/p>\n","protected":false},"author":2,"featured_media":4655,"comment_status":"closed","ping_status":"closed","sticky":false,"template":"","format":"standard","meta":[],"categories":[7],"tags":[434,999,463,48],"_links":{"self":[{"href":"https:\/\/www.infokuryr.cz\/n\/wp-json\/wp\/v2\/posts\/4654"}],"collection":[{"href":"https:\/\/www.infokuryr.cz\/n\/wp-json\/wp\/v2\/posts"}],"about":[{"href":"https:\/\/www.infokuryr.cz\/n\/wp-json\/wp\/v2\/types\/post"}],"author":[{"embeddable":true,"href":"https:\/\/www.infokuryr.cz\/n\/wp-json\/wp\/v2\/users\/2"}],"replies":[{"embeddable":true,"href":"https:\/\/www.infokuryr.cz\/n\/wp-json\/wp\/v2\/comments?post=4654"}],"version-history":[{"count":0,"href":"https:\/\/www.infokuryr.cz\/n\/wp-json\/wp\/v2\/posts\/4654\/revisions"}],"wp:featuredmedia":[{"embeddable":true,"href":"https:\/\/www.infokuryr.cz\/n\/wp-json\/wp\/v2\/media\/4655"}],"wp:attachment":[{"href":"https:\/\/www.infokuryr.cz\/n\/wp-json\/wp\/v2\/media?parent=4654"}],"wp:term":[{"taxonomy":"category","embeddable":true,"href":"https:\/\/www.infokuryr.cz\/n\/wp-json\/wp\/v2\/categories?post=4654"},{"taxonomy":"post_tag","embeddable":true,"href":"https:\/\/www.infokuryr.cz\/n\/wp-json\/wp\/v2\/tags?post=4654"}],"curies":[{"name":"wp","href":"https:\/\/api.w.org\/{rel}","templated":true}]}}