{"id":46537,"date":"2024-02-08T00:30:03","date_gmt":"2024-02-07T23:30:03","guid":{"rendered":"https:\/\/www.infokuryr.cz\/n\/?p=46537"},"modified":"2024-02-07T18:24:54","modified_gmt":"2024-02-07T17:24:54","slug":"bilina-pripravuje-na-masopust-pruvod-masek-trhy-a-skvelou-zabavu","status":"publish","type":"post","link":"https:\/\/www.infokuryr.cz\/n\/2024\/02\/08\/bilina-pripravuje-na-masopust-pruvod-masek-trhy-a-skvelou-zabavu\/","title":{"rendered":"B\u00edlina p\u0159ipravuje na masopust pr\u016fvod masek, trhy a skv\u011blou z\u00e1bavu"},"content":{"rendered":"<div id=\"fb-root\"><\/div>\n<p><strong>Masopustn\u00ed rej po roce op\u011bt zapln\u00ed b\u00edlinsk\u00e9 M\u00edrov\u00e9 n\u00e1m\u011bst\u00ed. Masky se sejdou 13. \u00fanora, p\u0159ipraven\u00fd je bohat\u00fd program pro d\u011bti i dosp\u011bl\u00e9.<\/strong><\/p>\n<p>Tradi\u010dn\u00ed masopust v B\u00edlin\u011b za\u010dne v dev\u011bt hodin r\u00e1no. Dopoledn\u00ed blok je ur\u010den\u00fd p\u0159edev\u0161\u00edm pro d\u011bti z mate\u0159sk\u00fdch a z\u00e1kladn\u00edch \u0161kol. \u201cBudeme moc r\u00e1di, kdy\u017e d\u011bti p\u0159ijdou v mask\u00e1ch, p\u0159itom nemus\u00ed b\u00fdt masopustn\u00ed. Jakmile se v\u0161ichni sejdeme, vyraz\u00edme pr\u016fvodem okolo n\u00e1m\u011bst\u00ed. Pak u\u017e se budou d\u011bti bavit, p\u0159ipraven\u00e9 jsou sout\u011b\u017ee, \u010dek\u00e1 je divadlo i sladk\u00e1 odm\u011bna,\u201d uvedla vedouc\u00ed Kulturn\u00edho centra B\u00edlina Pavl\u00edna Petr\u017eilkov\u00e1.<\/p>\n<p>Pr\u016fvod vyraz\u00ed v 9.30 hodin, v 10 hodin za\u010dne divadeln\u00ed p\u0159edstaven\u00ed Panoptika Maxe Fische. \u201cTo je velmi z\u00e1bavn\u00e1 anima\u010dn\u00ed show. S Maxem i jeho pomocn\u00edky se mohou p\u0159\u00edtomn\u00ed vyfotografovat, aby m\u011bli na akci p\u011bknou vzpom\u00ednku,\u201d doplnila organiz\u00e1torka akce Monika Voitov\u00e1.<\/p>\n<p>O p\u016fl jeden\u00e1ct\u00e9 dopoledne se p\u0159edstav\u00ed muzikanti z kapely Poh\u0159ebn\u00ed bratrstvo Jefraima Kadi\u0161e. Ti hraj\u00ed \u010desk\u00e9 p\u00edsn\u011b v doprovodu klasick\u00fdch hudebn\u00edch n\u00e1stroj\u016f, t\u0159eba klarinetu nebo tahac\u00ed harmoniky.<\/p>\n<p>Odpoledn\u00ed \u010d\u00e1st p\u0159edev\u0161\u00edm pro ve\u0159ejnost za\u010dne ve 13 hodin, o p\u016fl hodiny pozd\u011bji masky op\u011bt obejdou n\u00e1m\u011bst\u00ed v pr\u016fvodu, ve 14 hodin vystoup\u00ed Panoptikum Maxe Fische a ve 14.30 zahraj\u00ed hudebn\u00edci z Poh\u0159ebn\u00edho bratrstva. \u201cK tomu v\u0161emu se budou na n\u00e1m\u011bst\u00ed konat po cel\u00fd den mal\u00e9 farm\u00e1\u0159sk\u00e9 trhy, lid\u00e9 u region\u00e1ln\u00edch prodejc\u016f se\u017eenou t\u0159eba uzen\u00e9 v\u00fdrobky, s\u00fdry, \u010derstv\u00e9 pe\u010divo a podobn\u011b,\u201d pozvala Pavl\u00edna Petr\u017eilkov\u00e1.<\/p>\n<p>V r\u00e1mci masopustn\u00edho vesel\u00ed se uskute\u010dn\u00ed sout\u011b\u017e o nejlep\u0161\u00ed b\u00e1bovku. \u0160ikovn\u00ed peka\u0159i a peka\u0159ky se mohou do sout\u011b\u017ee p\u0159ihl\u00e1sit do 8. \u00fanora prost\u0159ednictv\u00edm e-mailu <a href=\"mailto:soutez@kcbilina.cz\">soutez@kcbilina.cz<\/a> a n\u00e1sledn\u011b v den kon\u00e1n\u00ed akce mezi 7. a 8.30 hodinou p\u0159in\u00e9st sv\u016fj vo\u0148av\u00fd v\u00fdrobek na n\u00e1m\u011bst\u00ed. Nejlep\u0161\u00ed b\u00e1bovky budou ocen\u011bn\u00e9.<\/p>\n<p><img decoding=\"async\" loading=\"lazy\" class=\"alignnone size-full wp-image-1185\" src=\"http:\/\/www.infokuryr.cz\/n\/wp-content\/uploads\/2021\/04\/kuryr-podpis.png\" alt=\"\" width=\"84\" height=\"24\" \/><\/p>\n<p>&nbsp;<\/p>\n<p><a href=\"https:\/\/stranapro.cz\/\"><img decoding=\"async\" loading=\"lazy\" class=\"wp-image-40286 aligncenter\" src=\"http:\/\/www.infokuryr.cz\/n\/wp-content\/uploads\/2023\/11\/12pro-300x87.png\" alt=\"\" width=\"962\" height=\"279\" srcset=\"https:\/\/www.infokuryr.cz\/n\/wp-content\/uploads\/2023\/11\/12pro-300x87.png 300w, https:\/\/www.infokuryr.cz\/n\/wp-content\/uploads\/2023\/11\/12pro.png 366w\" sizes=\"(max-width: 962px) 100vw, 962px\" \/><\/a><\/p>\n","protected":false},"excerpt":{"rendered":"<p>Masopustn\u00ed rej po roce op\u011bt zapln\u00ed b\u00edlinsk\u00e9 M\u00edrov\u00e9 n\u00e1m\u011bst\u00ed. Masky se sejdou 13. \u00fanora, p\u0159ipraven\u00fd&#8230;<\/p>\n","protected":false},"author":2,"featured_media":46538,"comment_status":"closed","ping_status":"closed","sticky":false,"template":"","format":"standard","meta":[],"categories":[6],"tags":[6759,6760,272],"_links":{"self":[{"href":"https:\/\/www.infokuryr.cz\/n\/wp-json\/wp\/v2\/posts\/46537"}],"collection":[{"href":"https:\/\/www.infokuryr.cz\/n\/wp-json\/wp\/v2\/posts"}],"about":[{"href":"https:\/\/www.infokuryr.cz\/n\/wp-json\/wp\/v2\/types\/post"}],"author":[{"embeddable":true,"href":"https:\/\/www.infokuryr.cz\/n\/wp-json\/wp\/v2\/users\/2"}],"replies":[{"embeddable":true,"href":"https:\/\/www.infokuryr.cz\/n\/wp-json\/wp\/v2\/comments?post=46537"}],"version-history":[{"count":0,"href":"https:\/\/www.infokuryr.cz\/n\/wp-json\/wp\/v2\/posts\/46537\/revisions"}],"wp:featuredmedia":[{"embeddable":true,"href":"https:\/\/www.infokuryr.cz\/n\/wp-json\/wp\/v2\/media\/46538"}],"wp:attachment":[{"href":"https:\/\/www.infokuryr.cz\/n\/wp-json\/wp\/v2\/media?parent=46537"}],"wp:term":[{"taxonomy":"category","embeddable":true,"href":"https:\/\/www.infokuryr.cz\/n\/wp-json\/wp\/v2\/categories?post=46537"},{"taxonomy":"post_tag","embeddable":true,"href":"https:\/\/www.infokuryr.cz\/n\/wp-json\/wp\/v2\/tags?post=46537"}],"curies":[{"name":"wp","href":"https:\/\/api.w.org\/{rel}","templated":true}]}}