{"id":4653,"date":"2021-09-10T10:40:06","date_gmt":"2021-09-10T08:40:06","guid":{"rendered":"http:\/\/www.infokuryr.cz\/n\/?p=4653"},"modified":"2021-09-10T10:40:06","modified_gmt":"2021-09-10T08:40:06","slug":"copak-je-to-za-vojaka","status":"publish","type":"post","link":"https:\/\/www.infokuryr.cz\/n\/2021\/09\/10\/copak-je-to-za-vojaka\/","title":{"rendered":"Copak je to za voj\u00e1ka?"},"content":{"rendered":"<div id=\"fb-root\"><\/div>\n<p><strong>\u201cKPT. PAVEL JE T\u0158\u00cdDN\u011a UV\u011aDOM\u011aL\u00dd, M\u00c1 DOBR\u00c9 ZNALOSTI MARXISMU \u2013 LENINISMU A\u00a0DOK\u00c1\u017dE JE UPLATNIT VE SV\u00c9 PR\u00c1CI\u2026\u201d DIVERZN\u00cd MINULOST GENER\u00c1LA PAVLA, KDE SE TO D\u016eV\u011aRN\u00cdKY JEN HEM\u017d\u00cd A\u00a0NEN\u00cd NOUZE O\u00a0\u017dERTY<\/strong><\/p>\n<p>Vida! Z\u00a0ml\u017en\u00e9 minulosti gener\u00e1la Petra Pavla se vyno\u0159ily dva dokumenty z\u00a0doby, kdy byl je\u0161t\u011b soudruhem v\u00a0KS\u010c a\u00a0nem\u011bl vousy. Dnes je pan Pavel pova\u017eov\u00e1n za hlavn\u00edho kandid\u00e1ta na prezidenta \u010cesk\u00e9 republiky pro volby 2023, a\u00a0to jako favorit brig\u00e1dy, kter\u00e1 nen\u00e1vid\u00ed sou\u010dasn\u00e9ho prezidenta Zemana.<\/p>\n<p>M\u016f\u017ee b\u00fdt a\u017e \u00fasm\u011bvn\u00e9, jak se z\u00a0experta na marxismus \u2013 leninismus stal velitel NATO.<\/p>\n<p>Osud m\u00e1 zvl\u00e1\u0161tn\u00ed smysl pro ironii.<\/p>\n<p>Oba dokumenty, kter\u00e9 uve\u0159ejnil na sv\u00fdch str\u00e1nk\u00e1ch den\u00edk Echo, v\u0161ak napov\u00eddaj\u00ed, \u017ee je t\u0159eba j\u00edt o\u00a0n\u011bco hloub\u011bji.<\/p>\n<p><strong>Dokument 1:\u00a0<\/strong><strong>S Marxem na str\u00e1\u017ei<\/strong><\/p>\n<p>Datov\u00e1n 31.3.1988.\u00a0\u017d\u00e1dost\u00ed o\u00a0medaili \u201cZa slu\u017ebu vlasti\u201d pro Kpt. Petra Pavla.<\/p>\n<figure class=\"wp-block-image size-large\"><img decoding=\"async\" src=\"https:\/\/i0.wp.com\/www.ARFA.cz\/wp-content\/uploads\/2019\/12\/2019-12-12_154601.jpg?w=977&amp;ssl=1\" alt=\"\" \/><figcaption><em>Ze \u017e\u00e1dosti o\u00a0medaili<\/em><\/figcaption><\/figure>\n<p><strong><em>\u201cKpt. Petr Pavel je t\u0159\u00eddn\u011b uv\u011bdom\u011bl\u00fd a\u00a0politicky vysp\u011bl\u00fd. Jako \u010dlen strany p\u0159i\u00a0v\u00fdkonu sv\u00e9 funkce napom\u00e1h\u00e1 prosazovat vedouc\u00ed \u00falohu strany mezi pod\u0159\u00edzen\u00fdmi. Sna\u017e\u00ed se z\u00edskat pro tuto politiku ostatn\u00ed. Politickoideov\u00e1 p\u0159ipravenost jmenovan\u00e9ho je na dobr\u00e9 \u00farovni. M\u00e1 dobr\u00e9 znalosti M-L (<\/em><\/strong><em>marxismu \u2013 leninismu, pozn. red<\/em><strong><em>.) a\u00a0dok\u00e1\u017ee je uplatnit ve sv\u00e9 pr\u00e1ci. Projevuje se slab\u0161\u00ed p\u00e9\u010de o\u00a0materi\u00e1l, za kter\u00fd odpov\u00edd\u00e1,\u201d<\/em>\u00a0p\u00ed\u0161e se v\u00a0\u017e\u00e1dosti<\/strong>.<\/p>\n<p><iframe loading=\"lazy\" title=\"zeman o gener\u00e1lovi pavlovi\" src=\"https:\/\/www.youtube.com\/embed\/GxLOLQZMdYI?start=2&amp;feature=oembed\" width=\"1184\" height=\"666\" frameborder=\"0\" allowfullscreen=\"allowfullscreen\" data-origwidth=\"1184\" data-origheight=\"666\" data-mce-fragment=\"1\"><\/iframe><\/p>\n<figure class=\"wp-block-embed-youtube wp-block-embed is-type-video is-provider-youtube wp-embed-aspect-16-9 wp-has-aspect-ratio\"><figcaption><em><strong>Prezident Zeman:<\/strong>\u00a0A\u0165 si Pavel hled\u00ed arm\u00e1dy, kter\u00e9 rozum\u00ed, a\u00a0neplete se do politiky, kter\u00e9 nerozum\u00ed.<\/em><\/figcaption><\/figure>\n<p>Posledn\u00ed v\u011bta, t\u00fdkaj\u00edc\u00ed se Pavlovy \u201cslab\u0161\u00ed p\u00e9\u010de o\u00a0materi\u00e1l\u201d, je p\u0159\u00edmo prorock\u00e1. V\u00a0roce 2003 zapomn\u011bl gener\u00e1l Pavel v\u00a0aut\u011b p\u0159ed kas\u00e1rnami v\u00a0Dejvic\u00edch po\u010d\u00edta\u010d s\u00a0<strong>tajn\u00fdmi zpravodajsk\u00fdmi materi\u00e1ly<\/strong>\u00a0<strong>NATO. Notebook mu\u00a0<\/strong><strong>byl z\u00a0auta ukraden a\u00a0na\u0161li pozd\u011bji v\u00a0zastav\u00e1rn\u011b.<\/strong><\/p>\n<p>V \u017e\u00e1dosti o\u00a0medaili se d\u00e1le uv\u00e1d\u00ed, \u017ee tehdej\u0161\u00ed funkce Kpt. Pavla byla: Velitel roty I. v\u00fdsadkov\u00e9ho praporu\u00a0<strong>22.\u00a0v\u00fdsadkov\u00e9 brig\u00e1dy<\/strong>. Z\u00a0t\u00e9to 22.\u00a0v\u00fdsadkov\u00e9 brig\u00e1dy se pozd\u011bji vyklubala\u00a0<strong>22.\u00a0v\u00fdsadkov\u00e1 brig\u00e1da speci\u00e1ln\u00edho ur\u010den\u00ed tedy tzv.\u00a0\u010cerven\u00e9 barety.<\/strong>\u00a0Ty jsou zn\u00e1m\u00e9 z\u00e1sahem na N\u00e1rodn\u00ed t\u0159\u00edd\u011b 17.\u00a0listopadu.<\/p>\n<p>Pod dokumentem, kde se t\u00e9\u017e s\u00a0uspokojen\u00fdm konstatuje, \u017ee je Pavel synem\u00a0<strong>syn d\u016fstojn\u00edka kontrarozv\u011bdky,<\/strong>\u00a0je podeps\u00e1n plukovn\u00edk\u00a0<strong>Ing. Ji\u0159\u00ed Hudsk\u00fd<\/strong>,\u00a0<strong>velitel 22.\u00a0v\u00fdsadkov\u00e9 brig\u00e1dy\u00a0<\/strong>speci\u00e1ln\u00edho ur\u010den\u00ed, jej\u00edm\u017e nad\u0159\u00edzen\u00fdm org\u00e1nem byla Zpravodajsk\u00e1 zpr\u00e1va.<\/p>\n<p>Zlat\u00fd h\u0159eb programu ukraden\u00e9 revoluce: Komunista z\u00a0NATO gener\u00e1l Pavel, kter\u00fd m\u00e1 r\u00e1d m\u00edr, zahajuje 17.\u00a0listopadu prezidentskou kampa\u0148. Kalousk\u016fv mu\u017e v\u00a0pln\u00e9 poln\u00ed. Co je pravdy na tom, \u017ee pro NATO pracoval jako \u201cru\u0161i\u010dka\u201d? Za\u010d\u00edn\u00e1 \u010desk\u00e1 verze operace Trval\u00e1 svoboda<\/p>\n<p><strong>Dokument 2:\u00a0<\/strong><strong>D\u016fv\u011brn\u00edci a\u00a0agentura spokojeni<\/strong><\/p>\n<p><strong>Druh\u00fdm dokumentem je svodka slo\u017eky Kpt. Petr Pavel,<\/strong>\u00a0jej\u00edm\u017e autorem je Spr\u00e1va vojensk\u00e9 kontrarozv\u011bdky Z\u00e1padn\u00edho vojensk\u00e9ho okruhu.<\/p>\n<p>Je nedatov\u00e1na, ale poch\u00e1z\u00ed jist\u011b z\u00a0doby po\u00a0roku 1986 (zm\u00ednka o\u00a0svatb\u011b) a\u00a0p\u0159ed \u201c\u017d\u00e1dost\u00ed o\u00a0medaili Za slu\u017ebu vlasti\u201d (b\u0159ezna 88).<\/p>\n<p><strong>Svodka uv\u00e1d\u00ed, \u017ee Kpt. Pavel je \u010dlen KS\u010c a\u00a0jeho oba rodi\u010de jsou tak\u00e9 \u010dlenov\u00e9 KS\u010c.<\/strong><br \/>\nVykon\u00e1v\u00e1 funkci velitele 3.\u00a0v\u00fdsadkov\u00e9 pr\u016fzkumn\u00e9 roty I. v\u00fdsadkov\u00e9ho pr\u016fzkumn\u00e9ho praporu.<\/p>\n<p><strong><em>\u201cProv\u011brky prov\u00e1d\u011bn\u00e9 cestou agentury a\u00a0d\u016fv\u011brn\u00edk\u016f obsahuj\u00ed poznatky kladn\u00e9ho charakteru.<\/em><\/strong><br \/>\n<strong><em>Otec jmenovan\u00e9ho je registrov\u00e1n u\u00a0III.S SNB-SEO po\u00a0reg. \u010d\u00edslem 30793 (SVKR ZVO 1\/1.\u00a0odb. T\u00e1bor) a\u00a0podle zji\u0161t\u011bn\u00ed se v\u00a0n\u011bm nach\u00e1z\u00ed kladn\u00e9 poznatky.\u201d<\/em><\/strong><\/p>\n<p><strong><a href=\"https:\/\/echo24.cz\/a\/SN7py\/general-pavel-mlzi-o-sve-komunisticke-minulosti-a-sluzbe-u-spionu\" target=\"_blank\" rel=\"noreferrer noopener\">V\u00edce o\u00a0tomto t\u00e9matu viz novin\u00e1\u0159 Daniel Kaiser z\u00a0den\u00edku Echo ZDE<\/a><\/strong><\/p>\n<p><em>P\u0159\u00edb\u011bh bude redakce Argumenty a\u00a0Fakta pozorn\u011b sledovat a\u00a0p\u0159in\u00e1\u0161et \u010dten\u00e1\u0159\u016fm \u010derstv\u00e9 z\u00e1kulisn\u00ed informace.<\/em><\/p>\n<p><em>Zdroj:\u00a0<strong><a href=\"https:\/\/www.arfa.cz\/copak-je-to-za-vojaka-kpt-pavel-je-tridne-uvedomely-ma-dobre-znalosti-marxismu-leninismu-a-dokaze-je-uplatnit-ve-sve-praci-diverzni-minulost-generala-pavla-kde-se-to-duverniky-jen-h\/#.XfK3MZNKjIU\">ARFA<\/a><\/strong><\/em><\/p>\n<p>&nbsp;<\/p>\n","protected":false},"excerpt":{"rendered":"<p>\u201cKPT. PAVEL JE T\u0158\u00cdDN\u011a UV\u011aDOM\u011aL\u00dd, M\u00c1 DOBR\u00c9 ZNALOSTI MARXISMU \u2013 LENINISMU A\u00a0DOK\u00c1\u017dE JE UPLATNIT VE&#8230;<\/p>\n","protected":false},"author":2,"featured_media":3263,"comment_status":"closed","ping_status":"closed","sticky":false,"template":"","format":"standard","meta":[],"categories":[6],"tags":[1173],"_links":{"self":[{"href":"https:\/\/www.infokuryr.cz\/n\/wp-json\/wp\/v2\/posts\/4653"}],"collection":[{"href":"https:\/\/www.infokuryr.cz\/n\/wp-json\/wp\/v2\/posts"}],"about":[{"href":"https:\/\/www.infokuryr.cz\/n\/wp-json\/wp\/v2\/types\/post"}],"author":[{"embeddable":true,"href":"https:\/\/www.infokuryr.cz\/n\/wp-json\/wp\/v2\/users\/2"}],"replies":[{"embeddable":true,"href":"https:\/\/www.infokuryr.cz\/n\/wp-json\/wp\/v2\/comments?post=4653"}],"version-history":[{"count":0,"href":"https:\/\/www.infokuryr.cz\/n\/wp-json\/wp\/v2\/posts\/4653\/revisions"}],"wp:featuredmedia":[{"embeddable":true,"href":"https:\/\/www.infokuryr.cz\/n\/wp-json\/wp\/v2\/media\/3263"}],"wp:attachment":[{"href":"https:\/\/www.infokuryr.cz\/n\/wp-json\/wp\/v2\/media?parent=4653"}],"wp:term":[{"taxonomy":"category","embeddable":true,"href":"https:\/\/www.infokuryr.cz\/n\/wp-json\/wp\/v2\/categories?post=4653"},{"taxonomy":"post_tag","embeddable":true,"href":"https:\/\/www.infokuryr.cz\/n\/wp-json\/wp\/v2\/tags?post=4653"}],"curies":[{"name":"wp","href":"https:\/\/api.w.org\/{rel}","templated":true}]}}