{"id":46527,"date":"2024-02-08T00:46:47","date_gmt":"2024-02-07T23:46:47","guid":{"rendered":"https:\/\/www.infokuryr.cz\/n\/?p=46527"},"modified":"2024-02-07T17:48:35","modified_gmt":"2024-02-07T16:48:35","slug":"20-zabitych-a-zranenych-pri-izraelskem-utoku-na-syrsky-homs","status":"publish","type":"post","link":"https:\/\/www.infokuryr.cz\/n\/2024\/02\/08\/20-zabitych-a-zranenych-pri-izraelskem-utoku-na-syrsky-homs\/","title":{"rendered":"20 zabit\u00fdch a zran\u011bn\u00fdch p\u0159i izraelsk\u00e9m \u00fatoku na syrsk\u00fd Homs"},"content":{"rendered":"<div id=\"fb-root\"><\/div>\n<p><strong><span>Nejm\u00e9n\u011b 20 lid\u00ed bylo zabito nebo zran\u011bno pozd\u011b ve\u010der 6. \u00fanora, kdy\u017e s\u00e9rie izraelsk\u00fdch \u00fader\u016f zas\u00e1hla centr\u00e1ln\u00ed syrsk\u00fd guvern\u00e9r Homs.<\/span><\/strong><\/p>\n<p><span>St\u00e1tn\u00ed syrsk\u00e1 arabsk\u00e1 tiskov\u00e1 agentura s odvol\u00e1n\u00edm na vojensk\u00fd zdroj uvedla, \u017ee izraelsk\u00e1 v\u00e1le\u010dn\u00e1 letadla odp\u00e1lila rakety ze sm\u011bru od severolibanonsk\u00e9ho m\u011bsta Tripolis, kter\u00e9 zam\u00ed\u0159ily na n\u011bkolik pozic ve m\u011bst\u011b Homs a na venkov\u011b.\u00a0Zdroj tvrdil, \u017ee syrsk\u00e1 protivzdu\u0161n\u00e1 obrana sest\u0159elila n\u011bkter\u00e9 z izraelsk\u00fdch raket.<\/span><\/p>\n<p><span>P\u0159i izraelsk\u00fdch \u00fatoc\u00edch na Homs bylo zabito a zran\u011bno n\u011bkolik civilist\u016f, uvedl zdroj a dodal, \u017ee \u00fadery tak\u00e9 zp\u016fsobily \u0161kody na ve\u0159ejn\u00e9m i soukrom\u00e9m majetku.<\/span><\/p>\n<p><iframe loading=\"lazy\" src=\"https:\/\/s2.cdnstatic.space\/wp-content\/uploads\/2024\/02\/twitsave.com_YT_EUDysJ9UVEyCg.mp4\" width=\"600\" height=\"338\" data-mce-fragment=\"1\"><\/iframe><\/p>\n<p><span>M\u00edstn\u00ed zdroje sd\u011blily agentu\u0159e Reuters, \u017ee \u00fatok byl zam\u011b\u0159en na n\u011bkolik p\u0159edsunut\u00fdch stanovi\u0161\u0165 syrsk\u00e9 arm\u00e1dy a leteckou z\u00e1kladnu v Homsu, p\u0159i\u010dem\u017e syrsk\u00fd vojensk\u00fd zpravodajsk\u00fd zdroj obezn\u00e1men\u00fd s touto z\u00e1le\u017eitost\u00ed uvedl, \u017ee c\u00edlem byla leteck\u00e1 z\u00e1kladna Shayrat na v\u00fdchodn\u00edm venkov\u011b provincie.<\/span><\/p>\n<p><span>Mezit\u00edm provl\u00e1dn\u00ed rozhlasov\u00e1 stanice Sham FM uvedla, \u017ee zasa\u017een\u00e9 oblasti zahrnuj\u00ed bohatou \u010dtvr\u0165 al-Malaab a ulici Hamra ve m\u011bst\u011b Homs.\u00a0Izrael tak\u00e9 zas\u00e1hl zem\u011bd\u011blskou p\u016fdu v \u200b\u200bal-Waer, zp\u016fsobil po\u017e\u00e1ry, ale \u017e\u00e1dn\u00e9 ob\u011bti tam nebyly.<\/span><\/p>\n<p><span>Zdravotn\u00ed \u0159editelstv\u00ed Homs uvedlo, \u017ee v d\u016fsledku izraelsk\u00fdch \u00fatok\u016f bylo zabito sedm lid\u00ed a nejm\u00e9n\u011b 13 dal\u0161\u00edch bylo zran\u011bno.<\/span><\/p>\n<p><iframe loading=\"lazy\" src=\"https:\/\/s2.cdnstatic.space\/wp-content\/uploads\/2024\/02\/twitsave.com_VTgvBT90m_AEskz_.mp4\" width=\"600\" height=\"338\" data-mce-fragment=\"1\"><\/iframe><\/p>\n<p><iframe loading=\"lazy\" src=\"https:\/\/s2.cdnstatic.space\/wp-content\/uploads\/2024\/02\/twitsave.com_HT868UG7G9elgzSL.mp4\" width=\"600\" height=\"338\" data-mce-fragment=\"1\"><\/iframe><\/p>\n<p><span>Izrael od vypuknut\u00ed v\u00e1lky s hnut\u00edm Ham\u00e1s a dal\u0161\u00edmi palestinsk\u00fdmi ozbrojen\u00fdmi frakcemi v p\u00e1smu Gazy v\u00fdrazn\u011b eskaloval sv\u00e9 \u00fatoky na S\u00fdrii.<\/span><\/p>\n<p><span>N\u011bkolik ned\u00e1vn\u00fdch izraelsk\u00fdch \u00fatok\u016f na S\u00fdrii se zam\u011b\u0159ilo na velitele takzvan\u00e9 Osy odporu, kterou vede \u00cdr\u00e1n.\u00a0Minul\u00fd t\u00fdden byl poradce \u00edr\u00e1nsk\u00fdch isl\u00e1msk\u00fdch revolu\u010dn\u00edch gard zabit, kdy\u017e izraelsk\u00e9 \u00fadery zas\u00e1hly ji\u017en\u00ed p\u0159edm\u011bst\u00ed syrsk\u00e9ho hlavn\u00edho m\u011bsta Dama\u0161ku.<\/span><\/p>\n<p><span>V\u00e1lkou zm\u00edtan\u00e1 S\u00fdrie se do zna\u010dn\u00e9 m\u00edry zdr\u017eela reakce na opakovan\u00e9 \u00fatoky Izraele ve snaze vyhnout se nebezpe\u010dn\u00e9 konfrontaci.<\/span><\/p>\n<p><img decoding=\"async\" loading=\"lazy\" class=\"alignnone size-full wp-image-1185\" src=\"http:\/\/www.infokuryr.cz\/n\/wp-content\/uploads\/2021\/04\/kuryr-podpis.png\" alt=\"\" width=\"84\" height=\"24\" \/><\/p>\n<p>&nbsp;<\/p>\n","protected":false},"excerpt":{"rendered":"<p>Nejm\u00e9n\u011b 20 lid\u00ed bylo zabito nebo zran\u011bno pozd\u011b ve\u010der 6. \u00fanora, kdy\u017e s\u00e9rie izraelsk\u00fdch \u00fader\u016f&#8230;<\/p>\n","protected":false},"author":2,"featured_media":46528,"comment_status":"closed","ping_status":"closed","sticky":false,"template":"","format":"standard","meta":[],"categories":[7],"tags":[107,871,147,723,5135],"_links":{"self":[{"href":"https:\/\/www.infokuryr.cz\/n\/wp-json\/wp\/v2\/posts\/46527"}],"collection":[{"href":"https:\/\/www.infokuryr.cz\/n\/wp-json\/wp\/v2\/posts"}],"about":[{"href":"https:\/\/www.infokuryr.cz\/n\/wp-json\/wp\/v2\/types\/post"}],"author":[{"embeddable":true,"href":"https:\/\/www.infokuryr.cz\/n\/wp-json\/wp\/v2\/users\/2"}],"replies":[{"embeddable":true,"href":"https:\/\/www.infokuryr.cz\/n\/wp-json\/wp\/v2\/comments?post=46527"}],"version-history":[{"count":0,"href":"https:\/\/www.infokuryr.cz\/n\/wp-json\/wp\/v2\/posts\/46527\/revisions"}],"wp:featuredmedia":[{"embeddable":true,"href":"https:\/\/www.infokuryr.cz\/n\/wp-json\/wp\/v2\/media\/46528"}],"wp:attachment":[{"href":"https:\/\/www.infokuryr.cz\/n\/wp-json\/wp\/v2\/media?parent=46527"}],"wp:term":[{"taxonomy":"category","embeddable":true,"href":"https:\/\/www.infokuryr.cz\/n\/wp-json\/wp\/v2\/categories?post=46527"},{"taxonomy":"post_tag","embeddable":true,"href":"https:\/\/www.infokuryr.cz\/n\/wp-json\/wp\/v2\/tags?post=46527"}],"curies":[{"name":"wp","href":"https:\/\/api.w.org\/{rel}","templated":true}]}}