{"id":46515,"date":"2024-02-08T00:39:01","date_gmt":"2024-02-07T23:39:01","guid":{"rendered":"https:\/\/www.infokuryr.cz\/n\/?p=46515"},"modified":"2024-02-07T17:03:25","modified_gmt":"2024-02-07T16:03:25","slug":"nikaragua-zaluje-nemecko-kanadu-velkou-britanii-a-nizozemsko-u-icj-za-genocidu","status":"publish","type":"post","link":"https:\/\/www.infokuryr.cz\/n\/2024\/02\/08\/nikaragua-zaluje-nemecko-kanadu-velkou-britanii-a-nizozemsko-u-icj-za-genocidu\/","title":{"rendered":"Nikaragua \u017ealuje N\u011bmecko, Kanadu, Velkou Brit\u00e1nii a Nizozemsko u ICJ za genocidu"},"content":{"rendered":"<div id=\"fb-root\"><\/div>\n<div class=\"elementor-element elementor-element-1fb4c2c elementor-widget elementor-widget-theme-post-content\" data-id=\"1fb4c2c\" data-element_type=\"widget\" data-widget_type=\"theme-post-content.default\">\n<div class=\"elementor-widget-container\">\n<p><strong>Nikaragua vydala memorandum vyz\u00fdvaj\u00edc\u00ed N\u011bmecko, Brit\u00e1nii, Nizozemsko a Kanadu, aby p\u0159estaly podporovat a dod\u00e1vat zbran\u011b izraelsk\u00fdm okupant\u016fm.<\/strong><\/p>\n<p>Nikaragujsk\u00e1 vl\u00e1da v pond\u011bl\u00ed zah\u00e1jila \u0159\u00edzen\u00ed o \u017ealob\u011b na N\u011bmecko, Brit\u00e1nii, Nizozemsko a Kanadu u Mezin\u00e1rodn\u00edho soudn\u00edho dvora (ICJ) za spolu\u00fa\u010dast na genocid\u011b palestinsk\u00e9ho obyvatelstva v p\u00e1smu Gazy podporou izraelsk\u00e9 okupace dod\u00e1van\u00e9 zbran\u011b a prost\u0159edky k p\u0159eprav\u011b. z tohoto stra\u0161n\u00e9ho zlo\u010dinu.<\/p>\n<p>Nikaragujsk\u00e1 exekutiva vydala ofici\u00e1ln\u00ed prohl\u00e1\u0161en\u00ed, v n\u011bm\u017e upozor\u0148uje vl\u00e1dy v\u00fd\u0161e zm\u00edn\u011bn\u00fdch z\u00e1padn\u00edch mocnost\u00ed na jejich mo\u017enou spolu\u00fa\u010dast na \u201eflagrantn\u00edm a systematick\u00e9m poru\u0161ov\u00e1n\u00ed\u201c \u00damluvy o prevenci a trest\u00e1n\u00ed zlo\u010dinu genocidy a mezin\u00e1rodn\u00edho humanit\u00e1rn\u00edho pr\u00e1va v p\u00e1smu Gazy.<\/p>\n<p>Nikaragua ve sv\u00e9 verb\u00e1ln\u00ed n\u00f3t\u011b vyzvala \u010dty\u0159i st\u00e1ty, aby okam\u017eit\u011b zastavily dod\u00e1vky zbran\u00ed, st\u0159eliva a technologi\u00ed \u201eIzraeli\u201c, proto\u017ee by mohly b\u00fdt pou\u017eity k usnadn\u011bn\u00ed nebo p\u00e1ch\u00e1n\u00ed poru\u0161ov\u00e1n\u00ed \u00damluvy o genocid\u011b v Gaze.<\/p>\n<p>Memorandum zd\u016fraz\u0148uje, \u017ee zem\u011b podporuj\u00edc\u00ed \u201eIzrael\u201c jsou povinny zastavit dod\u00e1vky \u201eIzraeli\u201c, jakmile se dozv\u011bd\u00ed o v\u00e1\u017en\u00e9 hrozb\u011b genocidy.<\/p>\n<p>Memorandum dod\u00e1v\u00e1, \u017ee toho bylo dosa\u017eeno pot\u00e9, co \u201eMezin\u00e1rodn\u00ed soudn\u00ed dv\u016fr vydal 26. ledna prozat\u00edmn\u00ed rozhodnut\u00ed, kter\u00e9 zjistilo, \u017ee Izrael poru\u0161il \u00damluvu o genocid\u011b v Gaze.<\/p>\n<p>Soud uznal pr\u00e1vo Palestinc\u016f v Gaze na ochranu p\u0159ed genocidou a dodal, \u017ee Palestinci jsou chr\u00e1n\u011bnou skupinou podle \u00damluvy o genocid\u011b.<\/p>\n<p>Soud na\u0159\u00eddil \u201eIzraeli\u201c, aby p\u0159ijal ve\u0161ker\u00e1 opat\u0159en\u00ed k zabr\u00e1n\u011bn\u00ed genocid\u011b v Gaze, aby zajistil, \u017ee jeho s\u00edly nesp\u00e1chaj\u00ed genocidu, a aby p\u0159ijal opat\u0159en\u00ed ke zlep\u0161en\u00ed humanit\u00e1rn\u00ed situace.<\/p>\n<p>\u201eIzrael\u201c mus\u00ed do jednoho m\u011bs\u00edce p\u0159edlo\u017eit soudu zpr\u00e1vu s podrobnostmi o jeho kroc\u00edch k proveden\u00ed p\u0159\u00edkazu.\u00a0Mus\u00ed tak\u00e9 p\u0159ijmout opat\u0159en\u00ed k prevenci a potrest\u00e1n\u00ed p\u0159\u00edm\u00e9ho podn\u011bcov\u00e1n\u00ed ke genocid\u011b v souvislosti s v\u00e1lkou v Gaze.<\/p>\n<p>Ji\u017en\u00ed Afrika uv\u00edtala prozat\u00edmn\u00ed soudn\u00ed p\u0159\u00edkaz ud\u011blen\u00fd Mezin\u00e1rodn\u00edm soudn\u00edm dvorem (ICJ) v Haagu v p\u0159\u00edpadu genocidy proti Izraeli jako \u201erozhoduj\u00edc\u00ed v\u00edt\u011bzstv\u00ed\u201c mezin\u00e1rodn\u00edho pr\u00e1vn\u00edho syst\u00e9mu.<\/p>\n<p>Francouzsk\u00fd levicov\u00fd z\u00e1konod\u00e1rce prozat\u00edmn\u00ed opat\u0159en\u00ed uv\u00edtal a rozsudek ozna\u010dil za \u201ehistorick\u00fd\u201c, proto\u017ee \u201ejasn\u011b ukazuje riziko genocidy v p\u00e1smu Gazy\u201c.<\/p>\n<p>Evropsk\u00e1 unie mezit\u00edm zd\u016fraznila, \u017ee o\u010dek\u00e1v\u00e1, \u017ee \u201eIzrael\u201c a Ham\u00e1s budou pln\u011b dodr\u017eovat rozhodnut\u00ed Mezin\u00e1rodn\u00edho soudn\u00edho dvora, a vyzvala izraelskou okupaci, aby zabr\u00e1nila zlo\u010din\u016fm genocidy a ud\u011blala v\u00edce pro ochranu civilist\u016f, ani\u017e by jeden po\u017eadoval p\u0159\u00edm\u011b\u0159\u00ed.<\/p>\n<p>Vyzvala Ham\u00e1s a dal\u0161\u00ed odbojov\u00e9 skupiny, aby okam\u017eit\u011b propustily v\u0161echny v\u011bzn\u011b.<\/p>\n<p>V prohl\u00e1\u0161en\u00ed Evropsk\u00e9 komise se d\u00e1le uv\u00e1d\u00ed, \u017ee p\u0159\u00edkazy ICJ jsou pro strany z\u00e1vazn\u00e9 a mus\u00ed se jimi \u0159\u00eddit.\u00a0Evropsk\u00e1 unie o\u010dek\u00e1v\u00e1 jej\u00ed \u00fapln\u00e9, okam\u017eit\u00e9 a \u00fa\u010dinn\u00e9 proveden\u00ed.<\/p>\n<p>Belgick\u00e1 vl\u00e1da ze sv\u00e9 strany vyzvala \u201eIzrael\u201c, aby \u201epln\u011b provedl\u201c rozhodnut\u00ed soudu.<\/p>\n<p>\u201eBelgie bere na v\u011bdom\u00ed rozhodnut\u00ed Mezin\u00e1rodn\u00edho soudn\u00edho dvora o \u017e\u00e1dosti o p\u0159edb\u011b\u017en\u00e1 opat\u0159en\u00ed.\u00a0Vyz\u00fdv\u00e1me Izrael, aby pln\u011b provedl prozat\u00edmn\u00ed opat\u0159en\u00ed soudn\u00edho p\u0159\u00edkazu,\u201c uvedl premi\u00e9r Alexander De Croo v prohl\u00e1\u0161en\u00ed na X.<\/p>\n<p>De Croo uvedl, \u017ee Belgie bude i nad\u00e1le \u201epe\u010dliv\u011b sledovat\u201c \u0159\u00edzen\u00ed p\u0159ed ICJ.<\/p>\n<p>\u201eMezit\u00edm vyz\u00fdv\u00e1me v\u0161echny strany konfliktu v p\u00e1smu Gazy, aby dodr\u017eovaly okam\u017eit\u00e9 p\u0159\u00edm\u011b\u0159\u00ed, respektovaly mezin\u00e1rodn\u00ed humanit\u00e1rn\u00ed pr\u00e1vo a zajistily trval\u00fd a neomezen\u00fd p\u0159\u00edstup pro humanit\u00e1rn\u00ed pomoc, okam\u017eit\u011b a bezpodm\u00edne\u010dn\u011b propustily v\u0161echny rukojm\u00ed a usilovaly o vytvo\u0159en\u00ed dvou st\u00e1t\u016f. \u0159e\u0161en\u00ed,\u201c dodal.<\/p>\n<p>Belgick\u00fd ministr zahrani\u010d\u00ed Hadja Lahbib \u0159ekl na X: \u201eV ka\u017ed\u00e9m konfliktu existuj\u00ed pravidla.\u00a0Mezin\u00e1rodn\u00ed pr\u00e1vo mus\u00ed b\u00fdt respektov\u00e1no.<\/p>\n<p>\u201eBelgie podporuje soud a vyz\u00fdv\u00e1 k pln\u00e9 implementaci jeho prozat\u00edmn\u00edch opat\u0159en\u00ed,\u201c dodala.<\/p>\n<p>Belgick\u00e1 ministryn\u011b pro rozvojovou spolupr\u00e1ci Caroline Gennezov\u00e1 rozhodnut\u00ed soudu p\u0159iv\u00edtala a vyzvala Izrael, aby v p\u00e1smu Gazy povolil \u201eneru\u0161enou humanit\u00e1rn\u00ed pomoc\u201c.<\/p>\n<p>&#8222;Pou\u017eit\u00ed hladu jako zbran\u011b je v\u00e1le\u010dn\u00fd zlo\u010din,&#8220; zd\u016fraznila.<\/p>\n<\/div>\n<\/div>\n<div class=\"elementor-element elementor-element-8c57238 quelle dc-has-condition dc-condition-empty elementor-widget elementor-widget-heading\" data-id=\"8c57238\" data-element_type=\"widget\" data-widget_type=\"heading.default\">\n<div class=\"elementor-widget-container\">\n<h3 class=\"elementor-heading-title elementor-size-default\"><span style=\"font-size: 10pt;\"><a href=\"https:\/\/english.almayadeen.net\/news\/politics\/nicaragua-taking-germany--canada--uk--netherlands-to-icj-for\" target=\"_blank\" rel=\"nofollow noopener\">ZDROJ<\/a><\/span><\/h3>\n<\/div>\n<p>&nbsp;<\/p>\n<\/div>\n","protected":false},"excerpt":{"rendered":"<p>Nikaragua vydala memorandum vyz\u00fdvaj\u00edc\u00ed N\u011bmecko, Brit\u00e1nii, Nizozemsko a Kanadu, aby p\u0159estaly podporovat a dod\u00e1vat zbran\u011b&#8230;<\/p>\n","protected":false},"author":2,"featured_media":43155,"comment_status":"closed","ping_status":"closed","sticky":false,"template":"","format":"standard","meta":[],"categories":[7],"tags":[178,700,1562,422],"_links":{"self":[{"href":"https:\/\/www.infokuryr.cz\/n\/wp-json\/wp\/v2\/posts\/46515"}],"collection":[{"href":"https:\/\/www.infokuryr.cz\/n\/wp-json\/wp\/v2\/posts"}],"about":[{"href":"https:\/\/www.infokuryr.cz\/n\/wp-json\/wp\/v2\/types\/post"}],"author":[{"embeddable":true,"href":"https:\/\/www.infokuryr.cz\/n\/wp-json\/wp\/v2\/users\/2"}],"replies":[{"embeddable":true,"href":"https:\/\/www.infokuryr.cz\/n\/wp-json\/wp\/v2\/comments?post=46515"}],"version-history":[{"count":0,"href":"https:\/\/www.infokuryr.cz\/n\/wp-json\/wp\/v2\/posts\/46515\/revisions"}],"wp:featuredmedia":[{"embeddable":true,"href":"https:\/\/www.infokuryr.cz\/n\/wp-json\/wp\/v2\/media\/43155"}],"wp:attachment":[{"href":"https:\/\/www.infokuryr.cz\/n\/wp-json\/wp\/v2\/media?parent=46515"}],"wp:term":[{"taxonomy":"category","embeddable":true,"href":"https:\/\/www.infokuryr.cz\/n\/wp-json\/wp\/v2\/categories?post=46515"},{"taxonomy":"post_tag","embeddable":true,"href":"https:\/\/www.infokuryr.cz\/n\/wp-json\/wp\/v2\/tags?post=46515"}],"curies":[{"name":"wp","href":"https:\/\/api.w.org\/{rel}","templated":true}]}}