{"id":46481,"date":"2024-02-07T05:07:50","date_gmt":"2024-02-07T04:07:50","guid":{"rendered":"https:\/\/www.infokuryr.cz\/n\/?p=46481"},"modified":"2024-02-07T05:07:50","modified_gmt":"2024-02-07T04:07:50","slug":"scott-ritter-jak-cecensky-zazrak-odstartoval-ruskou-cestu-vykoupeni","status":"publish","type":"post","link":"https:\/\/www.infokuryr.cz\/n\/2024\/02\/07\/scott-ritter-jak-cecensky-zazrak-odstartoval-ruskou-cestu-vykoupeni\/","title":{"rendered":"Scott Ritter: Jak \u010de\u010densk\u00fd z\u00e1zrak odstartoval ruskou \u201ecestu vykoupen\u00ed\u201c?"},"content":{"rendered":"<div id=\"fb-root\"><\/div>\n<section class=\"perex\">P\u0159i sv\u00e9 ned\u00e1vn\u00e9 n\u00e1v\u0161t\u011bv\u011b jsem se setkal s lidmi, kte\u0159\u00ed kdysi vedli urputnou v\u00e1lku proti Moskv\u011b, ale nyn\u00ed jsou nejzu\u0159iv\u011bj\u0161\u00edmi obr\u00e1nci zem\u011b<\/p>\n<p>B\u011bhem 24 dn\u00ed \u2013 od 28. prosince do 20. ledna \u2013 jsem m\u011bl mo\u017enost poznat pam\u00e1tky a zvuky Moskvy a Petrohradu, kdy\u017e tato dv\u011b m\u011bsta slavila Nov\u00fd rok i rusk\u00e9 pravoslavn\u00e9 V\u00e1noce (tak\u00e9 jsem za\u017eil mrazivou ruskou zimu, co\u017e k tomu velmi pat\u0159ilo!).<\/p>\n<\/section>\n<section class=\"clanek-obsah\">\n<div class=\"karta-r\">\n<figure><img decoding=\"async\" loading=\"lazy\" class=\"alignleft\" src=\"https:\/\/zvedavec.news\/images\/24\/jak-cecenynsky-zazrak.webp\" alt=\"[...]\" width=\"419\" height=\"236\" \/><\/figure>\n<\/div>\n<p>Sv\u016fj zimn\u00ed pobyt v Rusku jsem vn\u00edmal jako pokra\u010dov\u00e1n\u00ed cesty, kterou jsem zapo\u010dal v kv\u011btnu 2023, kdy jsem se vydal na misi sna\u017e\u00edc\u00ed se odhalit podstatu t\u00e9to zem\u011b tak, aby ji bylo mo\u017en\u00e9 p\u0159ibl\u00ed\u017eit m\u00fdm americk\u00fdm spoluob\u010dan\u016fm jako jak\u00fdsi protijed proti jedu rusofobie. Kombinace z\u00e1\u017eitk\u016f z pozorov\u00e1n\u00ed \u0161t\u011bdrove\u010dern\u00ed bohoslu\u017eby, kterou vedl patriarcha rusk\u00e9 pravoslavn\u00e9 c\u00edrkve Kirill v katedr\u00e1le Krista Spasitele v centru Moskvy, a sledov\u00e1n\u00ed Lousk\u00e1\u010dka Pjotra \u010cajkovsk\u00e9ho v p\u0159\u00edm\u00e9m p\u0159enosu ve slavn\u00e9m petrohradsk\u00e9m Michajlovsk\u00e9m divadle na \u0160t\u011bdr\u00fd den 7. ledna mi pomohla upevnit si p\u0159edstavu o v\u00fdznamu rodiny a kultury v \u017eivot\u011b rusk\u00e9ho lidu.<\/p>\n<p>Odvahu Ruska v\u0161ak nelze m\u011b\u0159it pouze jeho spole\u010densk\u00fdmi a kulturn\u00edmi \u00fasp\u011bchy. Skute\u010dn\u00e1 zkou\u0161ka n\u00e1roda p\u0159ich\u00e1z\u00ed teprve tehdy, kdy\u017e jsou ohro\u017eeny z\u00e1klady jeho spole\u010dnosti a n\u00e1rod je vyzv\u00e1n, aby se semknul ke kolektivn\u00ed obran\u011b. Uprost\u0159ed v\u0161ech sv\u00e1te\u010dn\u00edch oslav a fanf\u00e1r, kter\u00fdch jsem byl sv\u011bdkem, se skr\u00fdvala realita, \u017ee Rusko je do zna\u010dn\u00e9 m\u00edry n\u00e1rodem ve v\u00e1lce. Tato v\u00e1lka byla v my\u0161len\u00ed lid\u00ed, s nimi\u017e jsem se setkal, definov\u00e1na ani ne tak jako rusko-ukrajinsk\u00fd konflikt, ale jako existen\u010dn\u00ed boj mezi Ruskem a kolektivn\u00edm Z\u00e1padem \u2013 v \u010dele s USA -, v n\u011bm\u017e je Ukrajina vyu\u017e\u00edv\u00e1na jako prost\u0159edn\u00edk.<\/p>\n<p>Nepochybujme o tom, \u017ee v\u0161ichni, s nimi\u017e jsem o tomto konfliktu mluvil, byli unaven\u00ed. P\u0159\u00e1li si, aby boje skon\u010dily a aby mohli \u017e\u00edt d\u00e1l. Ale stejn\u011b tak byli v\u0161ichni jednotn\u00ed v p\u0159esv\u011bd\u010den\u00ed, \u017ee v\u00e1lka m\u016f\u017ee skon\u010dit pouze rusk\u00fdm v\u00edt\u011bzstv\u00edm, kter\u00e9 jednou prov\u017edy vy\u0159e\u0161\u00ed ot\u00e1zky, je\u017e jsou z\u00e1kladem sou\u010dasn\u00e9ho konfliktu \u2013 zablokov\u00e1n\u00ed expanze NATO na Ukrajinu, eliminace ukrajinsk\u00fdch ozbrojen\u00fdch sil, kter\u00e9 se staly faktick\u00fdm prodlou\u017een\u00edm vojensk\u00e9 moci NATO, a vyhlazen\u00ed ohavn\u00e9 ideologie ukrajinsk\u00e9ho ultranacionalismu, jak ji definuje odkaz Stepana Bandery a Organizace ukrajinsk\u00fdch nacionalist\u016f.<\/p>\n<p>Rusov\u00e9, s nimi\u017e jsem hovo\u0159il, do jednoho trvali na tom, \u017ee \u010das kompromis\u016f ji\u017e d\u00e1vno pominul a \u017ee vzhledem k dosavadn\u00edm investic\u00edm krve a poklad\u016f, kter\u00e9 Moskva vynalo\u017eila, neexistuje alternativa k rozhodn\u00e9mu v\u00edt\u011bzstv\u00ed. Ano, rusk\u00fd lid je unaven\u00fd, ale tak\u00e9 ch\u00e1pe, \u017ee v\u00e1lka je nutn\u00e9 zlo, kter\u00e9 je t\u0159eba vydr\u017eet a\u017e do kone\u010dn\u00e9ho komplexn\u00edho v\u00edt\u011bzstv\u00ed, m\u00e1-li v\u016fbec existovat \u0161ance na trval\u00fd m\u00edr. Povahu rusk\u00e9ho lidu jsem m\u011bl mo\u017enost nahl\u00e9dnout b\u011bhem t\u011bch \u010d\u00e1st\u00ed sv\u00e9ho pobytu v Rusku, kter\u00e9 m\u011b zavedly mimo dv\u011b nejv\u011bt\u0161\u00ed metropole a na jih zem\u011b \u2013 do oblasti, kterou jsem si zvykl naz\u00fdvat \u201eruskou cestou vykoupen\u00ed\u201c \u2013 \u010ce\u010densko, Krym, Cherson, Z\u00e1poro\u017e\u00ed, Don\u011bck a Lugansk.<\/p>\n<p>Vykoupen\u00ed je \u010dinnost, p\u0159i n\u00ed\u017e doch\u00e1z\u00ed k z\u00e1chran\u011b nebo z\u00e1chran\u011b od h\u0159\u00edchu, omylu nebo zla. V p\u0159\u00edpad\u011b konfliktu Ruska s Kyjevem hraje v\u0161ech \u0161est jmenovan\u00fdch \u00fazem\u00ed roli, kter\u00e1 p\u0159esn\u011b odpov\u00edd\u00e1 t\u00e9to definici. Z nich vynik\u00e1 \u010ce\u010densko, kter\u00e9 nem\u00e1 s Ukrajinou \u017e\u00e1dnou geografickou, historickou, etickou, n\u00e1bo\u017eenskou ani politickou souvislost. A p\u0159esto pr\u00e1v\u011b \u010ce\u010denskem za\u010d\u00edn\u00e1 rusk\u00e1 cesta vykoupen\u00ed.<\/p>\n<p>Bylo d\u011bji\u0161t\u011bm dvou krvav\u00fdch v\u00e1lek mezi Moskvou a separatisty, kter\u00e9 prob\u00edhaly od roku 1994 do po\u010d\u00e1tku roku 2000 (posledn\u00ed protipartyz\u00e1nsk\u00e9 operace skon\u010dily v roce 2009) a p\u0159i nich\u017e zahynuly desetitis\u00edce lid\u00ed. Boje, kter\u00e9 zde prob\u00edhaly, byly krvav\u00e9 a nel\u00edtostn\u00e9; ani jedna ze stran nem\u011bla slitov\u00e1n\u00ed. V roce 2002 bylo hlavn\u00ed m\u011bsto \u010ce\u010denska Groznyj zcela srovn\u00e1no se zem\u00ed.<\/p>\n<p>Z\u00e1\u0161\u0165 a ho\u0159kost, kter\u00e9 vyvolal konflikt, v n\u011bm\u017e do\u0161lo k tolika n\u00e1silnostem mezi lidmi s odli\u0161n\u00fdm n\u00e1bo\u017eenstv\u00edm, kulturou a jazykem, zp\u016fsobily, \u017ee p\u0159edstava usm\u00ed\u0159en\u00ed byla t\u00e9m\u011b\u0159 nep\u0159edstaviteln\u00e1. K tomu se p\u0159id\u00e1vala skute\u010dnost, \u017ee \u010ce\u010denci maj\u00ed za sebou historii, kter\u00e1 je p\u0159edur\u010dovala k p\u0159edsudk\u016fm a odporu v\u016f\u010di Rus\u016fm, a to i bez hr\u016fz obou v\u00e1lek. B\u011bhem vyhn\u00e1n\u00ed \u010ce\u010denc\u016f sov\u011btskou vl\u00e1dou Josefa Stalina za druh\u00e9 sv\u011btov\u00e9 v\u00e1lky bylo t\u00e9m\u011b\u0159 610 000 \u010ce\u010denc\u016f a Ingu\u0161\u016f n\u00e1siln\u011b vyst\u011bhov\u00e1no ze sv\u00fdch domov\u016f a p\u0159es\u00eddleno do St\u0159edn\u00ed Asie, kde t\u00e9m\u011b\u0159 \u010dtvrtina z nich kv\u016fli \u0161patn\u00fdm podm\u00ednk\u00e1m zem\u0159ela. P\u0159e\u017eiv\u0161\u00ed se mohli do sv\u00e9 vlasti vr\u00e1tit v roce 1957 po reform\u00e1ch Nikity Chru\u0161\u010dova. Odpor vyvolan\u00fd l\u00e9ty utrpen\u00ed se v\u0161ak p\u0159en\u00e1\u0161el na dal\u0161\u00ed generace.<\/p>\n<p>A p\u0159esto, navzdory ve\u0161ker\u00e9 negativn\u00ed energii, kterou tragick\u00e1 historie rusko-\u010de\u010densk\u00fdch vztah\u016f vyvolala, na\u0161ly oba n\u00e1rody cestu k m\u00edru a prosperit\u011b. N\u00e1v\u0161t\u011bvn\u00edka Grozn\u00e9ho dnes p\u0159iv\u00edt\u00e1 m\u011bsto, kter\u00e9 bylo kompletn\u011b obnoveno z trosek, m\u00edsto, kde vedle sebe \u017eij\u00ed Rusov\u00e9 a \u010ce\u010denci v m\u00edru, respektuj\u00edce sv\u00e9 jazykov\u00e9, kulturn\u00ed a n\u00e1bo\u017eensk\u00e9 rozd\u00edly. Tuto prom\u011bnu naz\u00fdv\u00e1m \u201e\u010de\u010densk\u00fdm z\u00e1zrakem\u201c, a p\u0159esto s n\u00ed bo\u017esk\u00fd z\u00e1sah nem\u00e1 nic spole\u010dn\u00e9ho. M\u00edsto toho byl \u010de\u010densk\u00fd a rusk\u00fd lid po\u017eehn\u00e1n veden\u00edm dvou pozoruhodn\u00fdch mu\u017e\u016f \u2013 rusk\u00e9ho prezidenta Vladimira Putina a hlavn\u00edho muft\u00edho (n\u00e1bo\u017eensk\u00e9ho v\u016fdce) \u010ce\u010densk\u00e9 republiky I\u010dkerija Achmada Kadyrova \u2013 kte\u0159\u00ed si uv\u011bdomili, \u017ee pokra\u010duj\u00edc\u00ed n\u00e1sil\u00ed by lidem, jim\u017e maj\u00ed slou\u017eit, jen ubl\u00ed\u017eilo a \u017ee nejlep\u0161\u00ed \u0161anc\u00ed na m\u00edr je, aby si ti dva sedli a promluvili si ve snaze naj\u00edt cestu k m\u00edru.<\/p>\n<p>To se jim poda\u0159ilo.<\/p>\n<p>Dnes je mo\u017en\u00e9 po cel\u00e9 \u010ce\u010densk\u00e9 republice vid\u011bt vedle sebe podobizny Vladimira Putina a Achmada Kadyrova jako uzn\u00e1n\u00ed role, kterou oba mu\u017ei sehr\u00e1li p\u0159i p\u0159ekon\u00e1v\u00e1n\u00ed historie n\u00e1sil\u00ed, ned\u016fv\u011bry a z\u00e1\u0161ti, je\u017e ur\u010dovaly jejich vztahy, a p\u0159i hled\u00e1n\u00ed nov\u00e9 cesty vp\u0159ed, kter\u00e1 se \u0159\u00edd\u00ed p\u0159edstavou vz\u00e1jemn\u00e9ho respektu a spole\u010dn\u00e9 prosperity. \u00dasp\u011bch jejich spole\u010dn\u00e9 pr\u00e1ce se projevuje v tom, \u017ee a\u010dkoli si dnes \u010ce\u010denci zachov\u00e1vaj\u00ed svou osobitou identitu, kter\u00e1 je z velk\u00e9 \u010d\u00e1sti definov\u00e1na muslimskou v\u00edrou, do zna\u010dn\u00e9 m\u00edry se pova\u017euj\u00ed za sou\u010d\u00e1st Rusk\u00e9 federace, co\u017e bylo v 90. letech, kdy bojovali za nez\u00e1vislost na Rusku, nemysliteln\u00e9.<\/p>\n<p>B\u011bhem pobytu v \u010ce\u010densku jsem m\u011bl mo\u017enost setkat se s n\u011bkolika v\u00fdznamn\u00fdmi \u010de\u010densk\u00fdmi osobnostmi, v\u010detn\u011b b\u00fdval\u00e9ho n\u00e1m\u011bstka ministra vnitra Aptiho Alaudinova, poslance St\u00e1tn\u00ed dumy Adama Delimchanova, p\u0159edsedy \u010de\u010densk\u00e9ho republikov\u00e9ho parlamentu Magomeda Daudova a hlavy \u010ce\u010densk\u00e9 republiky Ramzana Kadyrova. V\u0161ichni tito \u010dty\u0159i lid\u00e9 m\u011bli spole\u010dn\u00e9 to, \u017ee se n\u011bkdy v \u017eivot\u011b postavili se zbran\u00ed v ruce proti Rusku. Spojovalo je v\u0161ak tak\u00e9 to, \u017ee si v ur\u010dit\u00e9m okam\u017eiku odporu proti Rusku b\u011bhem druh\u00e9 \u010de\u010densk\u00e9 v\u00e1lky uv\u011bdomili, \u017ee se v\u011bci nez\u00e1visl\u00e9 \u010ce\u010densk\u00e9 republiky zmocnili zahrani\u010dn\u00ed d\u017eih\u00e1dist\u00e9, jejich\u017e v\u00e1\u0161e\u0148 pro n\u00e1sil\u00ed nahradila jakoukoli logickou p\u0159edstavu o \u010de\u010densk\u00e9m nacionalismu a m\u00edsto toho vytvo\u0159ila podm\u00ednky, v nich\u017e hroz\u00ed, \u017ee pokra\u010duj\u00edc\u00ed konflikt pohlt\u00ed \u010de\u010densk\u00fd n\u00e1rod.<\/p>\n<p>\u201eSami jsme byli sv\u011bdky toho, jak se n\u00e1s vn\u011bj\u0161\u00ed strany sna\u017eily nakazit svou ciz\u00ed ideologi\u00ed, aby podpo\u0159ily sv\u016fj v\u011bt\u0161\u00ed boj proti Rusku,\u201c bylo mi \u0159e\u010deno. \u201eNakonec jsme si uv\u011bdomili, \u017ee nejlep\u0161\u00ed zp\u016fsob, jak se ochr\u00e1nit p\u0159ed zni\u010den\u00edm t\u011bmito ciz\u00edmi agenty, je spojit se s Ruskem. P\u0159itom jsme zjistili, \u017ee Rusov\u00e9 sd\u00edlej\u00ed na\u0161i touhu \u017e\u00edt v m\u00edru, bez vn\u011bj\u0161\u00ed manipulace. Proto jsme si boj po boku Ruska ve speci\u00e1ln\u00ed vojensk\u00e9 operaci stanovili jako prioritu. V banderovsk\u00fdch sil\u00e1ch na Ukrajin\u011b vid\u00edme stejn\u00e9 zlo, jak\u00e9 jsme vid\u011bli v zahrani\u010dn\u00edch d\u017eih\u00e1distech, kte\u0159\u00ed p\u0159i\u0161li bojovat do \u010ce\u010denska. Spolupracovali jsme s Ruskem na zni\u010den\u00ed tohoto zla ji\u017e na po\u010d\u00e1tku roku 2000 a dnes spolupracujeme s na\u0161imi rusk\u00fdmi bratry na zni\u010den\u00ed stejn\u00e9ho zla, kter\u00e9 se projevilo na Ukrajin\u011b.\u201c<\/p>\n<p>\u010ciny mluv\u00ed hlasit\u011bji ne\u017e slova. Daudov byl zodpov\u011bdn\u00fd za organizaci, v\u00fdcvik a vys\u00edl\u00e1n\u00ed formac\u00ed \u010de\u010densk\u00fdch bojovn\u00edk\u016f na Donbas, kde hr\u00e1li hlavn\u00ed roli p\u0159i osvobozov\u00e1n\u00ed Luganska, obl\u00e9h\u00e1n\u00ed Mariupolu a v t\u011b\u017ek\u00fdch boj\u00edch, kter\u00e9 prob\u00edhaly v Z\u00e1poro\u017e\u00ed a Don\u011bcku. Delemchanov velel \u010de\u010densk\u00fdm sil\u00e1m v Mariupolu a Alaudinov byl pov\u011b\u0159en velen\u00edm spole\u010dn\u00fdch rusko-\u010de\u010densk\u00fdch sil v Lugansku, kde odvaha a nasazen\u00ed \u010de\u010densk\u00fdch voj\u00e1k\u016f sehr\u00e1ly v\u00fdznamnou roli v rusk\u00fdch v\u00edt\u011bzstv\u00edch na boji\u0161ti. V rozhovorech p\u0159i ob\u011bd\u011b Ramzan Kadyrov zd\u016fraznil p\u0159\u00edb\u011bh, kter\u00fd popsal ka\u017ed\u00fd z t\u011bchto \u010de\u010densk\u00fdch v\u016fdc\u016f \u2013 \u017ee \u010ce\u010denci se pova\u017euj\u00ed za sou\u010d\u00e1st rusk\u00e9ho n\u00e1roda a ochotn\u011b se ob\u011btuj\u00ed p\u0159i obran\u011b Ruska. A jako by to cht\u011bl zd\u016fraznit, Ramzan Kadyrov m\u011b po ob\u011bd\u011b pozval, abych se k n\u011bmu p\u0159ipojil na p\u00f3diu, kdy\u017e promlouval k 25tis\u00edcov\u00e9 pos\u00e1dce v Grozn\u00e9m o konfliktu na Ukrajin\u011b.<\/p>\n<p>Kdyby n\u011bkdo v roce 2002 navrhl, \u017ee v nedalek\u00e9 budoucnosti nastane doba, kdy se v Grozn\u00e9m shrom\u00e1\u017ed\u00ed 25 000 \u010de\u010densk\u00fdch bojovn\u00edk\u016f, kte\u0159\u00ed nebudou bojovat proti Rus\u016fm, ale budou bojovat po boku Rus\u016f proti spole\u010dn\u00e9mu nep\u0159\u00edteli, byl by odm\u00edtnut jako blouznivec. A p\u0159esto jsem byl osobn\u00edm sv\u011bdkem pr\u00e1v\u011b tohoto jevu, kdy\u017e jsem v \u00fa\u017easu sledoval, jak Ramzan Kadyrov nab\u00e1d\u00e1 tyto t\u011b\u017ece vyzbrojen\u00e9 mu\u017ee, aby bojovali za pam\u00e1tku sv\u00e9ho otce, za svou v\u00edru a za v\u011bc velk\u00e9ho Ruska.<\/p>\n<div class=\"karta\">\n<figure><iframe loading=\"lazy\" src=\"https:\/\/www.youtube-nocookie.com\/embed\/CGXvyoKipGw\" width=\"560\" height=\"315\" frameborder=\"0\" allowfullscreen=\"allowfullscreen\" data-mce-fragment=\"1\"><\/iframe><\/figure>\n<\/div>\n<div class=\"podcarou\">\n<p><a href=\"https:\/\/informationclearinghouse.blog\/2024\/02\/05\/scott-ritter-how-the-chechen-miracle-kick-started-the-russian-path-of-redemption\/14\/\" target=\"_blank\" rel=\"external noopener\">How the Chechen miracle kick-started the Russian \u2018Path of Redemption\u2019<\/a> vy\u0161el 5.2.2024 na ICH. P\u0159eklad\u00a0<a href=\"https:\/\/zvedavec.news\/komentare\/2024\/02\/9966-jak-cecensky-zazrak-odstartoval-ruskou-cestu-vykoupeni.htm\">Zvedavec.org<br \/>\n<\/a><\/p>\n<p>&nbsp;<\/p>\n<\/div>\n<\/section>\n","protected":false},"excerpt":{"rendered":"<p>P\u0159i sv\u00e9 ned\u00e1vn\u00e9 n\u00e1v\u0161t\u011bv\u011b jsem se setkal s lidmi, kte\u0159\u00ed kdysi vedli urputnou v\u00e1lku proti&#8230;<\/p>\n","protected":false},"author":2,"featured_media":30887,"comment_status":"closed","ping_status":"closed","sticky":false,"template":"","format":"standard","meta":[],"categories":[7],"tags":[1949,1948,22,889],"_links":{"self":[{"href":"https:\/\/www.infokuryr.cz\/n\/wp-json\/wp\/v2\/posts\/46481"}],"collection":[{"href":"https:\/\/www.infokuryr.cz\/n\/wp-json\/wp\/v2\/posts"}],"about":[{"href":"https:\/\/www.infokuryr.cz\/n\/wp-json\/wp\/v2\/types\/post"}],"author":[{"embeddable":true,"href":"https:\/\/www.infokuryr.cz\/n\/wp-json\/wp\/v2\/users\/2"}],"replies":[{"embeddable":true,"href":"https:\/\/www.infokuryr.cz\/n\/wp-json\/wp\/v2\/comments?post=46481"}],"version-history":[{"count":0,"href":"https:\/\/www.infokuryr.cz\/n\/wp-json\/wp\/v2\/posts\/46481\/revisions"}],"wp:featuredmedia":[{"embeddable":true,"href":"https:\/\/www.infokuryr.cz\/n\/wp-json\/wp\/v2\/media\/30887"}],"wp:attachment":[{"href":"https:\/\/www.infokuryr.cz\/n\/wp-json\/wp\/v2\/media?parent=46481"}],"wp:term":[{"taxonomy":"category","embeddable":true,"href":"https:\/\/www.infokuryr.cz\/n\/wp-json\/wp\/v2\/categories?post=46481"},{"taxonomy":"post_tag","embeddable":true,"href":"https:\/\/www.infokuryr.cz\/n\/wp-json\/wp\/v2\/tags?post=46481"}],"curies":[{"name":"wp","href":"https:\/\/api.w.org\/{rel}","templated":true}]}}