{"id":46475,"date":"2024-02-07T00:47:24","date_gmt":"2024-02-06T23:47:24","guid":{"rendered":"https:\/\/www.infokuryr.cz\/n\/?p=46475"},"modified":"2024-02-07T05:01:40","modified_gmt":"2024-02-07T04:01:40","slug":"globalisticka-deviatura-pred-ocima-skolaku-zs-tancovali-nazi-herci-pudrovy-tanec","status":"publish","type":"post","link":"https:\/\/www.infokuryr.cz\/n\/2024\/02\/07\/globalisticka-deviatura-pred-ocima-skolaku-zs-tancovali-nazi-herci-pudrovy-tanec\/","title":{"rendered":"Globalistick\u00e1 deviatura: P\u0159ed o\u010dima \u0161kol\u00e1k\u016f Z\u0160 tancovali naz\u00ed herci \u201cpudrov\u00fd tanec\u201d"},"content":{"rendered":"<div id=\"fb-root\"><\/div>\n<h4>Globalistick\u00e1 deviatura: P\u0159ed o\u010dima \u0161kol\u00e1k\u016f Z\u0160 tancovali naz\u00ed herci \u201cpudrov\u00fd tanec\u201d b\u011bhem slavnostn\u00edho ceremoni\u00e1lu otev\u0159en\u00ed Evropsk\u00e9ho hlavn\u00edho m\u011bsta kultury v Bad Ischlu v Horn\u00edm Rakousku! Globalist\u00e9 zobrazili v\u00fdjev ze Satansk\u00e9 Bible z obrazu \u201cPandemonium\u201d po v\u00edt\u011bzstv\u00ed Lucifera na Zemi, kter\u00fd donut\u00ed p\u0159e\u017eiv\u0161\u00ed lidi posypat se popelem sp\u00e1len\u00fdch lid\u00ed z padl\u00fdch n\u00e1rod\u016f!<\/h4>\n<p>U\u017e nen\u00ed pochyb o tom, \u017ee globalistick\u00e1 hyena se nezastav\u00ed p\u0159ed ni\u010d\u00edm, proto\u017ee rok 2024 je v okultn\u00ed rovin\u011b rokem zlomu a p\u0159erodu. Nemaj\u00ed u\u017e co skr\u00fdvat a tajit, tak\u017ee n\u00e1s v\u016fbec nep\u0159ekvapuje, co se odehr\u00e1lo v sobotu 20. ledna v l\u00e1ze\u0148sk\u00e9m m\u011bst\u011b Bad Ischl v Horn\u00edm Rakousku. Prob\u011bhlo tam slavnostn\u00ed otev\u0159en\u00ed Evropsk\u00e9ho hlavn\u00edho m\u011bsta kultury pro rok 2024, kter\u00fdm byl zvolen pr\u00e1v\u011b Bad Ischl\u00a0<strong>[<a href=\"https:\/\/href.li\/?https:\/\/www.kurzy.cz\/zpravy\/754982-bad-ischl-evropskym-hlavnim-mestem-kultury-na-rok-2024\/\" target=\"_blank\" rel=\"nofollow noopener\">1<\/a>]<\/strong>. Ve m\u011bst\u011b sv\u00e9ho \u010dasu pob\u00fdval i Wolfgang Amadeus Mozart, tak\u017ee se dalo p\u0159edpokl\u00e1dat, \u017ee ceremoni\u00e1l se ponese v klasick\u00e9m komorn\u00edm a d\u016fstojn\u00e9m duchu, jak by se na hlavn\u00ed m\u011bsto kultury slu\u0161elo a pat\u0159ilo.<\/p>\n<figure id=\"attachment_58525\" class=\"wp-caption aligncenter\" style=\"width: 696px;\"><a href=\"https:\/\/aeronet.news\/wp-content\/uploads\/BadIschlPowderKids.jpg\"><img decoding=\"async\" loading=\"lazy\" class=\"wp-image-58525 \" src=\"https:\/\/aeronet.news\/wp-content\/uploads\/BadIschlPowderKids-1024x576.jpg\" sizes=\"(max-width: 700px) 100vw, 700px\" srcset=\"https:\/\/aeronet.news\/wp-content\/uploads\/BadIschlPowderKids-1024x576.jpg 1024w, https:\/\/aeronet.news\/wp-content\/uploads\/BadIschlPowderKids-300x169.jpg 300w, https:\/\/aeronet.news\/wp-content\/uploads\/BadIschlPowderKids-768x432.jpg 768w, https:\/\/aeronet.news\/wp-content\/uploads\/BadIschlPowderKids-700x394.jpg 700w, https:\/\/aeronet.news\/wp-content\/uploads\/BadIschlPowderKids-635x357.jpg 635w, https:\/\/aeronet.news\/wp-content\/uploads\/BadIschlPowderKids-859x483.jpg 859w, https:\/\/aeronet.news\/wp-content\/uploads\/BadIschlPowderKids.jpg 1280w\" alt=\"\" width=\"696\" height=\"392\" \/><\/a><figcaption class=\"wp-caption-text\">Rakousk\u00e9 d\u011bti p\u0159i\u0161ly s rodi\u010di na ceremoni\u00e1l a netu\u0161ily, co je \u010dek\u00e1 na vlastn\u00ed o\u010di<\/figcaption><\/figure>\n<p>Jen\u017ee, to bychom nesm\u011bli \u017e\u00edt v roce 2024 v Evropsk\u00e9 unii, kde globalistick\u00e1 bestie se sna\u017e\u00ed zohavit a zdegenerovat evropsk\u00e9 n\u00e1rody, zprznit jejich nejmen\u0161\u00ed d\u011bti, zvr\u00e1tit jejich mor\u00e1lku, zk\u0159ivit charaktery, prost\u011b zkazit a zni\u010dit n\u00e1rody stejn\u011b, jako se Satan podle Bible sna\u017e\u00ed o tot\u00e9\u017e. Nep\u0159ipad\u00e1 v\u00e1m to jako zvl\u00e1\u0161tn\u00ed shoda n\u00e1hod?<\/p>\n<p><strong>Odpornosti a deviace proti Bohu a Kristu jsou toti\u017e znamen\u00edm pr\u00e1ce Satana, resp. nemus\u00ed to b\u00fdt jeho pr\u00e1ce, ale pr\u00e1ce jeho slu\u017eebn\u00edk\u016f a \u00faslu\u017en\u00edk\u016f, tzv.\u00a0<em>servant\u016f<\/em>.<\/strong>\u00a0Naprosto neuv\u011b\u0159\u00edte, k \u010demu do\u0161lo na tom ceremoni\u00e1lu. Kdy\u017e jsme do redakce dostali upozorn\u011bn\u00ed na tuto ud\u00e1lost, mysleli jsme nejprve, \u017ee jde o\u00a0<em>deep fake<\/em>, \u017ee n\u011bco takov\u00e9ho by p\u0159ece nebylo mo\u017en\u00e9. Jen\u017ee, nen\u00ed to podvrh.<\/p>\n<h6><span style=\"font-size: 18pt;\">VIDEO: Pudrov\u00fd tanec po v\u00edt\u011bzstv\u00ed Lucifera na Zemi<\/span><\/h6>\n<p>B\u011bhem slavnostn\u00edho zah\u00e1jen\u00ed na p\u00f3diu vystoupila um\u011bleck\u00e1 skupina, kter\u00e1 byla \u00fapln\u011b nah\u00e1. Na kauzu jako prvn\u00ed na sv\u00e9m webu\u00a0<strong>[<a href=\"https:\/\/href.li\/?https:\/\/www.mfg-oe.at\/kulturhauptstadt-fiasko-auftakt-in-bad-ischl-ohne-draht-zur-bevoelkerung\/\" target=\"_blank\" rel=\"nofollow noopener\">2<\/a>]<\/strong>\u00a0upozornila rakousk\u00e1 strana p\u0159\u00edm\u00e9 demokracie\u00a0MFG<em>\u00a0(\u00d6sterreich Menschen \u2013 Freiheit \u2013 Grundrechte)<\/em>. Mu\u017ei a \u017eeny na p\u00f3diu spustili bizarn\u00ed pudrov\u00fd tanec, kdy si na sebe za\u010dali sypat pudr a p\u0159edv\u00e1d\u011bli tanec podobn\u00fd z\u00e1chvatu spolu s alegoriemi nepohybliv\u00fdch lid\u00ed na voz\u00ed\u010dk\u00e1ch. K\u0159ep\u010den\u00ed nakonec p\u0159e\u0161lo do \u0161amansk\u00fdch tanc\u016f a v\u00e1len\u00ed se po zemi.\u00a0<strong>A na samotn\u00e9m konci byla sc\u00e9na kr\u00e1\u010dej\u00edc\u00edch sv\u011btlono\u0161\u016f s lampi\u010dkami na t\u011blech, aby nebylo pochyb o tom, \u017ee\u00a0jde o vzkaz \u201c<em>t\u011bch, kte\u0159\u00ed nesou sv\u011btlo<\/em>\u201d \u2013 slu\u017eebn\u00edk\u016f Lucifera, tedy\u00a0<em>toho, kdo nese sv\u011btlo \u2013 Sv\u011btlono\u0161e<\/em>.<\/strong><\/p>\n<p>Cel\u00fd nesest\u0159\u00edhan\u00fd z\u00e1znam ceremoni\u00e1lu najdete na webu televize ORF v archivu\u00a0<strong>[<a href=\"https:\/\/href.li\/?https:\/\/tvthek.orf.at\/profile\/Eroeffnung-Kulturhauptstadt-Bad-Ischl\/13895988\/Eroeffnung-Kulturhauptstadt-Bad-Ischl\/14209962\" target=\"_blank\" rel=\"nofollow noopener\">3<\/a>]<\/strong>. Slavnostn\u00ed zah\u00e1jen\u00ed p\u0159itom bylo ur\u010deno hlavn\u011b pro d\u011bti, kter\u00e9 m\u011bli na ceremoni\u00e1lu \u00fa\u010dast de facto povinnou, proto\u017ee jak uvedla rakousk\u00e1 m\u00e9dia, d\u011bti m\u011bly potom o ud\u00e1losti napsat \u0161koln\u00ed refer\u00e1ty. Rakousk\u00e1 televize ORF p\u0159inesla sv\u011bdectv\u00ed, \u017ee d\u011bti tam byly \u00fapln\u011b v\u0161ude. Kdy\u017e hlavn\u00ed akt\u00e9rka um\u011bleck\u00e9 skupiny ze sebe strhla ko\u017eich a z\u016fstala \u00fapln\u011b nah\u00e1, d\u011bti i dosp\u011bl\u00ed v publiku doslova v \u0161oku vyk\u0159ikli. Co si museli myslet rodi\u010de d\u011bt\u00ed, to asi si dovedete p\u0159edstavit. Video n\u00ed\u017ee v\u00e1m v sest\u0159ihu p\u0159in\u00e1\u0161\u00ed, jak to cel\u00e9 vypadalo.<\/p>\n<div style=\"width: 640px;\" class=\"wp-video\"><!--[if lt IE 9]><script>document.createElement('video');<\/script><![endif]-->\n<video class=\"wp-video-shortcode\" id=\"video-46475-1\" width=\"640\" height=\"360\" preload=\"metadata\" controls=\"controls\"><source type=\"video\/mp4\" src=\"http:\/\/www.infokuryr.cz\/n\/wp-content\/uploads\/2024\/02\/BadIschlPowderHD.mp4?_=1\" \/><a href=\"http:\/\/www.infokuryr.cz\/n\/wp-content\/uploads\/2024\/02\/BadIschlPowderHD.mp4\">http:\/\/www.infokuryr.cz\/n\/wp-content\/uploads\/2024\/02\/BadIschlPowderHD.mp4<\/a><\/video><\/div>\n<div class=\"wp-video\">\n<div id=\"mep_0\" class=\"mejs-container mejs-container-keyboard-inactive wp-video-shortcode mejs-video\" tabindex=\"0\" role=\"application\" aria-label=\"Video p\u0159ehr\u00e1va\u010d\">\n<div class=\"mejs-inner\">\n<div class=\"mejs-mediaelement\"><\/div>\n<\/div>\n<\/div>\n<\/div>\n<p>&nbsp;<\/p>\n<p>Mus\u00edme si ale vysv\u011btlit, pro\u010d globalist\u00e9 na ceremoni\u00e1lu pustili na p\u00f3dium nah\u00e9 lid\u00ed a co tam vlastn\u011b p\u0159edv\u00e1d\u011bli. Drtiv\u00e9 v\u011bt\u0161in\u011b ve\u0159ejnosti to p\u0159i\u0161lo jako oplzl\u00e9 a skand\u00e1ln\u00ed\u00a0<em>publik-porno<\/em>, jak to nazvala n\u011bmeck\u00e1 nez\u00e1visl\u00e1 m\u00e9dia, ale to je omyl.\u00a0<strong>Ti tane\u010dn\u00edci toti\u017e zcela jednozna\u010dn\u011b p\u0159edv\u00e1d\u011bli\u00a0obraz ze Satansk\u00e9 Bible, konkr\u00e9tn\u011b obraz nazvan\u00fd \u201c<em>Pandemonium<\/em>\u201d zachycuj\u00edc\u00ed, co se bude d\u00edt na Zemi po v\u00edt\u011bzstv\u00ed vojsk Jeho v\u00fdsosti Satana Lucifera.<\/strong><\/p>\n<p>Podle Satansk\u00e9 Bible jeho vojska sp\u00e1l\u00ed na prach v\u0161echny lidsk\u00e9 n\u00e1rody na povrchu planety a lid\u00ed na zemi z\u016fstane jen 100 milion\u016f. Budou vyvolen\u00ed, proto\u017ee milost\u00ed Lucifera p\u0159e\u017eij\u00ed Armageddon a vyhnou se sp\u00e1len\u00ed sv\u011bta v ohni, kter\u00fd se\u017eehne ve\u0161ker\u00e9 n\u00e1rody a prom\u011bn\u00ed lidi na popel. Zasv\u011bcenci okam\u017eit\u011b p\u0159i pohledu na alegorickou sc\u00e9nu s lidmi sypouc\u00edmi si pudr na nah\u00e1 t\u011bla byli v obraze, o jakou d\u011bsivou sc\u00e9nu se jednalo a odkud se vzala.<\/p>\n<h6><span style=\"font-size: 18pt;\">Deviatura d\u011btem p\u0159edvedla alegorii obrazu Pandemonia ze Satansk\u00e9 Bible<\/span><\/h6>\n<p>Lucifer toti\u017e podle Satansk\u00e9 Bible p\u0159ik\u00e1\u017ee, \u017ee kdo mu chce slou\u017eit, mus\u00ed strhnout ze sebe ve\u0161ker\u00e9 sv\u00e9 \u0161aty a uniformy a na znamen\u00ed Luciferova v\u00edt\u011bzstv\u00ed se mus\u00ed posypat\u00a0<strong>\u201c<em>od hlavy a\u017e k pat\u011b siv\u00fdm popelem z hromad a hor pora\u017een\u00fdch n\u00e1rod\u016f<\/em>\u201c<\/strong>, tedy popelem ze sp\u00e1len\u00fdch t\u011bl lid\u00ed, kte\u0159\u00ed padli v Armageddonu. Teprve pot\u00e9, co se posypou t\u00edmto popelem, se stanou\u00a0<em>Vyvolen\u00fdmi<\/em>\u00a0a budou moci slou\u017eit Nov\u00e9mu sv\u011btov\u00e9mu \u0159\u00e1du na Zemi pod Satanem, latinsky\u00a0<em>Novum Ordo Seclorum.<\/em><\/p>\n<p>Douf\u00e1m, \u017ee te\u010f u\u017e v\u00e1m doch\u00e1z\u00ed, co jste na p\u00f3diu vlastn\u011b vid\u011bli. Byl to alegorick\u00fd oslavn\u00fd tanec v\u00edt\u011bzstv\u00ed Lucifera na Zemi a poroben\u00ed p\u0159e\u017eiv\u0161\u00edch lid\u00ed, kte\u0159\u00ed na sebe sypou popel ze sp\u00e1len\u00fdch mrtvol civilizac\u00ed a n\u00e1rod\u016f planety. Jin\u00fdmi slovy, na p\u00f3diu prob\u011bhl satansk\u00fd ritu\u00e1l na oslavu P\u00e1na temnot, kter\u00fd je nositelem sv\u011btla. Jedn\u00e1 se o klasick\u00e9 sign\u00e1ln\u00ed d\u00edlo Satanovy synagogy.<\/p>\n<figure id=\"attachment_58523\" class=\"wp-caption aligncenter\" style=\"width: 705px;\"><a href=\"https:\/\/aeronet.news\/wp-content\/uploads\/BadIschlPowderChairUp.jpg\"><img decoding=\"async\" loading=\"lazy\" class=\"wp-image-58523 \" src=\"https:\/\/aeronet.news\/wp-content\/uploads\/BadIschlPowderChairUp-1024x576.jpg\" sizes=\"(max-width: 700px) 100vw, 700px\" srcset=\"https:\/\/aeronet.news\/wp-content\/uploads\/BadIschlPowderChairUp-1024x576.jpg 1024w, https:\/\/aeronet.news\/wp-content\/uploads\/BadIschlPowderChairUp-300x169.jpg 300w, https:\/\/aeronet.news\/wp-content\/uploads\/BadIschlPowderChairUp-768x432.jpg 768w, https:\/\/aeronet.news\/wp-content\/uploads\/BadIschlPowderChairUp-700x394.jpg 700w, https:\/\/aeronet.news\/wp-content\/uploads\/BadIschlPowderChairUp-635x357.jpg 635w, https:\/\/aeronet.news\/wp-content\/uploads\/BadIschlPowderChairUp-859x483.jpg 859w, https:\/\/aeronet.news\/wp-content\/uploads\/BadIschlPowderChairUp.jpg 1280w\" alt=\"\" width=\"705\" height=\"397\" \/><\/a><figcaption class=\"wp-caption-text\">Pandemonimum \u2013 Syp\u00e1n\u00ed popela na nah\u00e9 t\u011blo, um\u011blci pou\u017eili pudr<\/figcaption><\/figure>\n<p>Nyn\u00ed v roce 2024 je ji\u017e\u00a0<em>deviatura<\/em>, tedy procesn\u00ed \u0159\u00edzen\u00ed deviace nad g\u00f3jsk\u00fdmi n\u00e1rody, nezvratn\u00e1 a globalistick\u00fd nep\u0159\u00edtel u\u017e se neboj\u00ed ani rodi\u010d\u016f, proto\u017ee rodi\u010de v Rakousku maj\u00ed strach se ozvat na ochranu sv\u00fdch d\u011bt\u00ed, aby jim soci\u00e1lka neodebrala d\u011bti kv\u016fli homofobn\u00ed a inkluzivn\u00ed nesn\u00e1\u0161enlivosti.<\/p>\n<p><strong>Globalistick\u00fd nep\u0159\u00edtel to v\u00ed, \u017ee rodi\u010de g\u00f3jsk\u00fdch d\u011bt\u00ed jsou posran\u00ed a\u017e za u\u0161ima, boj\u00ed se ozvat, aby je re\u017eim a\u00a0<em>polizei-gestapo<\/em>\u00a0nezah\u00e1jilo.<\/strong>\u00a0Proto si globalist\u00e9 v roce 2024 u\u017e dovol\u00ed tyto zvr\u00e1cenosti a perverznosti ukazovat p\u0159ed d\u011btmi nejen potaj\u00ed ve \u0161kol\u00e1ch, kdy\u017e rodi\u010de jsou v pr\u00e1ci a nev\u011bd\u00ed, co se ve \u0161kole d\u011bje, ale u\u017e narovinu, p\u0159\u00edmo p\u0159ed o\u010dima rodi\u010d\u016f b\u011bhem m\u011bstsk\u00e9ho slavnostn\u00edho ceremoni\u00e1lu k otev\u0159en\u00ed Evropsk\u00e9ho hlavn\u00edho m\u011bsta kultury.<\/p>\n<h6><span style=\"font-size: 18pt;\">Globalistick\u00fd nep\u0159\u00edtel se v roce 2024 u\u017e neboj\u00ed ni\u010deho, ani hn\u011bvu vyd\u011b\u0161en\u00fdch rodi\u010d\u016f, kte\u0159\u00ed tam d\u011bti p\u0159ivedli, proto\u017ee mus\u00ed dr\u017eet hubu a krok<\/span><\/h6>\n<p>V\u011bt\u0161ina lid\u00ed nem\u00e1 informace a znalosti o Kabale, o Satanov\u011b Bibli, o Satanov\u011b synagoze, o pl\u00e1nu na zprzn\u011bn\u00ed a zdegenerov\u00e1n\u00ed d\u011bt\u00ed cel\u00fdch n\u00e1rod\u016f tak, jak p\u0159esn\u011b p\u0159ed t\u00edm varuje Bible, proto tyto ceremoni\u00e1ly pova\u017euj\u00ed za v\u00fdst\u0159elky a porno \u00falety, ale to je krut\u00fd omyl. V\u0161echno je to sou\u010d\u00e1st procesn\u00edho pl\u00e1nu na rok 2024, proto\u017ee u\u017e je v mnoha ohledech hotovo. Nechci se znovu opakovat, ale znovu v\u00e1s mus\u00edm upozornit, abyste se zamysleli. Co asi tak pl\u00e1nuje globalistick\u00fd nep\u0159\u00edtel s n\u00e1rody Evropy, kdy\u017e usiluje o likvidaci zem\u011bd\u011blsk\u00e9 bezpe\u010dnosti a rozvinutosti v Evrop\u011b? Pro\u010d usiluje o mana\u017eovan\u00fd hladomor? Pro\u010d chce na\u0161e d\u011bti od \u00fatl\u00e9ho d\u011btstv\u00ed a ve \u0161kolstv\u00ed p\u0159ed\u011blat na devianty pomoc\u00ed n\u00e1stroj\u016f\u00a0<em>deviatury<\/em>?<\/p>\n<figure id=\"attachment_58524\" class=\"wp-caption aligncenter\" style=\"width: 702px;\"><a href=\"https:\/\/aeronet.news\/wp-content\/uploads\/BadIschlPowderWheelChair.jpg\"><img decoding=\"async\" loading=\"lazy\" class=\"wp-image-58524 \" src=\"https:\/\/aeronet.news\/wp-content\/uploads\/BadIschlPowderWheelChair-1024x576.jpg\" sizes=\"(max-width: 700px) 100vw, 700px\" srcset=\"https:\/\/aeronet.news\/wp-content\/uploads\/BadIschlPowderWheelChair-1024x576.jpg 1024w, https:\/\/aeronet.news\/wp-content\/uploads\/BadIschlPowderWheelChair-300x169.jpg 300w, https:\/\/aeronet.news\/wp-content\/uploads\/BadIschlPowderWheelChair-768x432.jpg 768w, https:\/\/aeronet.news\/wp-content\/uploads\/BadIschlPowderWheelChair-700x394.jpg 700w, https:\/\/aeronet.news\/wp-content\/uploads\/BadIschlPowderWheelChair-635x357.jpg 635w, https:\/\/aeronet.news\/wp-content\/uploads\/BadIschlPowderWheelChair-859x483.jpg 859w, https:\/\/aeronet.news\/wp-content\/uploads\/BadIschlPowderWheelChair.jpg 1280w\" alt=\"\" width=\"702\" height=\"395\" \/><\/a><figcaption class=\"wp-caption-text\">Obraz Pandemonia, zmrza\u010den\u00fdch voj\u00e1k\u016f na kole\u010dkov\u00fdch k\u0159eslech a padl\u00fdch lid\u00ed pot\u00e9, co Lucifer zv\u00edt\u011bzil v boji o Zemi<\/figcaption><\/figure>\n<p>Pro\u010d mal\u00fdm a norm\u00e1ln\u00edm d\u011btem ukazuje oplzlosti na hran\u011b porna, jak si naz\u00ed lid\u00e9 na sebe sypou jak\u00fdsi pr\u00e1\u0161ek nebo popel z lahvi\u010dek? Pro\u010d se n\u00e1rody \u017eenou do v\u00e1lky s jadernou velmoc\u00ed na v\u00fdchod\u011b? Co bude na konci st\u0159etu jadern\u00fdch velmoc\u00ed? Sp\u00e1len\u00e1 Zem\u011b a jenom 100 milion\u016f lid\u00ed p\u0159e\u017eije!\u00a0<strong>Globalistick\u00fd nep\u0159\u00edtel se tak sna\u017e\u00ed naplnit proroctv\u00ed ze Satansk\u00e9 Bible a vytvo\u0159it na povrchu planety\u00a0obraz\u00a0<em>Pandemonia<\/em>, tedy pozemsk\u00e9ho hlavn\u00edho m\u011bsta Satanova nov\u00e9ho imp\u00e9ria na Zemi.<\/strong><\/p>\n<p>Globalist\u00e9 u\u017e nepot\u0159ebuj\u00ed v roce 2024 nic skr\u00fdvat, prost\u011b se c\u00edt\u00ed siln\u00ed, \u017ee nikdo se jim ji\u017e nedok\u00e1\u017ee postavit, tedy ne takovou silou, aby je zastavil. M\u00edstn\u00ed a lok\u00e1ln\u00ed odpory jsou pro n\u011b u\u017e bagateln\u00ed, proto\u017ee v\u011bt\u0161ina populace je u\u017e povoln\u00e1 s deviaturou, tedy procesn\u00edm politicko-medi\u00e1ln\u00edm n\u00e1strojem deviace vlastn\u00edch d\u011bt\u00ed a cel\u00fdch n\u00e1rod\u016f. Protestuje proti tomu jen men\u0161ina populace. Zbytek ml\u010d\u00ed a p\u0159ihl\u00ed\u017e\u00ed, nen\u00ed pot\u0159eba souhlasit, ne ne. Sta\u010d\u00ed ml\u010det, aby globalist\u00e9 zv\u00edt\u011bzili!<\/p>\n<h6><span style=\"font-size: 18pt;\">Pry\u010d z Evropsk\u00e9 unie, dokud je \u010das!<\/span><\/h6>\n<p>A tak si prost\u011b dnes jdete s d\u011btmi na kulturn\u00ed akci a d\u011btem \u0159\u00edk\u00e1te, bude to tam hezk\u00e9, bude tam muzika, um\u011blci, na to mus\u00edme j\u00edt, hlavn\u00edm evropsk\u00fdm m\u011bstem kultury se nest\u00e1v\u00e1 na\u0161e m\u011bsto ka\u017ed\u00fd rok. A p\u0159ijdete tam, z po\u010d\u00e1tku to vypad\u00e1 norm\u00e1ln\u011b a najednou tam je rakousk\u00e1\u00a0<em>transgenderov\u00e1 babochlapov\u00e1<\/em>\u00a0zp\u011bva\u010dka Conchita Wurst\u00a0<strong>[<a href=\"https:\/\/href.li\/?https:\/\/www.youtube.com\/watch?v=8j0EywOajEU\" target=\"_blank\" rel=\"nofollow noopener\">4<\/a>]<\/strong>\u00a0s vousy a cel\u00e9 to zaklin\u010duje skupina nah\u00fdch mu\u017e\u016f a \u017een s pud\u0159enkami, kte\u0159\u00ed se v\u00e1l\u00ed po zemi za zvuk\u016f nejprve klasick\u00e9 hudby a potom \u0161amansk\u00fdch bubn\u016f, tedy okultn\u00ed vzkazy.<\/p>\n<figure id=\"attachment_58529\" class=\"wp-caption aligncenter\" style=\"width: 702px;\"><a href=\"https:\/\/aeronet.news\/wp-content\/uploads\/BadIschlSingerWurst.jpg\"><img decoding=\"async\" loading=\"lazy\" class=\"wp-image-58529 \" src=\"https:\/\/aeronet.news\/wp-content\/uploads\/BadIschlSingerWurst-1024x590.jpg\" sizes=\"(max-width: 700px) 100vw, 700px\" srcset=\"https:\/\/aeronet.news\/wp-content\/uploads\/BadIschlSingerWurst-1024x590.jpg 1024w, https:\/\/aeronet.news\/wp-content\/uploads\/BadIschlSingerWurst-300x173.jpg 300w, https:\/\/aeronet.news\/wp-content\/uploads\/BadIschlSingerWurst-768x443.jpg 768w, https:\/\/aeronet.news\/wp-content\/uploads\/BadIschlSingerWurst-700x404.jpg 700w, https:\/\/aeronet.news\/wp-content\/uploads\/BadIschlSingerWurst-619x357.jpg 619w, https:\/\/aeronet.news\/wp-content\/uploads\/BadIschlSingerWurst-838x483.jpg 838w, https:\/\/aeronet.news\/wp-content\/uploads\/BadIschlSingerWurst.jpg 1280w\" alt=\"\" width=\"702\" height=\"405\" \/><\/a><figcaption class=\"wp-caption-text\">D\u011btem na ceremoni\u00e1lu zazp\u00edval(a) transvestita a hv\u011bzda Eurovize Thomas Neuwirth vystupuj\u00edc\u00ed pod vlastn\u011b pravdiv\u00fdm pseudonymem Conchita \u201cWurst\u201d<\/figcaption><\/figure>\n<p>U\u017e v\u010dera bylo pozd\u011b. \u010cesko mus\u00ed ut\u00e9ct z Evropsk\u00e9 unie, dokud je \u010das! To \u0159\u00edk\u00e1m naprosto v\u00e1\u017en\u011b, proto\u017ee tento spolek satanist\u016f, kter\u00fd \u0159\u00edd\u00ed z Bruselu EU, je banda zvr\u00e1cen\u00fdch magor\u016f, kte\u0159\u00ed slou\u017e\u00ed Satanov\u011b synagoze a skrze deviaturu se sna\u017e\u00ed zdegenerovat a zprznit na\u0161e nejmen\u0161\u00ed pod rou\u0161kou kultury. Ani na okam\u017eik nepochybujte, komu slou\u017e\u00ed.<\/p>\n<p>D\u016fm Sion v okultn\u00ed rovin\u011b slou\u017e\u00ed Satanov\u011b synagoze, tak tomu bylo v\u017edy a pozn\u00e1te jeho poh\u016fnky velmi snadno \u2013\u00a0<strong>Jdou v\u00e1m po 3 v\u011bcech: Po va\u0161\u00ed svobod\u011b (<em>slova, p\u00edsma, pohybu<\/em>), po va\u0161em zdrav\u00ed (<em>vax, chemky, \u00e9\u010dka, kontaminanty<\/em>) a po va\u0161ich d\u011btech!<\/strong>\u00a0Naprosto bezpe\u010dn\u011b tak identifikujete slu\u017eebn\u00edky Satanovy synagogy. O\u010dek\u00e1vaj\u00ed toti\u017e, \u017ee za odm\u011bnu a \u00fasluhu Satanovi na likvidaci n\u00e1rod\u016f a przn\u011bn\u00ed d\u011bt\u00ed budou odm\u011bn\u011bni, \u017ee budou mezi 100 miliony vyvolen\u00fdch!<\/p>\n<p><a href=\"https:\/\/aeronet.news\/globalisticka-deviatura-pred-ocima-skolaku-zs-tancovali-nazi-herci-pudrovy-tanec-behem-slavnostniho-ceremonialu-otevreni-evropskeho-hlavniho-mesta-kultury-v-bad-ischlu-v-hornim-rakousku\/\">-VK- \u0160\u00e9fredaktor AE News<\/a><\/p>\n<p>&nbsp;<\/p>\n<p><a href=\"https:\/\/stranapro.cz\/\"><img decoding=\"async\" loading=\"lazy\" class=\"wp-image-40286 aligncenter\" src=\"http:\/\/www.infokuryr.cz\/n\/wp-content\/uploads\/2023\/11\/12pro-300x87.png\" alt=\"\" width=\"1034\" height=\"300\" srcset=\"https:\/\/www.infokuryr.cz\/n\/wp-content\/uploads\/2023\/11\/12pro-300x87.png 300w, https:\/\/www.infokuryr.cz\/n\/wp-content\/uploads\/2023\/11\/12pro.png 366w\" sizes=\"(max-width: 1034px) 100vw, 1034px\" \/><\/a><\/p>\n<p>&nbsp;<\/p>\n<p>&nbsp;<\/p>\n","protected":false},"excerpt":{"rendered":"<p>Globalistick\u00e1 deviatura: P\u0159ed o\u010dima \u0161kol\u00e1k\u016f Z\u0160 tancovali naz\u00ed herci \u201cpudrov\u00fd tanec\u201d b\u011bhem slavnostn\u00edho ceremoni\u00e1lu otev\u0159en\u00ed&#8230;<\/p>\n","protected":false},"author":2,"featured_media":46477,"comment_status":"closed","ping_status":"closed","sticky":false,"template":"","format":"standard","meta":[],"categories":[6],"tags":[1042,245,641,41,279,6228],"_links":{"self":[{"href":"https:\/\/www.infokuryr.cz\/n\/wp-json\/wp\/v2\/posts\/46475"}],"collection":[{"href":"https:\/\/www.infokuryr.cz\/n\/wp-json\/wp\/v2\/posts"}],"about":[{"href":"https:\/\/www.infokuryr.cz\/n\/wp-json\/wp\/v2\/types\/post"}],"author":[{"embeddable":true,"href":"https:\/\/www.infokuryr.cz\/n\/wp-json\/wp\/v2\/users\/2"}],"replies":[{"embeddable":true,"href":"https:\/\/www.infokuryr.cz\/n\/wp-json\/wp\/v2\/comments?post=46475"}],"version-history":[{"count":1,"href":"https:\/\/www.infokuryr.cz\/n\/wp-json\/wp\/v2\/posts\/46475\/revisions"}],"predecessor-version":[{"id":46478,"href":"https:\/\/www.infokuryr.cz\/n\/wp-json\/wp\/v2\/posts\/46475\/revisions\/46478"}],"wp:featuredmedia":[{"embeddable":true,"href":"https:\/\/www.infokuryr.cz\/n\/wp-json\/wp\/v2\/media\/46477"}],"wp:attachment":[{"href":"https:\/\/www.infokuryr.cz\/n\/wp-json\/wp\/v2\/media?parent=46475"}],"wp:term":[{"taxonomy":"category","embeddable":true,"href":"https:\/\/www.infokuryr.cz\/n\/wp-json\/wp\/v2\/categories?post=46475"},{"taxonomy":"post_tag","embeddable":true,"href":"https:\/\/www.infokuryr.cz\/n\/wp-json\/wp\/v2\/tags?post=46475"}],"curies":[{"name":"wp","href":"https:\/\/api.w.org\/{rel}","templated":true}]}}