{"id":46462,"date":"2024-02-07T00:49:05","date_gmt":"2024-02-06T23:49:05","guid":{"rendered":"https:\/\/www.infokuryr.cz\/n\/?p=46462"},"modified":"2024-02-06T17:28:30","modified_gmt":"2024-02-06T16:28:30","slug":"usa-vyzvaly-litvu-aby-prestali-uctivat-a-oslavovat-ucastniky-holocaustu","status":"publish","type":"post","link":"https:\/\/www.infokuryr.cz\/n\/2024\/02\/07\/usa-vyzvaly-litvu-aby-prestali-uctivat-a-oslavovat-ucastniky-holocaustu\/","title":{"rendered":"USA vyzvaly Litvu, aby p\u0159estali uct\u00edvat a oslavovat \u00fa\u010dastn\u00edky holocaustu"},"content":{"rendered":"<div id=\"fb-root\"><\/div>\n<p><span style=\"font-size: 18pt;\"><strong>Uct\u011bn\u00ed litevsk\u00e9ho mu\u017ee, kter\u00fd zab\u00edjel \u017didy b\u011bhem druh\u00e9 sv\u011btov\u00e9 v\u00e1lky, je antisemitsk\u00e9, \u0159\u00edk\u00e1 americk\u00fd velvyslanec v Litv\u011b<\/strong><\/span><\/p>\n<p>V Litv\u011b by nem\u011blo b\u00fdt \u017e\u00e1dn\u00e9 m\u00edsto pro jakoukoli oslavu \u00fa\u010dastn\u00edk\u016f holocaustu, zvl\u00e1\u0161t\u011b kdy\u017e je ve sv\u011bt\u011b v sou\u010dasnosti na vzestupu antisemitismus, \u0159ekl m\u00edstn\u00edm m\u00e9di\u00edm nov\u011b jmenovan\u00fd velvyslanec USA v pobaltsk\u00e9m st\u00e1t\u011b.<\/p>\n<p>O\u017eehav\u00fd probl\u00e9m, kdy jsou podez\u0159el\u00ed v\u00e1le\u010dn\u00ed zlo\u010dinci vyznamen\u00e1ni jako hrdin\u0161t\u00ed bojovn\u00edci za svobodu v modern\u00ed Litv\u011b, nastolila Baltic News Service (BNS) v rozhovoru s velvyslancem McDonaldem zve\u0159ejn\u011bn\u00fdm v \u00fater\u00fd.<\/p>\n<p>BNS se konkr\u00e9tn\u011b zeptala na pomn\u00edk vojensk\u00e9ho d\u016fstojn\u00edka jm\u00e9nem Juozas Krikstaponis, kter\u00fd je obvin\u011bn z masov\u00e9ho zab\u00edjen\u00ed \u017did\u016f a dal\u0161\u00edch civilist\u016f jm\u00e9nem nacistick\u00e9ho N\u011bmecka.<\/p>\n<p><em>&#8222;Budu nad\u00e1le d\u016frazn\u011b vystupovat proti glorifikaci jednotlivc\u016f, o kter\u00fdch je zn\u00e1mo a zdokumentov\u00e1no, \u017ee se \u00fa\u010dastnili holocaustu,&#8220;<\/em>\u00a0\u0159ekl agentu\u0159e velvyslanec, kter\u00fd p\u0159ijel do Vilniusu minul\u00fd m\u011bs\u00edc.<\/p>\n<p>Dodal, \u017ee takov\u00e1 praxe je ze sv\u00e9 podstaty antisemitsk\u00e1, a proto pro ni osobn\u011b d\u016fle\u017eit\u00e1, proto\u017ee jej\u00ed p\u0159edchoz\u00ed role na ministerstvu zahrani\u010d\u00ed zahrnovala veden\u00ed jeho \u00fa\u0159adu pro boj proti antisemitismu.<\/p>\n<p>Krikstaponis byl p\u0159eb\u011bhl\u00edk z Rud\u00e9 arm\u00e1dy, kter\u00fd slou\u017eil v litevsk\u00e9 arm\u00e1d\u011b, kdy\u017e byly pobaltsk\u00e9 st\u00e1ty okupov\u00e1ny nacisty v roce 1941. V roce 1942 byla jeho jednotka nasazena do B\u011bloruska.\u00a0Podle Centra Simona Wiesenthala <strong>bylo litevsk\u00fdmi voj\u00e1ky zabito nejm\u00e9n\u011b 20 000 \u017did\u016f.<\/strong><\/p>\n<p>Pot\u00e9 se stal sou\u010d\u00e1st\u00ed protisov\u011btsk\u00e9ho povst\u00e1n\u00ed a byl nakonec zabit sov\u011btsk\u00fdmi bezpe\u010dnostn\u00edmi jednotkami v p\u0159est\u0159elce v lednu 1945. Tato \u010d\u00e1st jeho biografie byla zv\u00fdrazn\u011bna v nez\u00e1visl\u00e9 Litv\u011b.\u00a0Ned\u00e1vno mu bylo ud\u011bleno \u010destn\u00e9 posmrtn\u00e9 pov\u00fd\u0161en\u00ed do hodnosti plukovn\u00edka a ve m\u011bst\u011b Ukmerge, spr\u00e1vn\u00edm centru okresu, kde zem\u0159el, mu byl postaven pomn\u00edk.<\/p>\n<p>B\u00fdval\u00fd velvyslanec Robert Gilchrist, p\u0159edch\u016fdce McDonald&#8217;s v Litv\u011b, byl mezi zahrani\u010dn\u00edmi p\u0159edstaviteli, kte\u0159\u00ed nal\u00e9hali na Vilnius, aby odstranil sochy na po\u010dest pachatel\u016f holocaustu, v\u010detn\u011b Krikstaponise. BNS se zeptala nov\u00e9ho vyslance Washingtonu, pro\u010d si mysl\u00ed, \u017ee Litva n\u00e1vrh nevysly\u0161ela.<\/p>\n<p><img decoding=\"async\" loading=\"lazy\" class=\"alignnone size-full wp-image-1185\" src=\"http:\/\/www.infokuryr.cz\/n\/wp-content\/uploads\/2021\/04\/kuryr-podpis.png\" alt=\"\" width=\"84\" height=\"24\" \/><\/p>\n<p>&nbsp;<\/p>\n<p>&nbsp;<\/p>\n","protected":false},"excerpt":{"rendered":"<p>Uct\u011bn\u00ed litevsk\u00e9ho mu\u017ee, kter\u00fd zab\u00edjel \u017didy b\u011bhem druh\u00e9 sv\u011btov\u00e9 v\u00e1lky, je antisemitsk\u00e9, \u0159\u00edk\u00e1 americk\u00fd velvyslanec&#8230;<\/p>\n","protected":false},"author":2,"featured_media":46463,"comment_status":"closed","ping_status":"closed","sticky":false,"template":"","format":"standard","meta":[],"categories":[7],"tags":[810,208,37],"_links":{"self":[{"href":"https:\/\/www.infokuryr.cz\/n\/wp-json\/wp\/v2\/posts\/46462"}],"collection":[{"href":"https:\/\/www.infokuryr.cz\/n\/wp-json\/wp\/v2\/posts"}],"about":[{"href":"https:\/\/www.infokuryr.cz\/n\/wp-json\/wp\/v2\/types\/post"}],"author":[{"embeddable":true,"href":"https:\/\/www.infokuryr.cz\/n\/wp-json\/wp\/v2\/users\/2"}],"replies":[{"embeddable":true,"href":"https:\/\/www.infokuryr.cz\/n\/wp-json\/wp\/v2\/comments?post=46462"}],"version-history":[{"count":0,"href":"https:\/\/www.infokuryr.cz\/n\/wp-json\/wp\/v2\/posts\/46462\/revisions"}],"wp:featuredmedia":[{"embeddable":true,"href":"https:\/\/www.infokuryr.cz\/n\/wp-json\/wp\/v2\/media\/46463"}],"wp:attachment":[{"href":"https:\/\/www.infokuryr.cz\/n\/wp-json\/wp\/v2\/media?parent=46462"}],"wp:term":[{"taxonomy":"category","embeddable":true,"href":"https:\/\/www.infokuryr.cz\/n\/wp-json\/wp\/v2\/categories?post=46462"},{"taxonomy":"post_tag","embeddable":true,"href":"https:\/\/www.infokuryr.cz\/n\/wp-json\/wp\/v2\/tags?post=46462"}],"curies":[{"name":"wp","href":"https:\/\/api.w.org\/{rel}","templated":true}]}}