{"id":46408,"date":"2024-02-06T05:52:42","date_gmt":"2024-02-06T04:52:42","guid":{"rendered":"https:\/\/www.infokuryr.cz\/n\/?p=46408"},"modified":"2024-02-06T05:52:42","modified_gmt":"2024-02-06T04:52:42","slug":"britskemu-krali-charlesovi-byla-diagnostikovana-rakovina","status":"publish","type":"post","link":"https:\/\/www.infokuryr.cz\/n\/2024\/02\/06\/britskemu-krali-charlesovi-byla-diagnostikovana-rakovina\/","title":{"rendered":"Britsk\u00e9mu kr\u00e1li Charlesovi byla diagnostikov\u00e1na rakovina"},"content":{"rendered":"<div id=\"fb-root\"><\/div>\n<p><span style=\"font-size: 18pt;\"><strong>Nemoc byla objevena, kdy\u017e byl panovn\u00edk vy\u0161et\u0159en na nezhoubn\u00e9 zv\u011bt\u0161en\u00ed prostaty, odhalil Buckinghamsk\u00fd pal\u00e1c<\/strong><\/span><\/p>\n<p><span>Kr\u00e1li Charlesovi byla diagnostikov\u00e1na forma rakoviny, ozn\u00e1mil v pond\u011bl\u00ed Buckinghamsk\u00fd pal\u00e1c.<\/span><\/p>\n<p><span>Pal\u00e1c v prohl\u00e1\u0161en\u00ed uvedl, \u017ee zdravotn\u00ed probl\u00e9m byl objeven b\u011bhem kr\u00e1lovy ned\u00e1vn\u00e9 n\u00e1v\u0161t\u011bvy nemocnice kv\u016fli zv\u011bt\u0161en\u00e9 prostat\u011b.\u00a0<\/span><em><span>&#8222;N\u00e1sledn\u00e9 diagnostick\u00e9 testy identifikovaly formu rakoviny,&#8220;<\/span><\/em><span>\u00a0st\u00e1lo v prohl\u00e1\u0161en\u00ed a zd\u016fraz\u0148ovalo, \u017ee se nejedn\u00e1 o rakovinu prostaty.<\/span><\/p>\n<p><span>Nebyly poskytnuty \u017e\u00e1dn\u00e9 dal\u0161\u00ed informace o p\u0159esn\u00e9m typu rakoviny, jej\u00edm stadiu nebo progn\u00f3ze.<\/span><\/p>\n<p><em><span>\u201eJeho Veli\u010denstvo dnes zah\u00e1jilo pl\u00e1n pravideln\u00fdch o\u0161et\u0159en\u00ed, b\u011bhem nich\u017e mu l\u00e9ka\u0159i doporu\u010dili, aby odlo\u017eil povinnosti p\u0159ed ve\u0159ejnost\u00ed.\u00a0B\u011bhem tohoto obdob\u00ed bude Jeho Veli\u010denstvo pokra\u010dovat ve st\u00e1tn\u00edch z\u00e1le\u017eitostech a \u00fa\u0159edn\u00edch pap\u00edrech jako obvykle,\u201c<\/span><\/em><span>\u00a0stoj\u00ed v prohl\u00e1\u0161en\u00ed.<\/span><\/p>\n<p><span>Panovn\u00edk z\u016fst\u00e1v\u00e1\u00a0<\/span><em><span>\u201ezcela pozitivn\u00ed ohledn\u011b sv\u00e9ho zach\u00e1zen\u00ed\u201c<\/span><\/em><span>\u00a0a t\u011b\u0161\u00ed se, \u017ee se\u00a0<\/span><em><span>\u201eco nejd\u0159\u00edve vr\u00e1t\u00ed k pln\u00e9 ve\u0159ejn\u00e9 slu\u017eb\u011b,\u201c<\/span><\/em><span>\u00a0dodal.\u00a0Kr\u00e1l se rozhodl zve\u0159ejnit svou diagn\u00f3zu, aby se vyhnul\u00a0<\/span><em><span>\u201espekulac\u00edm\u201c<\/span><\/em><span>\u00a0a tak\u00e9 zv\u00fd\u0161il pov\u011bdom\u00ed o rakovin\u011b\u00a0<\/span><em><span>\u201epro v\u0161echny lidi na cel\u00e9m sv\u011bt\u011b\u201c, kte\u0159\u00ed<\/span><\/em><span>\u00a0jsou touto nemoc\u00ed posti\u017eeni, dodal pal\u00e1c.<\/span><\/p>\n<p><span>Charles nastoupil na britsk\u00fd tr\u016fn ve v\u011bku 73 let 8. z\u00e1\u0159\u00ed 2022 a vyst\u0159\u00eddal svou matku, kr\u00e1lovnu Al\u017eb\u011btu II., po jej\u00ed v\u00edce ne\u017e 70let\u00e9 vl\u00e1d\u011b.<\/span><\/p>\n<p><img decoding=\"async\" loading=\"lazy\" class=\"alignnone size-full wp-image-1185\" src=\"http:\/\/www.infokuryr.cz\/n\/wp-content\/uploads\/2021\/04\/kuryr-podpis.png\" alt=\"\" width=\"84\" height=\"24\" \/><\/p>\n<p>&nbsp;<\/p>\n<p>&nbsp;<\/p>\n","protected":false},"excerpt":{"rendered":"<p>Nemoc byla objevena, kdy\u017e byl panovn\u00edk vy\u0161et\u0159en na nezhoubn\u00e9 zv\u011bt\u0161en\u00ed prostaty, odhalil Buckinghamsk\u00fd pal\u00e1c Kr\u00e1li&#8230;<\/p>\n","protected":false},"author":2,"featured_media":27539,"comment_status":"closed","ping_status":"closed","sticky":false,"template":"","format":"standard","meta":[],"categories":[7],"tags":[3291,5382,6750,303],"_links":{"self":[{"href":"https:\/\/www.infokuryr.cz\/n\/wp-json\/wp\/v2\/posts\/46408"}],"collection":[{"href":"https:\/\/www.infokuryr.cz\/n\/wp-json\/wp\/v2\/posts"}],"about":[{"href":"https:\/\/www.infokuryr.cz\/n\/wp-json\/wp\/v2\/types\/post"}],"author":[{"embeddable":true,"href":"https:\/\/www.infokuryr.cz\/n\/wp-json\/wp\/v2\/users\/2"}],"replies":[{"embeddable":true,"href":"https:\/\/www.infokuryr.cz\/n\/wp-json\/wp\/v2\/comments?post=46408"}],"version-history":[{"count":0,"href":"https:\/\/www.infokuryr.cz\/n\/wp-json\/wp\/v2\/posts\/46408\/revisions"}],"wp:featuredmedia":[{"embeddable":true,"href":"https:\/\/www.infokuryr.cz\/n\/wp-json\/wp\/v2\/media\/27539"}],"wp:attachment":[{"href":"https:\/\/www.infokuryr.cz\/n\/wp-json\/wp\/v2\/media?parent=46408"}],"wp:term":[{"taxonomy":"category","embeddable":true,"href":"https:\/\/www.infokuryr.cz\/n\/wp-json\/wp\/v2\/categories?post=46408"},{"taxonomy":"post_tag","embeddable":true,"href":"https:\/\/www.infokuryr.cz\/n\/wp-json\/wp\/v2\/tags?post=46408"}],"curies":[{"name":"wp","href":"https:\/\/api.w.org\/{rel}","templated":true}]}}