{"id":46396,"date":"2024-02-06T00:39:13","date_gmt":"2024-02-05T23:39:13","guid":{"rendered":"https:\/\/www.infokuryr.cz\/n\/?p=46396"},"modified":"2024-02-05T19:04:40","modified_gmt":"2024-02-05T18:04:40","slug":"nedelnik-adama-b-bartose-156-bile-linky","status":"publish","type":"post","link":"https:\/\/www.infokuryr.cz\/n\/2024\/02\/06\/nedelnik-adama-b-bartose-156-bile-linky\/","title":{"rendered":"NED\u011aLN\u00cdK ADAMA B. BARTO\u0160E (156) B\u00cdL\u00c9 LINKY"},"content":{"rendered":"<div id=\"fb-root\"><\/div>\n<p align=\"justify\">Dne\u0161n\u00ed ned\u011bln\u00edk bude nezvykle kr\u00e1tk\u00fd. Vlastn\u011b je to jen takov\u00e1 prosba o podporu. Ne moji, ale jednoho z na\u0161ich \u010dlen\u016f, kter\u00fd \u2013 podobn\u011b jako j\u00e1 kdysi \u2013 \u010del\u00ed trestn\u00edmu st\u00edh\u00e1n\u00ed za gumov\u00e9 paragrafy hanoben\u00ed n\u00e1roda, rasy \u010di pop\u00edr\u00e1n\u00ed genocidia. P\u0159edseda nymbursk\u00e9 m\u00edstn\u00ed organizace N\u00e1rodn\u00ed demokracie Pavel Tobi\u00e1\u0161 byl u\u017e loni na ja\u0159e \u201enav\u0161t\u00edven\u201c policejn\u00edm komandem, kter\u00e9 mu provedlo domovn\u00ed prohl\u00eddku. P\u0159ijelo n\u011bkolik aut, zakuklenci s pistolemi prohledali d\u016fm, zabavili po\u010d\u00edta\u010d, mobil a v\u0161echny knihy\u2026 D\u016fvod \u2013 pr\u00fd extr\u00e9mismus, asi n\u011bjak\u00e9 texty na facebooku \u010di co, sd\u011blen\u00ed obvin\u011bn\u00ed, kter\u00e9 Pavel obdr\u017eel n\u011bkdy p\u0159ed V\u00e1nocemi, jsem ne\u010detl\u2026<span id=\"more-14076\"><\/span><\/p>\n<p align=\"justify\">\u017de u n\u00e1s m\u00e1me svobodu slova jen na pap\u00ed\u0159e, v\u00edm u\u017e od chv\u00edle, kdy jsem byl podobn\u011b odsouzen i j\u00e1 n\u011bkdy v roce 2017. Odkroutil jsem si t\u0159i roky podm\u00ednky. Od t\u00e9 doby se k ur\u010dit\u00fdm t\u00e9mat\u016fm nevyjad\u0159uji, ode\u0161el jsem z facebooku a nepou\u017e\u00edv\u00e1m ho. Facebook je m\u00edsto, kde n\u00e1m na\u0161i ideov\u00ed nep\u0159\u00e1tel\u00e9 mohou sp\u00edlat a mohou n\u00e1s ur\u00e1\u017eet, nad\u00e1vat n\u00e1m a vyhro\u017eovat, ale nic se jim nestane, dokonce mohou vyz\u00fdvat k n\u00e1sil\u00ed v\u016f\u010di skupin\u011b osob (nap\u0159\u00edklad Rus\u016fm) a facebook to blahosklonn\u011b toleruje, nema\u017ee, vlastn\u011b tomu fand\u00ed. Ale zkuste tam vyj\u00e1d\u0159it n\u00e1zor, kter\u00fd jde proti establi\u0161mentu a je s v\u00e1mi amen. A m\u016f\u017eete b\u00fdt klidn\u011b americk\u00fd prezident Donald Trump a nic v\u00e1m nepom\u016f\u017ee. Sv\u00e9 o tom v\u011bd\u00ed des\u00edtky \u010di sp\u00ed\u0161e stovky na\u0161ich spoluob\u010dan\u016f, kte\u0159\u00ed si dovolili kritizovat covid, vakc\u00ednu, Ukrajinu \u010di nejnov\u011bji nap\u0159\u00edklad policejn\u00ed z\u00e1sah na Fild\u011b.<\/p>\n<p align=\"justify\">N\u011bkdy to re\u017eim \u0159e\u0161\u00ed m\u00e9n\u011b, n\u011bkdy v\u00edce teatr\u00e1ln\u011b. Ned\u00e1vno po internetu koluj\u00edc\u00ed video, jak \u201ep\u0159\u00edslu\u0161n\u00edci\u201c nav\u0161t\u00edvili pan\u00ed na schodech panel\u00e1ku, \u017ee ji jdou vyslechnout kv\u016fli n\u011b\u010demu, co napsala, bylo mraziv\u00e9 \u2013 i bez policejn\u00edho komanda a bez domovn\u00ed prohl\u00eddky. Kdy\u017e za v\u00e1mi ale p\u0159ijdou zakuklenci a\u017e do pr\u00e1ce, nen\u00ed to nic p\u0159\u00edjemn\u00e9ho. A trestn\u00ed st\u00edh\u00e1n\u00ed, kdy si mus\u00edte platit advok\u00e1ta, abyste neskon\u010dili ve v\u011bzen\u00ed, je u\u017e samo o sob\u011b trestem, zvl\u00e1\u0161t\u011b v dob\u011b, kdy \u0159\u00e1d\u00ed inflace a Fialova drahota.<\/p>\n<p align=\"justify\">Pavel se \u017eiv\u00ed jako um\u011bleck\u00fd brusi\u010d skla. M\u00e1 zlat\u00e9 ru\u010di\u010dky. Je to kr\u00e1sn\u00e1 pr\u00e1ce, i kdy\u017e n\u00e1ro\u010dn\u00e1. Ve sv\u00e9m voln\u00e9m \u010dase vytv\u00e1\u0159\u00ed jedine\u010dn\u00e9 a origin\u00e1ln\u00ed v\u00fdrobky. Vytvo\u0159il si internetov\u00fd obch\u016fdek, ve kter\u00e9m se m\u016f\u017eete pod\u00edvat, jak brou\u0161en\u00e9 sklo vznik\u00e1.<\/p>\n<p align=\"justify\">Pavel bude pot\u0159ebovat pen\u00edze na pr\u00e1vn\u00edka, ale nechce o n\u011b \u017eadonit. Je podle n\u011bj lep\u0161\u00ed, kdy\u017e ho lid\u00e9 podpo\u0159\u00ed t\u00edm, \u017ee si od n\u011bj n\u011bco koup\u00ed. Podporuj\u00ed tak nav\u00edc ru\u010dn\u00ed pr\u00e1ci, kter\u00e1 je dnes st\u00e1le vz\u00e1cn\u011bj\u0161\u00ed.<\/p>\n<p align=\"justify\">Tak\u017ee asi tak \u2013 mrkn\u011bte na\u00a0<a href=\"https:\/\/atelier-bilelinky.cz\/\" target=\"_blank\" rel=\"noopener\"><strong><em>ateli\u00e9r B\u00edl\u00e9 linky<\/em>\u00a0<\/strong><\/a>a chcete-li Pavlovi pomoci, m\u016f\u017eete si tam n\u011bco objednat.<\/p>\n<p align=\"justify\">Vlasti a n\u00e1rodu zdar!<\/p>\n<p align=\"justify\"><em><a href=\"https:\/\/narodnidemokracie.cz\/nedelnik-adama-b-bartose-156-bile-linky\/\">Adam B. Barto\u0161<\/a><\/em><br \/>\n<em>p\u0159edseda N\u00e1rodn\u00ed demokracie<\/em><\/p>\n<p align=\"justify\"><img decoding=\"async\" loading=\"lazy\" class=\"alignnone size-medium wp-image-679\" src=\"http:\/\/www.infokuryr.cz\/n\/wp-content\/uploads\/2021\/04\/bartos_adam_benjamin-300x204.jpg\" alt=\"\" width=\"300\" height=\"204\" srcset=\"https:\/\/www.infokuryr.cz\/n\/wp-content\/uploads\/2021\/04\/bartos_adam_benjamin-300x204.jpg 300w, https:\/\/www.infokuryr.cz\/n\/wp-content\/uploads\/2021\/04\/bartos_adam_benjamin.jpg 370w\" sizes=\"(max-width: 300px) 100vw, 300px\" \/><\/p>\n<p align=\"justify\"><a href=\"https:\/\/stranapro.cz\/\"><img decoding=\"async\" loading=\"lazy\" class=\"wp-image-40286 aligncenter\" src=\"http:\/\/www.infokuryr.cz\/n\/wp-content\/uploads\/2023\/11\/12pro-300x87.png\" alt=\"\" width=\"955\" height=\"277\" srcset=\"https:\/\/www.infokuryr.cz\/n\/wp-content\/uploads\/2023\/11\/12pro-300x87.png 300w, https:\/\/www.infokuryr.cz\/n\/wp-content\/uploads\/2023\/11\/12pro.png 366w\" sizes=\"(max-width: 955px) 100vw, 955px\" \/><\/a><\/p>\n<p align=\"justify\">\n","protected":false},"excerpt":{"rendered":"<p>Dne\u0161n\u00ed ned\u011bln\u00edk bude nezvykle kr\u00e1tk\u00fd. Vlastn\u011b je to jen takov\u00e1 prosba o podporu. Ne moji,&#8230;<\/p>\n","protected":false},"author":2,"featured_media":46397,"comment_status":"closed","ping_status":"closed","sticky":false,"template":"","format":"standard","meta":[],"categories":[6],"tags":[367,29,85,122],"_links":{"self":[{"href":"https:\/\/www.infokuryr.cz\/n\/wp-json\/wp\/v2\/posts\/46396"}],"collection":[{"href":"https:\/\/www.infokuryr.cz\/n\/wp-json\/wp\/v2\/posts"}],"about":[{"href":"https:\/\/www.infokuryr.cz\/n\/wp-json\/wp\/v2\/types\/post"}],"author":[{"embeddable":true,"href":"https:\/\/www.infokuryr.cz\/n\/wp-json\/wp\/v2\/users\/2"}],"replies":[{"embeddable":true,"href":"https:\/\/www.infokuryr.cz\/n\/wp-json\/wp\/v2\/comments?post=46396"}],"version-history":[{"count":0,"href":"https:\/\/www.infokuryr.cz\/n\/wp-json\/wp\/v2\/posts\/46396\/revisions"}],"wp:featuredmedia":[{"embeddable":true,"href":"https:\/\/www.infokuryr.cz\/n\/wp-json\/wp\/v2\/media\/46397"}],"wp:attachment":[{"href":"https:\/\/www.infokuryr.cz\/n\/wp-json\/wp\/v2\/media?parent=46396"}],"wp:term":[{"taxonomy":"category","embeddable":true,"href":"https:\/\/www.infokuryr.cz\/n\/wp-json\/wp\/v2\/categories?post=46396"},{"taxonomy":"post_tag","embeddable":true,"href":"https:\/\/www.infokuryr.cz\/n\/wp-json\/wp\/v2\/tags?post=46396"}],"curies":[{"name":"wp","href":"https:\/\/api.w.org\/{rel}","templated":true}]}}