{"id":46393,"date":"2024-02-06T00:37:06","date_gmt":"2024-02-05T23:37:06","guid":{"rendered":"https:\/\/www.infokuryr.cz\/n\/?p=46393"},"modified":"2024-02-05T18:59:41","modified_gmt":"2024-02-05T17:59:41","slug":"neuveritelna-cnn-prima-news-8-strany-pro-rozdelila-mezi-petikoalici-rajchl-nesmi-projit","status":"publish","type":"post","link":"https:\/\/www.infokuryr.cz\/n\/2024\/02\/06\/neuveritelna-cnn-prima-news-8-strany-pro-rozdelila-mezi-petikoalici-rajchl-nesmi-projit\/","title":{"rendered":"Neuv\u011b\u0159iteln\u00e1 CNN Prima NEWS: 8% strany PRO rozd\u011blila mezi P\u011btikoalici! Rajchl nesm\u00ed proj\u00edt!"},"content":{"rendered":"<div id=\"fb-root\"><\/div>\n<div class=\"introtext\">\n<p><span style=\"font-size: 14pt;\"><strong>Dovolila by si toto CNN v Brit\u00e1nii nebo v USA? Za to by let\u011bla jak namydlen\u00fd blesk.\u00a0 Ve v\u00fdzkumu strana PRO dostala tolik, aby nebyla viditeln\u00e1 ve sloupc\u00edch! Koeficient je p\u0159esn\u011b ur\u010den\u00fd. 0% a\u017e 0,9%. A nikdo ze strany PRO do diskuz\u00ed nesm\u00ed! Ale ofici\u00e1ln\u011b to ne\u0159eknou. Pr\u00fd neexistuje.<\/strong><\/span><\/p>\n<\/div>\n<div class=\"fulltext\">\n<p><span style=\"font-size: 18pt; color: #ff0000;\"><strong>Boj\u00ed se CNN Prima NEWS o licenci?<\/strong><\/span><\/p>\n<p>Kdo je zodpov\u011bdn\u00fd za zad\u00e1n\u00ed v\u00fdzkumu v televizi CNN Prima News?<\/p>\n<h2>A p\u0159edseda strany PRO Rajchl nesm\u00ed b\u00fdt v CNN Prima NEWS ani vid\u011bn!<\/h2>\n<p><span style=\"font-size: 18pt; color: #993366;\"><strong>PROKAZATELN\u011a PODVODN\u00dd PR\u016eZKUM<\/strong><\/span><\/p>\n<p>Ta degradace svobodn\u00e9 sout\u011b\u017ee politick\u00fdch stran dos\u00e1hla sout\u011b\u017ee neuv\u011b\u0159iteln\u00e9 \u017eumpy a hnoje.Snad ani v Rusku by si to nedovolili, aby Putinovi dali 100% a protikandid\u00e1tovi 0% hlas\u016f jak za bol\u0161evik\u016f.<\/p>\n<p>Ka\u017edop\u00e1dn\u011b je to kr\u00e1sn\u00e1 uk\u00e1zka, jak t\u0159i probruselsk\u00e9 agentury s masm\u00e9dii manipuluj\u00ed s ve\u0159ejn\u00fdm m\u00edn\u011bn\u00edm.<\/p>\n<p>Pokud je pod kontrolou BIS\u00a0<strong>ve\u0159ejn\u00fd v\u00fdzkum a ve\u0159ejnost si to nesm\u00ed ov\u011b\u0159it,<\/strong>\u00a0tak takov\u00fd v\u00fdzkum nen\u00ed pro &#8222;Koteln\u00edky J\u00edlkov\u00e9&#8220;, ale Kan\u00e1ln\u00edky Fialy a Raku\u0161ana!<\/p>\n<p>A zde m\u00e1te jednozna\u010dn\u00fd d\u016fkaz na daleko v\u011bt\u0161\u00edm vzorku! SANEP se pt\u00e1 1500 ob\u010dan\u016f a proto na Slovensku m\u011bl skoro p\u0159esn\u00e9 v\u00fdzkumy.<\/p>\n<h2>Rozptyl 6%, 7%,8% a skoro 0% je\u0161t\u011b v na\u0161em st\u00e1t\u011b nebyl! U jedn\u00e9 strany!<\/h2>\n<p><img decoding=\"async\" class=\"aligncenter\" src=\"https:\/\/www.skrytapravda.cz\/images\/blogy\/805\/2024\/volby\/porovnani_leden_2024_fafe4.webp\" alt=\"porovnani leden 2024 fafe4\" \/><\/p>\n<p>&nbsp;<\/p>\n<p><span style=\"font-size: 18pt;\"><strong>Samoz\u0159ejm\u011b nav\u00edc se sta\u010d\u00ed pod\u00edvat do po\u010dtu sleduj\u00edc\u00edch, podporuj\u00edc\u00edch a nen\u00ed co dodat.<\/strong><\/span><\/p>\n<p><strong>Ale ve vzduchu skute\u010dn\u011b vis\u00ed ot\u00e1zka: maj\u00ed takto lehce zkorumpovateln\u00e9 agentury pracuj\u00edc\u00ed na zak\u00e1zku ve svobodn\u00e9 spole\u010dnosti m\u00edsto, stejn\u011b jako masm\u00e9dia funguj\u00edc\u00ed stejn\u011b maj\u00ed pr\u00e1vo na licenci? V\u00e1\u017en\u011b takto manipulovat ve\u0159ejnost\u00ed nen\u00ed trestn\u00e9?\u00a0<\/strong><\/p>\n<p>P.S. M\u00e1 voli\u010de strany PRO deprimovat zlost za tyto podvody? Ne, naopak, je t\u0159eba ud\u011blat screeny a uk\u00e1zat v\u0161ude a v\u0161em, jak vl\u00e1dn\u00ed v\u00fdzkumy Evropsk\u00fdch hodnot \u0159\u00edzen\u00e9 z Bruselu funguj\u00ed a jak se podv\u00e1d\u00ed. A to je nejlep\u0161\u00ed odpov\u011b\u010f na toto svinstvo.<\/p>\n<p>V\u00edte, jak se takov\u00fd pr\u016fzkum d\u011bl\u00e1? Do pr\u016fzkumu dosad\u00edte strany, kter\u00e9 maj\u00ed b\u00fdt viditeln\u00e9. A to \u010d\u00edslo 0,7 znamen\u00e1, \u017ee se 0,7% lid\u00ed zeptalo, pro\u010d tam nen\u00ed v dotazn\u00edku strana PRO: nikoliv, \u017ee by ji 0,7% volilo.<strong>\u00a0A vy si mus\u00edte vy\u017e\u00e1dat, aby v\u00e1m ji za\u0161krtli. A to v\u011bt\u0161ina lid\u00ed neud\u011bl\u00e1. Prost\u011b zadavatel si ur\u010d\u00ed strany, kter\u00e9 maj\u00ed proj\u00edt. A stejn\u011b tak do diskuz\u00ed v masm\u00e9di\u00edch:\u00a0ANI JEDNOU!\u00a0<\/strong><\/p>\n<p><img decoding=\"async\" class=\"aligncenter\" src=\"https:\/\/www.skrytapravda.cz\/images\/blogy\/805\/2024\/volby\/v%C3%BDzkum_8f12a.webp\" alt=\"v\u00fdzkum 8f12a\" \/><\/p>\n<p><span style=\"font-size: 14pt; color: #993366;\"><strong>Dok\u00e1\u017ee strana PRO tyto zlo\u010diny a nedemokratickou sout\u011b\u017e ust\u00e1t? Podobn\u00e9 se d\u011blo s Marine Le Penovou ve Francii, AFD v N\u011bmecku, s Ficem na Slovensku. M\u016f\u017eeme je\u0161t\u011b ps\u00e1t o demokracii a svobodn\u00e9 sout\u011b\u017ei politick\u00fdch stran?<\/strong><\/span><\/p>\n<p><a href=\"https:\/\/www.skrytapravda.cz\/z-domova\/1711-neuveritelna-cnn-prima-news-8-strany-pro-rozdelila-mezi-petikoalici-rajchl-nesmi-projit\">Petr Pokorn\u00fd<\/a><\/p>\n<\/div>\n<p>&nbsp;<\/p>\n<p><a href=\"https:\/\/stranapro.cz\/\"><img decoding=\"async\" loading=\"lazy\" class=\"wp-image-40286 aligncenter\" src=\"http:\/\/www.infokuryr.cz\/n\/wp-content\/uploads\/2023\/11\/12pro-300x87.png\" alt=\"\" width=\"921\" height=\"267\" srcset=\"https:\/\/www.infokuryr.cz\/n\/wp-content\/uploads\/2023\/11\/12pro-300x87.png 300w, https:\/\/www.infokuryr.cz\/n\/wp-content\/uploads\/2023\/11\/12pro.png 366w\" sizes=\"(max-width: 921px) 100vw, 921px\" \/><\/a><\/p>\n<p>&nbsp;<\/p>\n<p>&nbsp;<\/p>\n","protected":false},"excerpt":{"rendered":"<p>Dovolila by si toto CNN v Brit\u00e1nii nebo v USA? Za to by let\u011bla jak&#8230;<\/p>\n","protected":false},"author":2,"featured_media":46394,"comment_status":"closed","ping_status":"closed","sticky":false,"template":"","format":"standard","meta":[],"categories":[6],"tags":[2992,3797,2663,620,1482,27],"_links":{"self":[{"href":"https:\/\/www.infokuryr.cz\/n\/wp-json\/wp\/v2\/posts\/46393"}],"collection":[{"href":"https:\/\/www.infokuryr.cz\/n\/wp-json\/wp\/v2\/posts"}],"about":[{"href":"https:\/\/www.infokuryr.cz\/n\/wp-json\/wp\/v2\/types\/post"}],"author":[{"embeddable":true,"href":"https:\/\/www.infokuryr.cz\/n\/wp-json\/wp\/v2\/users\/2"}],"replies":[{"embeddable":true,"href":"https:\/\/www.infokuryr.cz\/n\/wp-json\/wp\/v2\/comments?post=46393"}],"version-history":[{"count":1,"href":"https:\/\/www.infokuryr.cz\/n\/wp-json\/wp\/v2\/posts\/46393\/revisions"}],"predecessor-version":[{"id":46395,"href":"https:\/\/www.infokuryr.cz\/n\/wp-json\/wp\/v2\/posts\/46393\/revisions\/46395"}],"wp:featuredmedia":[{"embeddable":true,"href":"https:\/\/www.infokuryr.cz\/n\/wp-json\/wp\/v2\/media\/46394"}],"wp:attachment":[{"href":"https:\/\/www.infokuryr.cz\/n\/wp-json\/wp\/v2\/media?parent=46393"}],"wp:term":[{"taxonomy":"category","embeddable":true,"href":"https:\/\/www.infokuryr.cz\/n\/wp-json\/wp\/v2\/categories?post=46393"},{"taxonomy":"post_tag","embeddable":true,"href":"https:\/\/www.infokuryr.cz\/n\/wp-json\/wp\/v2\/tags?post=46393"}],"curies":[{"name":"wp","href":"https:\/\/api.w.org\/{rel}","templated":true}]}}