{"id":46392,"date":"2024-02-06T00:33:11","date_gmt":"2024-02-05T23:33:11","guid":{"rendered":"https:\/\/www.infokuryr.cz\/n\/?p=46392"},"modified":"2024-02-05T18:52:10","modified_gmt":"2024-02-05T17:52:10","slug":"miroslav-petr-z-filmu-diktator","status":"publish","type":"post","link":"https:\/\/www.infokuryr.cz\/n\/2024\/02\/06\/miroslav-petr-z-filmu-diktator\/","title":{"rendered":"Miroslav Petr: Z filmu Dikt\u00e1tor"},"content":{"rendered":"<div id=\"fb-root\"><\/div>\n<p><em>Tento proslov je p\u0159\u00edmo vy\u0161it\u00fd na na\u0161i sou\u010dasnou vl\u00e1du.<\/p>\n<p>&#8222;Lituji, ale j\u00e1 nechci b\u00fdt vl\u00e1dcem sv\u011bta. To pro m\u011b nen\u00ed. Nechci vl\u00e1dnout ani dob\u00fdvat. Cht\u011bl bych pomoci v\u0161em, \u017did\u016fm, ne\u017eid\u016fm, \u010dern\u00fdm i b\u00edl\u00fdm, my v\u0161ichni si tou\u017e\u00edme pom\u00e1hat navz\u00e1jem. Chceme \u017e\u00edt \u0161t\u011bst\u00edm t\u011bch druh\u00fdch, ne jejich ne\u0161t\u011bst\u00edm. Nechceme ani nen\u00e1vid\u011bt, ani pohrdat. Tato zem\u011b je bohat\u00e1 a m\u016f\u017ee u\u017eivit ka\u017ed\u00e9ho. Cesta \u017eivotem m\u016f\u017ee b\u00fdt svobodn\u00e1 a kr\u00e1sn\u00e1, ale my jsme se na n\u00ed ztratili. Chamtivost otr\u00e1vila na\u0161e du\u0161e, sv\u011bt uvrhla do nen\u00e1visti, dovedla n\u00e1s a\u017e k vra\u017ed\u011bn\u00ed. Rychlost, kterou jsme sami vyvinuli, n\u00e1s znehybnila.<\/em><\/p>\n<p>Mechanizace n\u00e1m p\u0159inesla b\u00eddu. Na\u0161e znalosti z n\u00e1s ud\u011blaly cyniky. Chytrost n\u00e1s dovedla ke krutostem. Mysl\u00edme p\u0159\u00edli\u0161 a c\u00edt\u00edme m\u00e1lo. Pot\u0159ebujeme sp\u00ed\u0161e lidskost ne\u017e stroje. Sp\u00ed\u0161e ne\u017e chytrost pot\u0159ebujeme laskavost. Jinak zv\u00edt\u011bz\u00ed v \u017eivot\u011b n\u00e1sil\u00ed. Letadla a rozhlas n\u00e1s vz\u00e1jemn\u011b p\u0159ibl\u00ed\u017eily. Tyto vyn\u00e1lezy se ze sv\u00e9 podstaty dovol\u00e1vaj\u00ed lidsk\u00e9 dobroty, bratrstv\u00ed a jednoty mezi v\u0161emi lidmi.<\/p>\n<p>Tak\u00e9 nyn\u00ed sly\u0161\u00ed m\u016fj hlas miliony mu\u017e\u016f, \u017een a d\u011bt\u00ed, kte\u0159\u00ed \u017eij\u00ed v zoufalstv\u00ed, a jsou ob\u011bt\u00ed syst\u00e9mu, kter\u00fd mu\u010d\u00ed a v\u011bzn\u00ed nevinn\u00e9 lidi. T\u011bm, kte\u0159\u00ed mne sly\u0161\u00ed, \u0159\u00edk\u00e1m: Nezoufejte! Na\u0161e dne\u0161n\u00ed ne\u0161t\u011bst\u00ed se zrodilo z chamtivosti, ze zaho\u0159klosti t\u011bch, kte\u0159\u00ed se boj\u00ed pokroku. Nen\u00e1vist\u00a0 pomine, dikt\u00e1to\u0159i zem\u0159ou a moc odebran\u00e1 lidu se lidu zase navr\u00e1t\u00ed. Pokud lidstvo bude smrteln\u00e9, svoboda nezahyne. Voj\u00e1ci! Neposlouchejte hrubce, kte\u0159\u00ed v\u00e1mi pohrdaj\u00ed a utla\u010duj\u00ed v\u00e1s, kte\u0159\u00ed v\u00e1m diktuj\u00ed, co m\u00e1te d\u011blat, co si myslet a co c\u00edt\u00edte. Cepuj\u00ed v\u00e1s, zach\u00e1zej\u00ed s v\u00e1mi jako s dobytkem. D\u011blaj\u00ed z v\u00e1s potravu pro d\u011bla.<\/p>\n<p style=\"text-align: left;\"><img decoding=\"async\" loading=\"lazy\" class=\"wp-image-40285 aligncenter\" src=\"http:\/\/www.infokuryr.cz\/n\/wp-content\/uploads\/2023\/11\/11pro-300x79.png\" alt=\"\" width=\"592\" height=\"156\" srcset=\"https:\/\/www.infokuryr.cz\/n\/wp-content\/uploads\/2023\/11\/11pro-300x79.png 300w, https:\/\/www.infokuryr.cz\/n\/wp-content\/uploads\/2023\/11\/11pro.png 363w\" sizes=\"(max-width: 592px) 100vw, 592px\" \/><br \/>\nNeustupujte t\u011bmto zvr\u00e1cen\u00fdm lidem, kte\u0159\u00ed mysl\u00ed a c\u00edt\u00ed jako stroje. Vy nejste ani stroje, ani dobytek! Chov\u00e1te v srdc\u00edch l\u00e1sku ke v\u0161emu lidsk\u00e9mu nikoli nen\u00e1vist. Nen\u00e1vid\u00ed jen nemilovan\u00ed a zvr\u00e1cen\u00ed. Voj\u00e1ci! Nebojujte za otrok\u00e1\u0159stv\u00ed, bojujte za svobodu. Svat\u00fd Luk\u00e1\u0161 napsal v 17. kapitole: &#8222;Bo\u017e\u00ed kr\u00e1lovstv\u00ed je mezi v\u00e1mi.&#8220;. Ne v jednom z v\u00e1s nebo v n\u011bkter\u00fdch, ale ve v\u0161ech lidech, ve v\u00e1s! Vy, lid, m\u00e1te v rukou moc, vytv\u00e1\u0159et stroje, vytv\u00e1\u0159et \u0161t\u011bst\u00ed. M\u00e1te moc u\u010dinit tento \u017eivot kr\u00e1sn\u00fdm a svobodn\u00fdm. Ud\u011blat z n\u011bj \u00fa\u017easn\u00e9 dobrodru\u017estv\u00ed.<\/p>\n<p>Ve jm\u00e9nu demokracie, pou\u017eijme tuto moc, spojme se. Bojujme za slu\u0161n\u00fd sv\u011bt, kter\u00fd d\u00e1 v\u0161em pr\u00e1ci, budoucnost mlad\u00fdm, jistotu star\u00fdm. Surovci t\u011bmito sliby z\u00edskali moc. Ale oni l\u017eou! Nevyplnili \u017e\u00e1dn\u00fd ze sv\u00fdch slib\u016f. Dikt\u00e1to\u0159i osvobodili sami sebe, ale zotro\u010duj\u00ed lid. Bojujme za spln\u011bn\u00ed t\u011bchto slib\u016f. Za osvobozen\u00ed sv\u011bta, za zru\u0161en\u00ed p\u0159ek\u00e1\u017eek mezi n\u00e1rody,\u00a0 za odstran\u011bn\u00ed chamtivosti, nen\u00e1visti a nesn\u00e1\u0161enlivosti. Bojujme za rozumn\u00fd sv\u011bt, ve kter\u00e9m n\u00e1s v\u011bda a pokrok p\u0159ivedou ke \u0161t\u011bst\u00ed. Voj\u00e1ci! Ve jm\u00e9nu demokracie, spojme se!&#8220; Charlie Chaplin-&#8222;p\u0159em\u00fd\u0161l\u00edme p\u0159\u00edli\u0161 a c\u00edt\u00edme m\u00e1lo.&#8220;<\/p>\n<p>V Chicagu v siln\u00fdch mrazech nebylo mo\u017en\u00e9\u00a0 nab\u00edjet elektromobily. Po t\u0159ech hodin\u00e1ch\u00a0 nab\u00edjen\u00ed = 0%. Kolony aut pomoc\u00ed odtahovek hledaly nab\u00edje\u010dky, kter\u00e9 funguj\u00ed. Studen\u00e9 baterie maj\u00ed mal\u00fd dojezd a n\u00edzk\u00fd v\u00fdkon. je ot\u00e1zkou \u010dasu zru\u0161en\u00ed tohoto nesmyslu a p\u0159ej\u00edt na spalovac\u00ed motory. P\u0159esto \u010cEZ v \u010cR st\u00e1le buduje nov\u00e9 nab\u00edje\u010dky.<\/p>\n<p>Nejv\u011bt\u0161\u00ed politick\u00e9 uskupen\u00ed v EP chce trojn\u00e1sobn\u011b nav\u00fd\u0161it ochranu hranic a chce zru\u0161it z\u00e1kaz spalovac\u00edch motor\u016f. Pro\u010d Evropu nechr\u00e1n\u00ed nejv\u011bt\u0161\u00ed arm\u00e1da na sv\u011bt\u011b, n\u00e1\u0161 &#8222;v\u011brn\u00fd spojenec&#8220; NATO?<\/p>\n<p>Na Slovensko p\u0159ijeli \u0161pan\u011bl\u0161t\u00ed voj\u00e1ci. V l\u00e9t\u011b p\u0159evezmou od \u010cR veden\u00ed jednotky NATO na Slovensku. Jak\u00fdm pr\u00e1vem okupuje Slovensko ciz\u00ed arm\u00e1da? Jde o p\u0159\u00edpravu na posledn\u00ed v\u00e1lku?<\/p>\n<p>D\u00edky \u010d\u00ednsk\u00e9 konkurenci se v EU v\u00fdroba sol\u00e1rn\u00edch panel\u016f nevyplat\u00ed. Z\u0159ejm\u011b v\u0161echny firmy s touto v\u00fdrobou skon\u010d\u00ed.<\/p>\n<p>Kmotr p\u0159edvolebn\u011b slibuje: &#8222;Star\u00e1me se o lidi&#8220;. Peka\u0159ka nebo \u010cerno\u0161ka \/ob\u011b n\u00e1ny si st\u00e1le pletu\/ \u0159ekla: &#8222;St\u00e1t nen\u00ed povinen starat se o lidi&#8220;. Som\u00a0 toho volako zmet\u011bn\u00fd.<\/p>\n<p>Podle \u010cerno\u0161ky sv\u011bt nebezpe\u010dn\u011bj\u0161\u00ed nebude. Nejde o roz\u0161i\u0159ov\u00e1n\u00ed popla\u0161n\u00e9 zpr\u00e1vy? Nebo trp\u00ed du\u0161evn\u00ed poruchou- fobi\u00ed?<\/p>\n<p>\u010cerno\u0161ka bez v\u00fdb\u011brov\u00e9ho \u0159\u00edzen\u00ed objednala nejen F35, ale i \u017eenijn\u00ed auta z Austr\u00e1lie a neur\u010dila k v\u00fdrob\u011b \u010desk\u00e9 firmy. V obou p\u0159\u00edpadech korupce jak vy\u0161it\u00e1. Kde je policie? Pardon, zapomn\u011bl jsem, \u017ee jde o mafi\u00e1nskou vl\u00e1du.<\/p>\n<p>Izrael jako prvn\u00ed zem\u011b na sv\u011bt\u011b vyr\u00e1b\u00ed laboratorn\u00ed um\u011bl\u00e9 maso. Dobrou chut! U n\u00e1s se zat\u00edm hmyz p\u0159id\u00e1v\u00e1 jen do mouky. Zat\u00edm&#8230;<\/p>\n<p>N\u011bme\u010dt\u00ed biskupov\u00e9 jsou proti demokracii a podporuj\u00ed islamizaci zem\u011b a Agendu 2030.<\/p>\n<p>WEF, OSN a svaz\u00e1k Lip\u00e1nek \u017e\u00e1daj\u00ed cenzuru, ID, um\u011blou inteligenci v\u0161ude. D\u00e1vno tvrd\u00edm, \u017ee nezral\u00e9 d\u011bti by nem\u011bly d\u011blat politiku.<\/p>\n<p>Zem\u011bd\u011blci v dal\u0161\u00edch zem\u00edch kop\u00edruj\u00ed Francouze mo\u010d\u016fvkou na vl\u00e1dn\u00ed budovy, blokov\u00e1n\u00edm d\u00e1lnic a celon\u00e1rodn\u00edmi protesty. P\u0159idaj\u00ed se v\u0161ichni zem\u011bd\u011blci i pracuj\u00edc\u00ed 12. nebo 19. \u00fanora?<\/p>\n<p><a href=\"https:\/\/www.czechfreepress.cz\/dalsi-blogy\/z-filmu-diktator.html\">Miroslav Petr<\/a><\/p>\n<p>&nbsp;<\/p>\n<p>&nbsp;<\/p>\n","protected":false},"excerpt":{"rendered":"<p>Tento proslov je p\u0159\u00edmo vy\u0161it\u00fd na na\u0161i sou\u010dasnou vl\u00e1du. &#8222;Lituji, ale j\u00e1 nechci b\u00fdt vl\u00e1dcem&#8230;<\/p>\n","protected":false},"author":2,"featured_media":37915,"comment_status":"closed","ping_status":"closed","sticky":false,"template":"","format":"standard","meta":[],"categories":[6],"tags":[582,29,39,122,40],"_links":{"self":[{"href":"https:\/\/www.infokuryr.cz\/n\/wp-json\/wp\/v2\/posts\/46392"}],"collection":[{"href":"https:\/\/www.infokuryr.cz\/n\/wp-json\/wp\/v2\/posts"}],"about":[{"href":"https:\/\/www.infokuryr.cz\/n\/wp-json\/wp\/v2\/types\/post"}],"author":[{"embeddable":true,"href":"https:\/\/www.infokuryr.cz\/n\/wp-json\/wp\/v2\/users\/2"}],"replies":[{"embeddable":true,"href":"https:\/\/www.infokuryr.cz\/n\/wp-json\/wp\/v2\/comments?post=46392"}],"version-history":[{"count":0,"href":"https:\/\/www.infokuryr.cz\/n\/wp-json\/wp\/v2\/posts\/46392\/revisions"}],"wp:featuredmedia":[{"embeddable":true,"href":"https:\/\/www.infokuryr.cz\/n\/wp-json\/wp\/v2\/media\/37915"}],"wp:attachment":[{"href":"https:\/\/www.infokuryr.cz\/n\/wp-json\/wp\/v2\/media?parent=46392"}],"wp:term":[{"taxonomy":"category","embeddable":true,"href":"https:\/\/www.infokuryr.cz\/n\/wp-json\/wp\/v2\/categories?post=46392"},{"taxonomy":"post_tag","embeddable":true,"href":"https:\/\/www.infokuryr.cz\/n\/wp-json\/wp\/v2\/tags?post=46392"}],"curies":[{"name":"wp","href":"https:\/\/api.w.org\/{rel}","templated":true}]}}