{"id":46388,"date":"2024-02-06T00:30:13","date_gmt":"2024-02-05T23:30:13","guid":{"rendered":"https:\/\/www.infokuryr.cz\/n\/?p=46388"},"modified":"2024-02-05T18:06:33","modified_gmt":"2024-02-05T17:06:33","slug":"patriarcha-kirill-veda-uznala-skutecnost-prichodu-jezise-krista","status":"publish","type":"post","link":"https:\/\/www.infokuryr.cz\/n\/2024\/02\/06\/patriarcha-kirill-veda-uznala-skutecnost-prichodu-jezise-krista\/","title":{"rendered":"Patriarcha Kirill: V\u011bda uznala skute\u010dnost p\u0159\u00edchodu Je\u017e\u00ed\u0161e Krista"},"content":{"rendered":"<div id=\"fb-root\"><\/div>\n<p class=\"lead\"><strong>V\u011bdci p\u0159estali pochybovat o realit\u011b Je\u017e\u00ed\u0161e Krista a p\u0159ijali ji jako fakt.\u00a0Ozn\u00e1mil to dnes 5. \u00fanora po liturgii v katedr\u00e1le Krista Spasitele v Moskv\u011b patriarcha moskevsk\u00fd a All Rus&#8216; Kirill.<\/strong><\/p>\n<p><span>Ortodoxn\u00ed k\u0159es\u0165an\u00e9 dnes slav\u00ed den Sboru nov\u00fdch mu\u010dedn\u00edk\u016f a vyznava\u010d\u016f rusk\u00e9 c\u00edrkve, kte\u0159\u00ed byli popraveni\u00a0v dob\u011b komunistick\u00fdch perzekuc\u00edch.<\/span><\/p>\n<p><em>\u201eV\u0161ichni seri\u00f3zn\u00ed v\u011bdci uzn\u00e1vaj\u00ed skute\u010dnost p\u0159\u00edchodu Je\u017e\u00ed\u0161e Krista na sv\u011bt.\u00a0Pokud to n\u011bkdo jin\u00fd odm\u00edtne, je to kv\u016fli negramotnosti a v\u011bdeck\u00e9 zaostalosti \u2013 a takov\u00ed lid\u00e9 u\u017e nejsou vid\u011bt.\u00a0Samoz\u0159ejm\u011b, \u017ee ne ka\u017ed\u00fd souhlas\u00ed s t\u00edm, \u017ee Je\u017e\u00ed\u0161 Nazaretsk\u00fd byl Syn Bo\u017e\u00ed, ale to je v\u011bc v\u00edry, nikoli v\u011bdy.\u201c<span class=\"after-quote\">\u00a0&#8211; \u0159ekl patriarcha.<\/span><\/em><\/p>\n<p><span>Dokonce ani studenti historie ji\u017e nejsou vystaveni \u201et\u011bmto druh\u016fm zcela protiv\u011bdeck\u00fdch a ahistorick\u00fdch prohl\u00e1\u0161en\u00ed,\u201c uvedl ve sv\u00e9m k\u00e1z\u00e1n\u00ed.<\/span><\/p>\n<p><img decoding=\"async\" loading=\"lazy\" class=\"alignnone size-full wp-image-1185\" src=\"http:\/\/www.infokuryr.cz\/n\/wp-content\/uploads\/2021\/04\/kuryr-podpis.png\" alt=\"\" width=\"84\" height=\"24\" \/><\/p>\n<p>&nbsp;<\/p>\n<p>&nbsp;<\/p>\n","protected":false},"excerpt":{"rendered":"<p>V\u011bdci p\u0159estali pochybovat o realit\u011b Je\u017e\u00ed\u0161e Krista a p\u0159ijali ji jako fakt.\u00a0Ozn\u00e1mil to dnes 5&#8230;.<\/p>\n","protected":false},"author":2,"featured_media":32210,"comment_status":"closed","ping_status":"closed","sticky":false,"template":"","format":"standard","meta":[],"categories":[7],"tags":[4167,2254,811],"_links":{"self":[{"href":"https:\/\/www.infokuryr.cz\/n\/wp-json\/wp\/v2\/posts\/46388"}],"collection":[{"href":"https:\/\/www.infokuryr.cz\/n\/wp-json\/wp\/v2\/posts"}],"about":[{"href":"https:\/\/www.infokuryr.cz\/n\/wp-json\/wp\/v2\/types\/post"}],"author":[{"embeddable":true,"href":"https:\/\/www.infokuryr.cz\/n\/wp-json\/wp\/v2\/users\/2"}],"replies":[{"embeddable":true,"href":"https:\/\/www.infokuryr.cz\/n\/wp-json\/wp\/v2\/comments?post=46388"}],"version-history":[{"count":0,"href":"https:\/\/www.infokuryr.cz\/n\/wp-json\/wp\/v2\/posts\/46388\/revisions"}],"wp:featuredmedia":[{"embeddable":true,"href":"https:\/\/www.infokuryr.cz\/n\/wp-json\/wp\/v2\/media\/32210"}],"wp:attachment":[{"href":"https:\/\/www.infokuryr.cz\/n\/wp-json\/wp\/v2\/media?parent=46388"}],"wp:term":[{"taxonomy":"category","embeddable":true,"href":"https:\/\/www.infokuryr.cz\/n\/wp-json\/wp\/v2\/categories?post=46388"},{"taxonomy":"post_tag","embeddable":true,"href":"https:\/\/www.infokuryr.cz\/n\/wp-json\/wp\/v2\/tags?post=46388"}],"curies":[{"name":"wp","href":"https:\/\/api.w.org\/{rel}","templated":true}]}}