{"id":46351,"date":"2024-02-06T00:34:30","date_gmt":"2024-02-05T23:34:30","guid":{"rendered":"https:\/\/www.infokuryr.cz\/n\/?p=46351"},"modified":"2024-02-05T16:41:12","modified_gmt":"2024-02-05T15:41:12","slug":"globaliste-uvolnuji-uhlikove-kontroly-a-vyhlasuji-valku-potravinam","status":"publish","type":"post","link":"https:\/\/www.infokuryr.cz\/n\/2024\/02\/06\/globaliste-uvolnuji-uhlikove-kontroly-a-vyhlasuji-valku-potravinam\/","title":{"rendered":"Globalist\u00e9 uvol\u0148uj\u00ed \u201euhl\u00edkov\u00e9 kontroly\u201c a vyhla\u0161uj\u00ed v\u00e1lku potravin\u00e1m"},"content":{"rendered":"<div id=\"fb-root\"><\/div>\n<div class=\"elementor-element elementor-element-1fb4c2c elementor-widget elementor-widget-theme-post-content\" data-id=\"1fb4c2c\" data-element_type=\"widget\" data-widget_type=\"theme-post-content.default\">\n<div class=\"elementor-widget-container\">\n<p><strong>Nevolen\u00e1 globalistick\u00e1 elita pou\u017e\u00edv\u00e1 novou zbra\u0148 k vyhl\u00e1\u0161en\u00ed v\u00e1lky sv\u011btov\u00e9mu z\u00e1sobov\u00e1n\u00ed potravinami.<\/strong><\/p>\n<p><span>Za\u010d\u00e1tkem roku 2020, uprost\u0159ed karant\u00e9ny Covid, modr\u00e9 st\u00e1ty veden\u00e9 levicov\u00fdmi guvern\u00e9ry prosazovaly mand\u00e1ty s extr\u00e9mn\u00edm stranictv\u00edm.<\/span><\/p>\n<p><span>V rud\u00fdch st\u00e1tech, jako je Montana, v\u011bt\u0161ina z n\u00e1s po prvn\u00edm m\u011bs\u00edci nebo dvou jednodu\u0161e ignorovala omezen\u00ed a pokra\u010dovala ve sv\u00e9m \u017eivot\u011b jako obvykle.<\/span><\/p>\n<p><span>Bylo jasn\u00e9, \u017ee Covid nep\u0159edstavuje hrozbu, kterou tvrdily feder\u00e1ln\u00ed \u00fa\u0159ady.<\/span><\/p>\n<p><span>Ale ve st\u00e1tech, jako je Michigan, se zvyk dostal pod rostouc\u00ed tlak, veden\u00fd stinn\u00fdmi v\u016fdci jako Gretchen Whitmer.<\/span><\/p>\n<p><span>Whitmer pou\u017eil Covid k zaveden\u00ed n\u011bkter\u00fdch bizarn\u00edch omezen\u00ed na ve\u0159ejnost, v\u010detn\u011b z\u00e1kazu v\u011bt\u0161\u00edch obchod\u016f prod\u00e1vat z\u00e1kazn\u00edk\u016fm semena a zahradnick\u00e9 pot\u0159eby.<\/span><\/p>\n<p><span>&#8222;Pokud si nechcete kupovat potraviny, l\u00e9ky nebo jin\u00e9 z\u00e1kladn\u00ed p\u0159edm\u011bty, nem\u011bli byste chodit do obchodu,&#8220; \u0159ekla Whitmerov\u00e1, kdy\u017e oznamovala svou objedn\u00e1vku.<\/span><\/p>\n<p><span>Levicov\u00fd hejtman nem\u011bl probl\u00e9m nakoupit losy a alkohol, ale ne zahradnick\u00e9 n\u00e1\u0159ad\u00ed a semena.<\/span><\/p>\n<p><span>Nikdy neuvedla logick\u00fd d\u016fvod, pro\u010d se zam\u011b\u0159it na zahradn\u00ed pot\u0159eby, ale v\u011bt\u0161ina lid\u00ed v komunit\u011b p\u0159ipravenosti velmi dob\u0159e ch\u00e1pala, co bylo v s\u00e1zce: Byl to beta test \u0161ir\u0161\u00edch omezen\u00ed potravinov\u00e9 nez\u00e1vislosti.<\/span><\/p>\n<p><span>B\u011bhem roku 2020 se v m\u00e9di\u00edch roz\u0161\u00ed\u0159ila r\u00e9torika napadaj\u00edc\u00ed ka\u017ed\u00e9ho, kdo si d\u011bl\u00e1 z\u00e1soby, jako \u201ehromadi\u010de\u201c, a nyn\u00ed po nich \u0161li lid\u00e9, kte\u0159\u00ed pl\u00e1nuj\u00ed dop\u0159edu a sna\u017e\u00ed se vyp\u011bstovat si vlastn\u00ed potraviny.<\/span><\/p>\n<p><span>Podnik NECHT\u011aL, aby si lid\u00e9 hromadili nebo vyr\u00e1b\u011bli sv\u00e9 vlastn\u00ed potraviny.<\/span><\/p>\n<p><span>Dal\u0161\u00edm pohledem, o kter\u00e9m globalist\u00e9 otev\u0159en\u011b diskutovali, byla my\u0161lenka, \u017ee uzam\u010den\u00ed nebyla jen \u201eu\u017eite\u010dn\u00e1\u201c k zastaven\u00ed \u0161\u00ed\u0159en\u00ed Covidu (uzamknut\u00ed byla ve skute\u010dnosti k zastaven\u00ed \u0161\u00ed\u0159en\u00ed Covidu k ni\u010demu).<\/span><\/p>\n<p><span>Navrhli, \u017ee tato opat\u0159en\u00ed by mohla b\u00fdt \u00fa\u010dinn\u00e1 p\u0159i prevenci glob\u00e1ln\u00edch emis\u00ed uhl\u00edku a z\u00e1chran\u011b sv\u011bta p\u0159ed \u201ezm\u011bnou klimatu\u201c.<\/span><\/p>\n<p><span>Od t\u00e9 doby korpor\u00e1tn\u00ed m\u00e9dia lhala o existenci agendy na odstaven\u00ed klimatu, ale \u010dl\u00e1nky a b\u00edl\u00e9 knihy vychvaluj\u00edc\u00ed p\u0159ednosti uzav\u0159en\u00ed planety ve jm\u00e9nu \u201ezm\u011bny klimatu\u201c lze snadno naj\u00edt a p\u0159e\u010d\u00edst.<\/span><\/p>\n<p><span>Globalist\u00e9 a jejich akademi\u010dt\u00ed mist\u0159i cht\u011bli TRVAL\u00c9 odst\u00e1vky nebo pr\u016fb\u011b\u017en\u00e9 odst\u00e1vky ka\u017ed\u00fdch n\u011bkolik m\u011bs\u00edc\u016f, kter\u00e9 by zastavily v\u011bt\u0161inu lidsk\u00e9 \u010dinnosti a cestov\u00e1n\u00ed mimo z\u00e1kladn\u00ed v\u00fdrobu.<\/span><\/p>\n<p><span>Dalo by se nam\u00edtnout, \u017ee to, co Whitmer ud\u011blal v Michiganu, bylo sou\u010d\u00e1st\u00ed t\u00e9to agendy \u2013 \u017ee jeho z\u00e1kaz zahradni\u010den\u00ed byl sou\u010d\u00e1st\u00ed \u0161ir\u0161\u00edho c\u00edle, kter\u00fd nem\u011bl nic spole\u010dn\u00e9ho s bezpe\u010dnost\u00ed ve\u0159ejn\u00e9ho zdrav\u00ed a se v\u0161\u00edm co do \u010din\u011bn\u00ed s br\u00e1n\u011bn\u00edm lidem v p\u0159\u00edprav\u011b.<\/span><\/p>\n<p><span>Kontroly Covid by m\u011bly b\u00fdt pouze p\u0159edch\u016fdcem kontrol uhl\u00edku.<\/span><\/p>\n<p><span>Minul\u00fd t\u00fdden to potvrdila studie University of Michigan, kter\u00e1 zjistila, \u017ee dom\u00e1c\u00ed potraviny produkuj\u00ed p\u011btkr\u00e1t v\u00edce uhl\u00edkov\u00fdch emis\u00ed ne\u017e pr\u016fmyslov\u00e9 metody zem\u011bd\u011blstv\u00ed.\u00a0Jin\u00fdmi slovy, soukrom\u00e9 zahrady by mohly b\u00fdt pova\u017eov\u00e1ny za hrozbu pro \u017eivotn\u00ed prost\u0159ed\u00ed.<\/span><\/p>\n<p><span>Telegraph a dal\u0161\u00ed obchodn\u00ed platformy na tento p\u0159\u00edb\u011bh sko\u010dily a mysl\u00edm, \u017ee to je d\u016fvod k obav\u00e1m.<\/span><\/p>\n<p><span>Studie zkoum\u00e1 r\u016fzn\u00e9 typy zahrad, od individu\u00e1ln\u00edch rodinn\u00fdch zahrad po m\u011bstsk\u00e9 a komunitn\u00ed zahrady, a tvrd\u00ed, \u017ee \u201ezahradn\u00ed infrastruktura\u201c pro jednotliv\u00e9 zahrady (nap\u0159. vyv\u00fd\u0161en\u00e9 z\u00e1hony) p\u0159isp\u00edv\u00e1 k mnohem v\u011bt\u0161\u00edmu zne\u010di\u0161t\u011bn\u00ed uhl\u00edkem ne\u017e velkoplo\u0161n\u00e9 zem\u011bd\u011blstv\u00ed.<\/span><\/p>\n<p><span>Zd\u00e1 se, \u017ee studie ignoruje skute\u010dnost, \u017ee vyv\u00fd\u0161en\u00e9 z\u00e1hony jsou efektivn\u011bj\u0161\u00ed a produkuj\u00ed v\u00edce j\u00eddla na men\u0161\u00edm prostoru, ale pochybuji, \u017ee tyto v\u011bci skute\u010dn\u011b zohled\u0148uj\u00ed.<\/span><\/p>\n<p><span>Pr\u016fm\u011brn\u00fd \u010dlov\u011bk by mohl b\u00fdt zmaten a p\u0159edpokl\u00e1dat opak \u2013 nebylo by pro \u017eivotn\u00ed prost\u0159ed\u00ed LEP\u0160\u00cd p\u011bstovat potraviny doma?<\/span><\/p>\n<p><span>Ne, pokud je va\u0161e financov\u00e1n\u00ed zalo\u017eeno na zobrazov\u00e1n\u00ed nez\u00e1visl\u00e9ho z\u00e1sobov\u00e1n\u00ed potravinami jako \u0161patn\u00e9ho pro planetu.<\/span><\/p>\n<p><span>Studie je financov\u00e1na \u0159adou mezin\u00e1rodn\u00edch skupin, v\u010detn\u011b programu Evropsk\u00e9 unie Horizont, kter\u00fd jako jeden z c\u00edl\u016f projektu uv\u00e1d\u00ed \u201e100 klimaticky neutr\u00e1ln\u00edch a chytr\u00fdch m\u011bst do roku 2030\u201c.<\/span><\/p>\n<p><span>T\u011bchto 100 m\u011bst pak bude slou\u017eit jako vzory, aby v\u0161echna m\u011bsta p\u0159ijala uhl\u00edkovou agendu do roku 2050.<\/span><\/p>\n<p><span>Takov\u00e9 korporace maj\u00ed k dispozici miliardy dolar\u016f a velkou \u010d\u00e1st t\u00e9to finan\u010dn\u00ed palebn\u00e9 s\u00edly vyu\u017e\u00edvaj\u00ed na v\u00fdzkum klimatu (propaganda).<\/span><\/p>\n<p><span>Byla michigansk\u00e1 studie zmanipulovan\u00e1 ve prosp\u011bch p\u0159edem stanoven\u00e9ho v\u00fdsledku?\u00a0Pravd\u011bpodobn\u011b.<\/span><\/p>\n<p><span>Kdy\u017e jsou takov\u00e9 studie financov\u00e1ny globalistick\u00fdmi z\u00e1jmy, zd\u00e1 se, \u017ee jejich v\u00fdsledky v\u017edy podporuj\u00ed globalistick\u00e9 c\u00edle.<\/span><\/p>\n<p><span>Samotn\u00e1 studie nemus\u00ed nutn\u011b tvrdit, \u017ee by lid\u00e9 m\u011bli p\u0159estat zahradni\u010dit, ale tvrd\u00ed, \u017ee kontrola uhl\u00edku je nezbytn\u00e1, a to i na individu\u00e1ln\u00ed \u00farovni.<\/span><\/p>\n<p><span>Zpr\u00e1va z Michiganu se m\u016f\u017ee zd\u00e1t jako bezv\u00fdznamn\u00e1 pozn\u00e1mka pod \u010darou.<\/span><\/p>\n<p><span>Ale jak jsme vid\u011bli minul\u00fd rok na studii Consumer Product Safety Commission o spot\u0159ebi\u010d\u00edch na zemn\u00ed plyn, takov\u00e9 mal\u00e9 a nejasn\u00e9 studie se \u010dasto pou\u017e\u00edvaj\u00ed k ospravedln\u011bn\u00ed rozs\u00e1hl\u00fdch vl\u00e1dn\u00edch z\u00e1sah\u016f do ka\u017edodenn\u00edho \u017eivota lid\u00ed.<\/span><\/p>\n<p><span>Studie CPSC vyvolala m\u011bs\u00edce debaty mezi demokraty v USA, kte\u0159\u00ed volali po z\u00e1kazu plynov\u00fdch spot\u0159ebi\u010d\u016f, v\u010detn\u011b spor\u00e1k\u016f, proto\u017ee by mohly zp\u016fsobit zdravotn\u00ed vedlej\u0161\u00ed \u00fa\u010dinky, zejm\u00e9na u d\u011bt\u00ed (uk\u00e1zalo se, \u017ee studie nem\u011bla \u017e\u00e1dn\u00fd konkr\u00e9tn\u00ed z\u00e1klad pro toto tvrzen\u00ed ).<\/span><\/p>\n<p><span>Levi\u010d\u00e1k\u016fm a globalist\u016fm nejde o ochranu zdrav\u00ed, ale sp\u00ed\u0161e o to, jak lze tyto studie vyvol\u00e1vaj\u00edc\u00ed strach vyu\u017e\u00edt ke zv\u00fd\u0161en\u00ed jejich moci.<\/span><\/p>\n<p><span>Jin\u00fdmi slovy, m\u016f\u017eete-li manipulovat v\u011bdou, m\u016f\u017eete manipulovat i z\u00e1kony.<\/span><\/p>\n<p><span>N\u011bco podobn\u00e9ho jsme vid\u011bli v roce 2006 ve studii OSN, kter\u00e1 tvrdila, \u017ee produkce masa p\u0159isp\u00edv\u00e1 t\u00e9m\u011b\u0159 20 procenty v\u0161ech emis\u00ed uhl\u00edku a je pro \u017eivotn\u00ed prost\u0159ed\u00ed hor\u0161\u00ed ne\u017e doprava.<\/span><\/p>\n<p><span>Studie byla v roce 2010 odhalena jako \u201echybn\u00e1\u201c (podvodn\u00e1), ale po l\u00e9ta m\u00e9dia a globalistick\u00e9 organizace vyu\u017e\u00edvaly jej\u00ed fale\u0161n\u00e9 z\u00e1v\u011bry jako odrazov\u00fd m\u016fstek k vol\u00e1n\u00ed po omezen\u00ed a z\u00e1kazu produkce masa ve jm\u00e9nu ochrany klimatu.<\/span><\/p>\n<p><span>Kdo se domn\u00edv\u00e1, \u017ee v\u00e1lka proti zem\u011bd\u011blstv\u00ed, kter\u00e1 v sou\u010dasnosti zu\u0159\u00ed v Evrop\u011b, zas\u00e1hne pouze pr\u016fmyslov\u00e9 podniky, je na omylu.<\/span><\/p>\n<p><span>Instituce se pokus\u00ed vyu\u017e\u00edt l\u017ei o zm\u011bn\u011b klimatu zp\u016fsoben\u00e9 \u010dlov\u011bkem k diktov\u00e1n\u00ed ve\u0161ker\u00e9 produkce potravin, a\u017e po va\u0161i skromnou zahradu.<\/span><\/p>\n<p><span>A sv\u00e9 snahy neomez\u00ed na EU, ale se stejn\u00fdmi omezen\u00edmi za\u00fato\u010d\u00ed i na americk\u00e9 farmy.<\/span><\/p>\n<p><span>P\u0159esn\u011b o tom jsou globalistick\u00e9 programy Net Zero a 15minutov\u00e1 m\u011bsta: jsou zalo\u017eeny na my\u0161lence, \u017ee ve\u0161ker\u00e1 lidsk\u00e1 \u010dinnost mus\u00ed b\u00fdt monitorov\u00e1na a kontrolov\u00e1na.<\/span><\/p>\n<p><span>\u0158\u00edkaj\u00ed, \u017ee je to pro dobro planety, ale syst\u00e9my, kter\u00e9 cht\u011bj\u00ed zav\u00e9st v letech 2030 a\u017e 2050, zn\u011bj\u00ed jako nov\u00fd digit\u00e1ln\u00ed feudalismus, spole\u010dnost, ve kter\u00e9 byrokracie monitoruje a mikro\u0159\u00edd\u00ed ka\u017ed\u00fd aspekt na\u0161eho \u017eivota.\u00a0Elity z toho maj\u00ed prosp\u011bch, ale nikdy nemohou dok\u00e1zat, \u017ee emise uhl\u00edku p\u0159edstavuj\u00ed pro n\u011bkoho nebezpe\u010d\u00ed.<\/span><\/p>\n<p><span>Pro\u010d to obsedantn\u00ed zam\u011b\u0159en\u00ed na j\u00eddlo?\u00a0Pokud maj\u00ed lid\u00e9 vlastn\u00ed j\u00eddlo, mohou b\u00fdt ochotn\u011bj\u0161\u00ed br\u00e1nit se dal\u0161\u00ed regulaci.<\/span><\/p>\n<p><span>Tak jednoduch\u00e9.<\/span><\/p>\n<p><span>C\u00edl je jasn\u00fd: kdo ovl\u00e1d\u00e1 j\u00eddlo, ovl\u00e1d\u00e1 sv\u011bt.<\/span><\/p>\n<p><span>Ud\u011blejte to ve jm\u00e9nu z\u00e1chrany planety a mnoho lid\u00ed v\u00e1m pod\u011bkuje, kdy\u017e je nech\u00e1te hladov\u011bt.<\/span><\/p>\n<\/div>\n<\/div>\n<div class=\"elementor-element elementor-element-8c57238 quelle dc-has-condition dc-condition-empty elementor-widget elementor-widget-heading\" data-id=\"8c57238\" data-element_type=\"widget\" data-widget_type=\"heading.default\">\n<div class=\"elementor-widget-container\">\n<h3 class=\"elementor-heading-title elementor-size-default\"><span style=\"font-size: 10pt;\"><a href=\"https:\/\/slaynews.com\/news\/globalists-carbon-controls-declare-war-food\/\" target=\"_blank\" rel=\"nofollow noopener\">ZDROJ<\/a><\/span><\/h3>\n<p>&nbsp;<\/p>\n<\/div>\n<\/div>\n","protected":false},"excerpt":{"rendered":"<p>Nevolen\u00e1 globalistick\u00e1 elita pou\u017e\u00edv\u00e1 novou zbra\u0148 k vyhl\u00e1\u0161en\u00ed v\u00e1lky sv\u011btov\u00e9mu z\u00e1sobov\u00e1n\u00ed potravinami. Za\u010d\u00e1tkem roku 2020,&#8230;<\/p>\n","protected":false},"author":2,"featured_media":46352,"comment_status":"closed","ping_status":"closed","sticky":false,"template":"","format":"standard","meta":[],"categories":[7],"tags":[1147,279,750,613],"_links":{"self":[{"href":"https:\/\/www.infokuryr.cz\/n\/wp-json\/wp\/v2\/posts\/46351"}],"collection":[{"href":"https:\/\/www.infokuryr.cz\/n\/wp-json\/wp\/v2\/posts"}],"about":[{"href":"https:\/\/www.infokuryr.cz\/n\/wp-json\/wp\/v2\/types\/post"}],"author":[{"embeddable":true,"href":"https:\/\/www.infokuryr.cz\/n\/wp-json\/wp\/v2\/users\/2"}],"replies":[{"embeddable":true,"href":"https:\/\/www.infokuryr.cz\/n\/wp-json\/wp\/v2\/comments?post=46351"}],"version-history":[{"count":0,"href":"https:\/\/www.infokuryr.cz\/n\/wp-json\/wp\/v2\/posts\/46351\/revisions"}],"wp:featuredmedia":[{"embeddable":true,"href":"https:\/\/www.infokuryr.cz\/n\/wp-json\/wp\/v2\/media\/46352"}],"wp:attachment":[{"href":"https:\/\/www.infokuryr.cz\/n\/wp-json\/wp\/v2\/media?parent=46351"}],"wp:term":[{"taxonomy":"category","embeddable":true,"href":"https:\/\/www.infokuryr.cz\/n\/wp-json\/wp\/v2\/categories?post=46351"},{"taxonomy":"post_tag","embeddable":true,"href":"https:\/\/www.infokuryr.cz\/n\/wp-json\/wp\/v2\/tags?post=46351"}],"curies":[{"name":"wp","href":"https:\/\/api.w.org\/{rel}","templated":true}]}}