{"id":46349,"date":"2024-02-06T00:33:04","date_gmt":"2024-02-05T23:33:04","guid":{"rendered":"https:\/\/www.infokuryr.cz\/n\/?p=46349"},"modified":"2024-02-05T16:38:52","modified_gmt":"2024-02-05T15:38:52","slug":"vedouci-predstavitele-eu-promrhaji-dalsich-50-miliard-eur-na-podporu-kyjevskeho-rezimu-a-sebezniceni","status":"publish","type":"post","link":"https:\/\/www.infokuryr.cz\/n\/2024\/02\/06\/vedouci-predstavitele-eu-promrhaji-dalsich-50-miliard-eur-na-podporu-kyjevskeho-rezimu-a-sebezniceni\/","title":{"rendered":"Vedouc\u00ed p\u0159edstavitel\u00e9 EU promrhaj\u00ed dal\u0161\u00edch 50 miliard eur na podporu kyjevsk\u00e9ho re\u017eimu&#8230; a sebezni\u010den\u00ed"},"content":{"rendered":"<div id=\"fb-root\"><\/div>\n<div class=\"elementor-element elementor-element-1fb4c2c elementor-widget elementor-widget-theme-post-content\" data-id=\"1fb4c2c\" data-element_type=\"widget\" data-widget_type=\"theme-post-content.default\">\n<div class=\"elementor-widget-container\">\n<p><strong><span>Evropsk\u00e9 elity vedou v Evrop\u011b v\u00e1lku proti jadern\u011b vyzbrojen\u00e9mu Rusku pl\u00fdtv\u00e1n\u00edm pen\u011bz ve\u0159ejnosti na podporu neonacistick\u00e9 mafie v Kyjev\u011b.<\/span><\/strong><\/p>\n<p><span>A kone\u010dn\u011b, hrozby, vyd\u00edr\u00e1n\u00ed a p\u0159etahov\u00e1n\u00ed ze strany Evropsk\u00e9 unie se vyplatily v prosazen\u00ed gigantick\u00e9ho bal\u00edku pomoci ve v\u00fd\u0161i 50 miliard eur pro beznad\u011bjn\u011b zkorumpovan\u00fd kyjevsk\u00fd re\u017eim.\u00a0Doch\u00e1z\u00ed k tomu v dob\u011b, kdy se evrop\u0161t\u00ed farm\u00e1\u0159i bou\u0159\u00ed proti v\u016fdc\u016fm EU kv\u016fli vy\u0161\u0161\u00edm n\u00e1klad\u016fm na energii a levn\u00e9mu dovozu z Ukrajiny, kter\u00fd je p\u0159iv\u00e1d\u00ed k bankrotu a ni\u010d\u00ed jejich \u017eivobyt\u00ed.<\/span><\/p>\n<p><span>Vedouc\u00ed p\u0159edstavitel\u00e9 EU p\u0159iv\u00e1d\u011bj\u00ed cel\u00fd blok 500 milion\u016f lid\u00ed k politick\u00e9 sebevra\u017ed\u011b.\u00a0Tento bezohledn\u00fd, kaval\u00edrsk\u00fd postoj je skute\u010dn\u011b p\u016fsobiv\u00fd.\u00a0P\u0159ineste vidle, d\u011bkujeme!<\/span><\/p>\n<p><span>27 v\u016fdc\u016f Evropsk\u00e9 unie se tento t\u00fdden se\u0161lo na mimo\u0159\u00e1dn\u00e9m summitu, nikoli proto, aby se zab\u00fdvali nar\u016fstaj\u00edc\u00edmi vnit\u0159n\u00edmi politick\u00fdmi, ekonomick\u00fdmi a soci\u00e1ln\u00edmi probl\u00e9my bloku, ale aby poskytli je\u0161t\u011b v\u011bt\u0161\u00ed pomoc Ukrajin\u011b, kter\u00e1 nen\u00ed \u010dlenem bloku, kter\u00fd m\u00e1 b\u00fdt vysl\u00e1n.<\/span><\/p>\n<p><span>Posledn\u00ed summit hlav st\u00e1t\u016f a vl\u00e1d v prosinci byl pod\u00edvanou na pomluvy a \u0161pinav\u00e9 tahanice.\u00a0Ma\u010farsk\u00fd premi\u00e9r Viktor Orban tehdy vetoval poskytnut\u00ed dal\u0161\u00edho financov\u00e1n\u00ed ukrajinsk\u00e9mu re\u017eimu, co\u017e vedlo k ho\u0159k\u00fdm obvin\u011bn\u00edm a spor\u016fm.\u00a0Tentokr\u00e1t v\u0161ak Ma\u010farsko ustoupilo siln\u00e9mu tlaku a s bal\u00ed\u010dkem souhlasilo.<\/span><\/p>\n<p><span>Dny p\u0159ed summitem v Bruselu tento t\u00fdden list Financial Times uvedl, \u017ee Evropsk\u00e1 rada vypracovala pl\u00e1ny na sabot\u00e1\u017e ma\u010farsk\u00e9 ekonomiky, pokud bude Budape\u0161\u0165 nad\u00e1le odm\u00edtat podepsat masivn\u00ed pl\u00e1n pomoci.\u00a0To vypov\u00edd\u00e1 o zvr\u00e1cen\u00e9 mentalit\u011b na vrcholu byrokracie EU.\u00a0Ukazuje to nedemokratickou povahu bloku, navzdory tvrzen\u00edm o opaku.<\/span><\/p>\n<p><span>Brusel ji\u017e zmrazil a\u017e 10 miliard eur centr\u00e1ln\u00edho financov\u00e1n\u00ed pro Ma\u010farsko a \u00fadajn\u011b pohrozil, \u017ee Budape\u0161\u0165 zbav\u00ed jej\u00edch hlasovac\u00edch pr\u00e1v v blokov\u00e9m rozhodov\u00e1n\u00ed, co\u017e je o\u010dividn\u00e9 poru\u0161en\u00ed z\u00e1sady jednomyslnosti deklarovan\u00e9 EU.<\/span><\/p>\n<p><span>P\u0159id\u011blen\u00ed 50 miliard eur ne\u010dlensk\u00e9 zemi je ohromuj\u00edc\u00ed.\u00a0Je\u0161t\u011b v\u00edce matouc\u00ed je, \u017ee posledn\u00ed \u0161t\u011bdrost p\u0159edstavuje jen zlomek celkov\u00e9 pomoci, kterou l\u00edd\u0159i EU napumpovali Ukrajin\u011b od vypuknut\u00ed z\u00e1stupn\u00e9 v\u00e1lky proti Rusku v \u00fanoru 2022.\u00a0Za posledn\u00ed dva roky poskytla Evropsk\u00e1 unie re\u017eimu v Kyjev\u011b odhadem 100 miliard eur.<\/span><\/p>\n<p><span>Spojen\u00e9 st\u00e1ty a dal\u0161\u00ed z\u00e1padn\u00ed spojenci poskytli Ukrajin\u011b dal\u0161\u00edch 100 miliard eur.\u00a0Zhruba polovina je ur\u010dena na zbran\u011b, druh\u00e1 polovina na vl\u00e1dn\u00ed financov\u00e1n\u00ed.<\/span><\/p>\n<p><span>Jak jsme zde ji\u017e poznamenali, kumulativn\u00ed financov\u00e1n\u00ed Ukrajiny ze strany Z\u00e1padu daleko p\u0159evy\u0161uje historick\u00fd Marshall\u016fv fond, kter\u00fd USA vy\u010dlenily na obnovu cel\u00e9 Evropy po druh\u00e9 sv\u011btov\u00e9 v\u00e1lce (asi 170 miliard eur v dne\u0161n\u00edch pen\u011bz\u00edch).<\/span><\/p>\n<p><span>Pro tuto mobilizaci finan\u010dn\u00ed podpory pro Ukrajinu prost\u011b neexistuje \u017e\u00e1dn\u00fd precedent ani ospravedlniteln\u00e9 od\u016fvodn\u011bn\u00ed.\u00a0To v\u0161e bylo p\u0159edvedeno jako hotov\u00e1 v\u011bc elitou bez demokratick\u00e9ho mand\u00e1tu.\u00a0Nekonala se \u017e\u00e1dn\u00e1 referenda s dotazem ve\u0159ejnosti na nep\u0159im\u011b\u0159en\u00e9 v\u00fddaje.\u00a0Pr\u016fzkumy ve skute\u010dnosti ukazuj\u00ed, \u017ee evropsk\u00e1 ve\u0159ejnost \u2013 stejn\u011b jako americk\u00e1 ve\u0159ejnost \u2013 je proti tomu, aby jejich vl\u00e1dy podporovaly Ukrajinu.<\/span><\/p>\n<p><span>Bidenova administrativa se pot\u00fdk\u00e1 s rostouc\u00ed opozic\u00ed v Kongresu, aby Ukrajin\u011b poskytla dal\u0161\u00edch 60 miliard dolar\u016f.<\/span><\/p>\n<p><span>Kyjevsk\u00fd re\u017eim pod veden\u00edm loutkov\u00e9ho prezidenta Vladimira Zelensk\u00e9ho je nav\u00edc synonymem buj\u00edc\u00ed korupce a \u00fatlaku.\u00a0Zdroje z Pentagonu p\u0159izn\u00e1vaj\u00ed, \u017ee kyjevsk\u00e9 junt\u011b bylo p\u0159esm\u011brov\u00e1no asi 400 milion\u016f dolar\u016f ve vojensk\u00fdch v\u00fddaj\u00edch.\u00a0Skute\u010dn\u00e9 \u010d\u00edslo je pravd\u011bpodobn\u011b je\u0161t\u011b vy\u0161\u0161\u00ed.<\/span><\/p>\n<p><span>Groteskn\u00ed p\u0159id\u011blov\u00e1n\u00ed financ\u00ed Ukrajin\u011b nem\u00e1 nic spole\u010dn\u00e9ho s podporou demokracie nebo obranou zem\u011b p\u0159ed \u00fadajnou ruskou agres\u00ed.<\/span><\/p>\n<p><span>L\u00edd\u0159i EU jako n\u011bmeck\u00fd kancl\u00e9\u0159 Olaf Scholz a p\u0159edsedkyn\u011b Evropsk\u00e9 komise Ursula von der Leyenov\u00e1 neust\u00e1le opakuj\u00ed mantru obrany Ukrajiny, proto\u017ee podle nich cel\u00e9 Evrop\u011b hroz\u00ed rusk\u00e1 invaze, pokud k tomu dojde, zem\u011b bude pora\u017eena.\u00a0Jde o nejabsurdn\u011bj\u0161\u00ed vyvol\u00e1v\u00e1n\u00ed strachu politik\u016f, kte\u0159\u00ed jsou ideologicky zaslepeni rusofobi\u00ed a jsou otroky z\u00e1padn\u00ed hegemonie.<\/span><\/p>\n<p><span>Posledn\u00ed injekce ve v\u00fd\u0161i 50 miliard eur do v\u00e1lkou usiluj\u00edc\u00edho ukrajinsk\u00e9ho re\u017eimu je otev\u0159en\u011b popisov\u00e1na jako prost\u0159edek k udr\u017een\u00ed vl\u00e1dy a zaplacen\u00ed plat\u016f a slu\u017eeb.\u00a0Jin\u00fdmi slovy, Ukrajina je zhroucen\u00fd st\u00e1t, a p\u0159esto se od evropsk\u00fdch ob\u010dan\u016f, d\u011bln\u00edk\u016f a farm\u00e1\u0159\u016f \u2013 kte\u0159\u00ed sami \u017eij\u00ed v t\u011b\u017ek\u00fdch ekonomick\u00fdch \u010dasech \u2013 o\u010dek\u00e1v\u00e1, \u017ee budou financovat zkorumpovanou kabalu.<\/span><\/p>\n<p><span>Krom\u011b toho, str\u00e1d\u00e1n\u00ed, kter\u00fdm trp\u00ed miliony evropsk\u00fdch ob\u010dan\u016f, je p\u0159\u00edm\u00fdm d\u016fsledkem toho, \u017ee jejich politi\u010dt\u00ed v\u016fdci a byrokratick\u00e1 elita v Bruselu souhlasili s nep\u0159\u00e1telskou agendou Spojen\u00fdch st\u00e1t\u016f v\u016f\u010di Rusku.<\/span><\/p>\n<p><span>Tato agrese veden\u00e1 USA, kter\u00e1 se datuje od CIA iniciovan\u00e9ho pu\u010de v Kyjev\u011b v roce 2014 s c\u00edlem dostat k moci neonacistick\u00fd re\u017eim, sabotovala evropskou ekonomiku.\u00a0Evrop\u0161t\u00ed l\u00edd\u0159i zr\u00e1dn\u011b slou\u017eili geopolitick\u00fdm z\u00e1jm\u016fm Washingtonu sp\u00ed\u0161e ne\u017e z\u00e1jm\u016fm b\u011b\u017en\u00fdch Evropan\u016f.\u00a0Nesmysln\u00e9 uvalov\u00e1n\u00ed sankc\u00ed proti Rusku vedlo k obrovsk\u00e9mu n\u00e1r\u016fstu cen energi\u00ed, decimuje evropsk\u00e9 podniky a \u017eivotn\u00ed \u00farove\u0148 spot\u0159ebitel\u016f, pracovn\u00edk\u016f a farm\u00e1\u0159\u016f.<\/span><\/p>\n<p><span>Vy\u0161\u0161\u00ed v\u00fdrobn\u00ed n\u00e1klady jsou hlavn\u00edm faktorem rostouc\u00edch protest\u016f farm\u00e1\u0159\u016f v cel\u00e9 Evrop\u011b.\u00a0Dal\u0161\u00edm faktorem je nedemokratick\u00fd dovoz levn\u011bj\u0161\u00edch zem\u011bd\u011blsk\u00fdch produkt\u016f EU z Ukrajiny jako \u00fastupek kyjevsk\u00e9mu re\u017eimu.\u00a0Tyto dovozy podkopaly zem\u011bd\u011blce v cel\u00e9 Evrop\u011b, v N\u011bmecku, Francii, It\u00e1lii, Nizozemsku, Polsku, Rumunsku, Ma\u010farsku a pobaltsk\u00fdch zem\u00edch.<\/span><\/p>\n<p><span>Skand\u00e1ln\u00ed zneu\u017e\u00edv\u00e1n\u00ed evropsk\u00fdch fond\u016f na podporu zkorumpovan\u00e9ho fa\u0161istick\u00e9ho re\u017eimu, kter\u00fd n\u00e1siln\u011b potla\u010duje politick\u00e9 oponenty, m\u00e9dia a pravoslavnou c\u00edrkev a oslavuje nacistick\u00e9 kolaboranty, slou\u017e\u00ed p\u0159edev\u0161\u00edm jednomu \u00fa\u010delu: prodlu\u017eov\u00e1n\u00ed z\u00e1stupn\u00e9 v\u00e1lky proti Rusku.\u00a0C\u00edlem t\u00e9to v\u00e1lky je kone\u010dn\u00e9 strategick\u00e9 podroben\u00ed.<\/span><\/p>\n<p><span>Z\u00e1padn\u00ed re\u017eimy jsou se sv\u00fdmi rozbit\u00fdmi kapitalistick\u00fdmi ekonomikami natolik zbankrotovan\u00e9 a impotentn\u00ed, \u017ee se pokou\u0161ej\u00ed vyu\u017e\u00edt obrovsk\u00e9 rusk\u00e9 p\u0159\u00edrodn\u00ed bohatstv\u00ed.\u00a0Toto je pokra\u010dov\u00e1n\u00ed politiky stanovi\u0161t\u011b nacistick\u00e9ho N\u011bmecka ze strany z\u00e1padn\u00edch imperialist\u016f.<\/span><\/p>\n<p><span>Ukrajina prohr\u00e1la z\u00e1stupnou v\u00e1lku proti Rusku.\u00a0Je to ostudn\u00fd, krimin\u00e1ln\u00ed debakl.\u00a0Za posledn\u00ed dva roky bylo zabito a\u017e 500 000 ukrajinsk\u00fdch voj\u00e1k\u016f nad\u0159\u00edzen\u00fdmi rusk\u00fdmi silami.\u00a0Podl\u00fd kyjevsk\u00fd re\u017eim chce samoz\u0159ejm\u011b udr\u017eet v\u00e1lku pro svou neukojitelnou touhu po pen\u011bz\u00edch.\u00a0Washington a jeho evrop\u0161t\u00ed vazalov\u00e9 ve vysok\u00fdch funkc\u00edch cht\u011bj\u00ed udr\u017eet v\u00e1lku na z\u00e1klad\u011b elitn\u00edch imperi\u00e1ln\u00edch ambic\u00ed \u2013 ambic\u00ed, kter\u00e9 jsou ve vznikaj\u00edc\u00edm multipol\u00e1rn\u00edm sv\u011btov\u00e9m \u0159\u00e1du nakonec marn\u00e9.<\/span><\/p>\n<p><span>Kdy\u017e se evrop\u0161t\u00ed l\u00edd\u0159i se\u0161li na Evropsk\u00e9 rad\u011b v Bruselu, Parlament zablokovali rozzloben\u00ed farm\u00e1\u0159i z cel\u00e9 Evropy.\u00a0Demonstranti naz\u00fdvali politiky jm\u00e9nem.\u00a0Pohrd\u00e1n\u00ed je jasn\u011b patrn\u00e9.\u00a0Pa\u0159\u00ed\u017e a dal\u0161\u00ed hlavn\u00ed m\u011bsta po cel\u00e9 Evrop\u011b jsou oble\u017eeny d\u00e1lni\u010dn\u00edmi blok\u00e1dami.\u00a0Ekonomiky jsou proto na pokraji.<\/span><\/p>\n<p><span>N\u011bkdo by mohl dokonce nab\u00fdt dojmu, \u017ee evrop\u0161t\u00ed farm\u00e1\u0159i ve Francii, N\u011bmecku, Belgii a jinde pou\u017e\u00edvaj\u00ed podobnou taktiku jako Jemenci u Rud\u00e9ho mo\u0159e.\u00a0Tla\u010d\u00edte \u00fazk\u00e1 hrdla a sledujete, jak se imp\u00e9rium oh\u00fdb\u00e1.<\/span><\/p>\n<p><span>To je fra\u0161ka, kterou si nelze p\u0159edstavit.\u00a0Evropsk\u00e9 elity vedou v Evrop\u011b v\u00e1lku proti jadern\u011b vyzbrojen\u00e9mu Rusku pl\u00fdtv\u00e1n\u00edm pen\u011bzi ve\u0159ejnosti na financov\u00e1n\u00ed neonacistick\u00e9 mafie v Kyjev\u011b, co\u017e je\u0161t\u011b v\u00edce zt\u011b\u017euje \u017eivoty evropsk\u00fdch ob\u010dan\u016f.\u00a0V\u00fdsledkem je politick\u00e1 a ekonomick\u00e1 sebevra\u017eda Evropsk\u00e9 unie.<\/span><\/p>\n<p><span>V \u010dervnu prob\u011bhnou v EU parlamentn\u00ed volby s dramatick\u00fdm n\u00e1r\u016fstem protiunijn\u00edch nebo euroskeptick\u00fdch stran.\u00a0Dva roky nesmysln\u00e9 v\u00e1lky na Ukrajin\u011b p\u0159i\u017eivuj\u00ed lidov\u00e9 znechucen\u00ed v\u016f\u010di elit\u011b.\u00a0Hn\u011bv, kter\u00fd se tam rozpout\u00e1v\u00e1, snad ani \u00fa\u010dast ve volb\u00e1ch nezvl\u00e1dne.\u00a0Zd\u00e1 se, \u017ee vztek p\u0159esahuje kontrolu mal\u00fdch X v krabici.\u00a0Bl\u00ed\u017e\u00ed se kolaps a hlavy se budou v\u00e1let.<\/span><\/p>\n<\/div>\n<\/div>\n<div class=\"elementor-element elementor-element-8c57238 quelle dc-has-condition dc-condition-empty elementor-widget elementor-widget-heading\" data-id=\"8c57238\" data-element_type=\"widget\" data-widget_type=\"heading.default\">\n<div class=\"elementor-widget-container\">\n<h3 class=\"elementor-heading-title elementor-size-default\"><span style=\"font-size: 10pt;\"><a href=\"https:\/\/strategic-culture.su\/news\/2024\/02\/02\/eu-leaders-squander-another-e50-billion-on-propping-up-kiev-regime-and-self-destruction\/\" target=\"_blank\" rel=\"nofollow noopener\">ZDROJ<\/a><\/span><\/h3>\n<\/div>\n<p>&nbsp;<\/p>\n<\/div>\n","protected":false},"excerpt":{"rendered":"<p>Evropsk\u00e9 elity vedou v Evrop\u011b v\u00e1lku proti jadern\u011b vyzbrojen\u00e9mu Rusku pl\u00fdtv\u00e1n\u00edm pen\u011bz ve\u0159ejnosti na podporu&#8230;<\/p>\n","protected":false},"author":2,"featured_media":46350,"comment_status":"closed","ping_status":"closed","sticky":false,"template":"","format":"standard","meta":[],"categories":[7],"tags":[1147,41,90,26],"_links":{"self":[{"href":"https:\/\/www.infokuryr.cz\/n\/wp-json\/wp\/v2\/posts\/46349"}],"collection":[{"href":"https:\/\/www.infokuryr.cz\/n\/wp-json\/wp\/v2\/posts"}],"about":[{"href":"https:\/\/www.infokuryr.cz\/n\/wp-json\/wp\/v2\/types\/post"}],"author":[{"embeddable":true,"href":"https:\/\/www.infokuryr.cz\/n\/wp-json\/wp\/v2\/users\/2"}],"replies":[{"embeddable":true,"href":"https:\/\/www.infokuryr.cz\/n\/wp-json\/wp\/v2\/comments?post=46349"}],"version-history":[{"count":0,"href":"https:\/\/www.infokuryr.cz\/n\/wp-json\/wp\/v2\/posts\/46349\/revisions"}],"wp:featuredmedia":[{"embeddable":true,"href":"https:\/\/www.infokuryr.cz\/n\/wp-json\/wp\/v2\/media\/46350"}],"wp:attachment":[{"href":"https:\/\/www.infokuryr.cz\/n\/wp-json\/wp\/v2\/media?parent=46349"}],"wp:term":[{"taxonomy":"category","embeddable":true,"href":"https:\/\/www.infokuryr.cz\/n\/wp-json\/wp\/v2\/categories?post=46349"},{"taxonomy":"post_tag","embeddable":true,"href":"https:\/\/www.infokuryr.cz\/n\/wp-json\/wp\/v2\/tags?post=46349"}],"curies":[{"name":"wp","href":"https:\/\/api.w.org\/{rel}","templated":true}]}}