{"id":46344,"date":"2024-02-05T07:32:49","date_gmt":"2024-02-05T06:32:49","guid":{"rendered":"https:\/\/www.infokuryr.cz\/n\/?p=46344"},"modified":"2024-02-05T07:36:23","modified_gmt":"2024-02-05T06:36:23","slug":"bidenova-logika-je-bianko-sek-rusko-se-muze-pomstit-za-sestreleni-il-76","status":"publish","type":"post","link":"https:\/\/www.infokuryr.cz\/n\/2024\/02\/05\/bidenova-logika-je-bianko-sek-rusko-se-muze-pomstit-za-sestreleni-il-76\/","title":{"rendered":"Bidenova logika je bianko \u0161ek: Rusko se m\u016f\u017ee pomst\u00edt za sest\u0159elen\u00ed Il-76"},"content":{"rendered":"<div id=\"fb-root\"><\/div>\n<p><span style=\"font-size: 14pt;\"><strong>Spojen\u00e9 st\u00e1ty nebo jeden z jejich vazal\u016f NATO dodaly na Ukrajinu rakety, kter\u00e9 sest\u0159elily dopravn\u00ed letoun Il-76 nad rusk\u00fdm \u00fazem\u00edm.\u00a0Podle Bidenovy logiky se t\u00edm USA nebo NATO pod\u00edlej\u00ed na smrteln\u00e9 agresi proti Rusku.<\/strong><\/span><\/p>\n<p>Joe Biden\u00a0<a href=\"https:\/\/freedert.online\/kurzclips\/video\/194381-nach-angriff-auf-us-militaerbasis\/\" target=\"_blank\" rel=\"noopener noreferrer\">tvrd\u00ed<\/a>\u00a0, \u017ee Spojen\u00e9 st\u00e1ty maj\u00ed pr\u00e1vo za\u00fato\u010dit na \u00cdr\u00e1n pot\u00e9, co byli p\u0159i \u00fatoku na americkou z\u00e1kladnu v Jord\u00e1nsku zabiti t\u0159i ameri\u010dt\u00ed voj\u00e1ci.\u00a0Biden sed\u00ed ve sv\u00e9m sklen\u011bn\u00e9m dom\u011b a h\u00e1z\u00ed kameny, kdy\u017e se pak pod\u00edv\u00e1me na p\u0159\u00edpad sest\u0159elen\u00ed rusk\u00e9ho transportn\u00edho letounu Il-76 v rusk\u00e9m vzdu\u0161n\u00e9m prostoru, p\u0159i kter\u00e9m zahynulo 65 ukrajinsk\u00fdch v\u00e1le\u010dn\u00fdch zajatc\u016f a dev\u011bt \u010dlen\u016f pos\u00e1dky.<\/p>\n<p>Zdaleka nen\u00ed jasn\u00e9, zda byl \u00cdr\u00e1n zapojen do \u00fatoku na americkou z\u00e1kladnu.\u00a0Teher\u00e1n to vehementn\u011b pop\u00edr\u00e1 a dokonce i Pentagon musel p\u0159iznat, \u017ee neexistuj\u00ed \u017e\u00e1dn\u00e9 d\u016fkazy o tom, \u017ee by se \u00cdr\u00e1n pod\u00edlel na \u00fatoku dronem.<\/p>\n<p>P\u0159esto Biden trval na tom, \u017ee pachatelem \u00fatoku byl \u00cdr\u00e1n a \u017ee to dalo USA pr\u00e1vo vojensky reagovat.\u00a0Pokud m\u016f\u017ee Biden vzn\u00e9st takov\u00e1 tvrzen\u00ed, pak by se Spojen\u00e9 st\u00e1ty a jejich spojenci v NATO m\u011bli zodpov\u00eddat za sest\u0159elen\u00ed dopravn\u00edho letadla Il-76 nad Ruskem.\u00a0Jedin\u011b tak m\u016f\u017ee argument interpretovat n\u011bkdo jin\u00fd ne\u017e americk\u00fd prezident.<\/p>\n<p>&#8222;B\u00fdt pohn\u00e1n k odpov\u011bdnosti&#8220; znamen\u00e1, \u017ee Rusko m\u00e1 pr\u00e1vo podniknout vojenskou odvetu proti pachatel\u016fm zlo\u010dinu, kter\u00fd zabil 74 lid\u00ed.\u00a0To by bylo v souladu s vlastn\u00edm argumentem Joe Bidena.\u00a0Biden pravd\u011bpodobn\u011b nemyslel na smrt\u00edc\u00ed incident z 24. ledna, p\u0159i kter\u00e9m bylo rusk\u00e9 dopravn\u00ed letadlo sest\u0159eleno raketou dodanou ze Z\u00e1padu.<\/p>\n<p>Americk\u00fd prezident odpov\u00eddal na dotazy novin\u00e1\u0159\u016f ohledn\u011b smrti t\u0159\u00ed p\u0159\u00edslu\u0161n\u00edk\u016f americk\u00e9 arm\u00e1dy na z\u00e1kladn\u011b v Jord\u00e1nsku, kter\u00e1 byla 28. ledna napadena ir\u00e1ck\u00fdmi milicemi.\u00a0Biden ozn\u00e1mil, \u017ee nakonec pova\u017euje \u00cdr\u00e1n za odpov\u011bdn\u00fd za smrt Ameri\u010dan\u016f a sl\u00edbil odvetu.\u00a0Jak americk\u00fd prezident, tak jeho r\u016fzn\u00ed mluv\u010d\u00ed toto prohl\u00e1\u0161en\u00ed pon\u011bkud rozporupln\u011b doplnili slovy, \u017ee Spojen\u00e9 st\u00e1ty nebudou usilovat o \u201eroz\u0161\u00ed\u0159enou v\u00e1lku\u201c s \u00cdr\u00e1nem, a\u010dkoli Biden zopakoval, \u017ee m\u00e1 v \u00famyslu za\u00fato\u010dit na \u00edr\u00e1nsk\u00e9 c\u00edle \u201ev dob\u011b, kterou si zvol\u00edme\u201c.\u00a0Pokud to neznamen\u00e1 \u201eroz\u0161\u00ed\u0159enou v\u00e1lku\u201c, co znamen\u00e1?\u00a0K \u00fatoku se p\u0159ihl\u00e1sila ir\u00e1ck\u00e1 milice Isl\u00e1msk\u00fd odpor, kter\u00e1 je spojencem \u00cdr\u00e1nu.\u00a0Na ot\u00e1zku, zda obvi\u0148uje \u00cdr\u00e1n, Biden odpov\u011bd\u011bl, \u017ee tak u\u010dinil \u201ev tom smyslu, \u017ee \u00cdr\u00e1n dodal zbran\u011b lidem, kte\u0159\u00ed to ud\u011blali\u201c.<\/p>\n<p>Ir\u00e1ck\u00e9 milice jsou podobn\u011b napojeny na Teher\u00e1n, stejn\u011b jako Hamas v Gaze, Hizball\u00e1h v Libanonu a S\u00fdrii a hnut\u00ed Ansar Allah v Jemenu.\u00a0V\u0161ichni akt\u00e9\u0159i jsou motivov\u00e1ni siln\u00fdm odporem k americk\u00e9 vojensk\u00e9 okupaci Bl\u00edzk\u00e9ho v\u00fdchodu a podporou Washingtonu genocidn\u00ed agresi Izraele v p\u00e1smu Gazy.\u00a0Spole\u010dn\u011b se \u00cdr\u00e1n a jeho spojenci tak\u00e9 ozna\u010duj\u00ed jako Osa odporu.<\/p>\n<p>Neexistuj\u00ed \u017e\u00e1dn\u00e9 d\u016fkazy o tom, \u017ee \u00cdr\u00e1n dodal zbran\u011b ozbrojenc\u016fm, kte\u0159\u00ed zabili t\u0159i americk\u00e9 voj\u00e1ky.\u00a0Teher\u00e1n dal jasn\u011b najevo, \u017ee ka\u017ed\u00fd \u010dlen Osy odporu m\u00e1 svou vlastn\u00ed rozhodovac\u00ed pravomoc a schopnost jednat.<\/p>\n<p>Naproti tomu dod\u00e1vky zbran\u00ed USA a dal\u0161\u00edch NATO kyjevsk\u00e9mu re\u017eimu jsou ve\u0159ejn\u011b poznamen\u00e1ny a dokonce i hl\u00e1\u0161eny v m\u00e9di\u00edch.\u00a0Odhaduje se, \u017ee Z\u00e1pad od vypuknut\u00ed z\u00e1stupn\u00e9 v\u00e1lky proti Rusku v \u00fanoru 2022 financoval Ukrajinu celkem 200 miliardami dolar\u016f.\u00a0Zhruba polovina z toho byla vynalo\u017eena na zbran\u011b, v\u010detn\u011b raket dlouh\u00e9ho doletu, jako jsou syst\u00e9my Patriot, Shadow Storm, Scalp a Iris-T.\u00a0Britsk\u00e9 a francouzsk\u00e9 \u0159\u00edzen\u00e9 st\u0159ely byly opakovan\u011b pou\u017e\u00edv\u00e1ny k ost\u0159elov\u00e1n\u00ed rusk\u00fdch pohrani\u010dn\u00edch oblast\u00ed s Ukrajinou, jako je Belgorod, co\u017e m\u011blo za n\u00e1sledek des\u00edtky mrtv\u00fdch civilist\u016f.<\/p>\n<p>A nyn\u00ed je v\u00edce ne\u017e jist\u00e9, \u017ee \u00fatok na transportn\u00ed letoun Il-76 byl proveden raketou dodanou Z\u00e1padem pot\u00e9, co se ru\u0161t\u00ed vy\u0161et\u0159ovatel\u00e9 z Vy\u0161et\u0159ovac\u00edho v\u00fdboru Rusk\u00e9 federace tento t\u00fdden poda\u0159ilo potvrdit podez\u0159en\u00ed, \u017ee n\u00e1kladn\u00ed letoun byl sest\u0159elen zbran\u00ed NATO \u2013 bu\u010f raketou Patriot americk\u00e9 v\u00fdroby nebo raketou zem\u011b-vzduch Iris-T dodanou z N\u011bmecka.<\/p>\n<p>Kdy\u017e byl Il-76 24. ledna sest\u0159elen nad ruskou Belgorodskou oblast\u00ed, rusk\u00e9 radary zaznamenaly sest\u0159elen\u00ed dvou objekt\u016f t\u00e9m\u011b\u0159 100 kilometr\u016f od c\u00edle.\u00a0Rakety byly \u00fadajn\u011b odp\u00e1leny z m\u011bsta Lipzy ve v\u00fdchodoukrajinsk\u00e9 oblasti Charkov.\u00a0P\u0159edpokl\u00e1d\u00e1 se, \u017ee takov\u00e9ho doletu mohou dos\u00e1hnout pouze st\u0159ely dod\u00e1van\u00e9 NATO ukrajinsk\u00fdm ozbrojen\u00fdm sil\u00e1m.\u00a0Po sest\u0159elen\u00ed Il-76 Kreml uvedl, \u017ee pokud se potvrd\u00ed, \u017ee p\u0159i sest\u0159elen\u00ed byly pou\u017eity z\u00e1padn\u00ed zbran\u011b, bude Rusko pova\u017eovat Z\u00e1pad za spoluvin\u00edka na zlo\u010dinu.<\/p>\n<p>Prvn\u00ed n\u00e1m\u011bstek st\u00e1l\u00e9ho p\u0159edstavitele Ruska p\u0159i OSN Dmitrij Poljanskij 26. ledna \u0159ekl: &#8222;Podle p\u0159edb\u011b\u017en\u00fdch vy\u0161et\u0159ov\u00e1n\u00ed provedly ukrajinsk\u00e9 ozbrojen\u00e9 s\u00edly tento teroristick\u00fd \u00fatok pomoc\u00ed protiletadlov\u00e9ho raketov\u00e9ho syst\u00e9mu. Tyto rakety byly odp\u00e1leny z obce Lipzy v Charkovsk\u00e9 oblasti.\u201c\u00a0D\u00e1le dodal: &#8222;Mohly to b\u00fdt bu\u010f americk\u00e9 rakety Patriot, nebo rakety Iris-T dodan\u00e9 N\u011bmeckem. Pokud se to potvrd\u00ed, z\u00e1padn\u00ed dodavatel\u00e9 t\u011bchto raket se stanou spoluvin\u00edky tohoto zlo\u010dinu. Pod\u00edlej\u00ed se tak\u00e9 na ost\u0159elov\u00e1n\u00ed m\u00edrumilovn\u00fdch rusk\u00fdch m\u011bst, kterou prov\u00e1d\u011bj\u00ed ukrajinsk\u00e9 ozbrojen\u00e9 s\u00edly se z\u00e1padn\u00edmi zbran\u011bmi.&#8220;<\/p>\n<p>USA nebo n\u011bkter\u00fd z jejich vazal\u016f NATO dodaly tyto zbran\u011b Ukrajin\u011b.\u00a0T\u00edm se USA nebo NATO pod\u00edlej\u00ed na smrteln\u00e9 agresi proti Rusku.\u00a0A za pou\u017eit\u00ed stejn\u00e9 logiky jako m\u00e1 Joe Biden v p\u0159\u00edpad\u011b \u00cdr\u00e1nu \u2013 \u201eve smyslu, \u017ee dali zbran\u011b lidem, kte\u0159\u00ed to ud\u011blali\u201c \u2013 dal Biden Rusku volnou ruku k pron\u00e1sledov\u00e1n\u00ed c\u00edl\u016f USA nebo NATO, aby za\u00fato\u010dilo v odvet\u011b.<\/p>\n<p><em><strong>Autor Finian Cunningham: <\/strong>\u00a0je ocen\u011bn\u00fd novin\u00e1\u0159.\u00a0V\u00edce ne\u017e 25 let pracoval jako redaktor a autor pro noviny jako Mirror, Independent, Irish Times a Irish Independent.<\/em><\/p>\n<p>&nbsp;<\/p>\n<p>&nbsp;<\/p>\n","protected":false},"excerpt":{"rendered":"<p>Spojen\u00e9 st\u00e1ty nebo jeden z jejich vazal\u016f NATO dodaly na Ukrajinu rakety, kter\u00e9 sest\u0159elily dopravn\u00ed&#8230;<\/p>\n","protected":false},"author":2,"featured_media":45861,"comment_status":"closed","ping_status":"closed","sticky":false,"template":"","format":"standard","meta":[],"categories":[7],"tags":[72,29,447,2070,22],"_links":{"self":[{"href":"https:\/\/www.infokuryr.cz\/n\/wp-json\/wp\/v2\/posts\/46344"}],"collection":[{"href":"https:\/\/www.infokuryr.cz\/n\/wp-json\/wp\/v2\/posts"}],"about":[{"href":"https:\/\/www.infokuryr.cz\/n\/wp-json\/wp\/v2\/types\/post"}],"author":[{"embeddable":true,"href":"https:\/\/www.infokuryr.cz\/n\/wp-json\/wp\/v2\/users\/2"}],"replies":[{"embeddable":true,"href":"https:\/\/www.infokuryr.cz\/n\/wp-json\/wp\/v2\/comments?post=46344"}],"version-history":[{"count":0,"href":"https:\/\/www.infokuryr.cz\/n\/wp-json\/wp\/v2\/posts\/46344\/revisions"}],"wp:featuredmedia":[{"embeddable":true,"href":"https:\/\/www.infokuryr.cz\/n\/wp-json\/wp\/v2\/media\/45861"}],"wp:attachment":[{"href":"https:\/\/www.infokuryr.cz\/n\/wp-json\/wp\/v2\/media?parent=46344"}],"wp:term":[{"taxonomy":"category","embeddable":true,"href":"https:\/\/www.infokuryr.cz\/n\/wp-json\/wp\/v2\/categories?post=46344"},{"taxonomy":"post_tag","embeddable":true,"href":"https:\/\/www.infokuryr.cz\/n\/wp-json\/wp\/v2\/tags?post=46344"}],"curies":[{"name":"wp","href":"https:\/\/api.w.org\/{rel}","templated":true}]}}