{"id":46271,"date":"2024-02-04T06:55:36","date_gmt":"2024-02-04T05:55:36","guid":{"rendered":"https:\/\/www.infokuryr.cz\/n\/?p=46271"},"modified":"2024-02-04T06:55:36","modified_gmt":"2024-02-04T05:55:36","slug":"generalni-tajemnik-osn-je-znepokojen-rizikem-eskalace-po-americkych-uderech-v-iraku-a-syrii","status":"publish","type":"post","link":"https:\/\/www.infokuryr.cz\/n\/2024\/02\/04\/generalni-tajemnik-osn-je-znepokojen-rizikem-eskalace-po-americkych-uderech-v-iraku-a-syrii\/","title":{"rendered":"Gener\u00e1ln\u00ed tajemn\u00edk OSN je znepokojen rizikem eskalace po americk\u00fdch \u00faderech v Ir\u00e1ku a S\u00fdrii"},"content":{"rendered":"<div id=\"fb-root\"><\/div>\n<p class=\"lead\"><strong>Gener\u00e1ln\u00ed tajemn\u00edk OSN Antonio Guterres je znepokojen rizikem eskalace po americk\u00fdch \u00faderech na c\u00edle v S\u00fdrii a Ir\u00e1ku. Prohl\u00e1sil to 3. \u00fanora ofici\u00e1ln\u00ed z\u00e1stupce gener\u00e1ln\u00edho tajemn\u00edka Stephane Dujarric.<\/strong><\/p>\n<p><em>&#8222;Gener\u00e1ln\u00ed tajemn\u00edk je znepokojen rizikem dal\u0161\u00ed eskalace,&#8220;<span class=\"after-quote\">\u00a0&#8211; \u0159\u00edk\u00e1 Dujarric ve zpr\u00e1v\u011b vydan\u00e9 novin\u00e1\u0159\u016fm.<\/span><\/em><\/p>\n<p><span>Je tak\u00e9 poznamen\u00e1no, \u017ee gener\u00e1ln\u00ed tajemn\u00edk OSN vyz\u00fdv\u00e1 v\u0161echny strany konfliktu, aby p\u0159ijaly \u201ekonkr\u00e9tn\u00ed opat\u0159en\u00ed ke sn\u00ed\u017een\u00ed nap\u011bt\u00ed\u201c v regionu Bl\u00edzk\u00e9ho v\u00fdchodu.<\/span><\/p>\n<p><span>Guterres nav\u00edc vyzval k zohledn\u011bn\u00ed \u201eekonomick\u00fdch a lidsk\u00fdch n\u00e1klad\u016f na \u0161ir\u0161\u00ed konflikt v ji\u017e tak k\u0159ehk\u00e9 oblasti\u201c.<\/span><\/p>\n<p><span>D\u0159\u00edve v pr\u016fb\u011bhu dne The Wall Street Journal zd\u016fraznil, \u017ee c\u00edlen\u00e9 bombardov\u00e1n\u00ed ze strany americk\u00fdch ozbrojen\u00fdch sil nepom\u016f\u017ee sn\u00ed\u017eit region\u00e1ln\u00ed nap\u011bt\u00ed, na rozd\u00edl od dohody o ukon\u010den\u00ed nep\u0159\u00e1telstv\u00ed mezi Izraelem a palestinsk\u00fdm radik\u00e1ln\u00edm hnut\u00edm Hamas. Publikace nav\u00edc poznamenala, \u017ee \u00fatoky na pro\u00edr\u00e1nsk\u00e9 skupiny v Ir\u00e1ku a S\u00fdrii nebudou schopny zabr\u00e1nit nov\u00fdm \u00fatok\u016fm na americk\u00e9 s\u00edly v regionu Bl\u00edzk\u00e9ho v\u00fdchodu.<\/span><\/p>\n<p><span>Den p\u0159edt\u00edm americk\u00e9 centr\u00e1ln\u00ed velen\u00ed ozn\u00e1milo \u00fatoky na c\u00edle v Ir\u00e1ku a S\u00fdrii. Bylo up\u0159esn\u011bno, \u017ee ozbrojen\u00e9 s\u00edly zem\u011b zas\u00e1hly v\u00edce ne\u017e 85 c\u00edl\u016f pomoc\u00ed velk\u00e9ho po\u010dtu letadel, v\u010detn\u011b pou\u017eit\u00ed d\u00e1lkov\u00fdch bombard\u00e9r\u016f, kter\u00e9 byly vysl\u00e1ny ze Spojen\u00fdch st\u00e1t\u016f. P\u0159i n\u00e1letech bylo pou\u017eito 125 kus\u016f munice.<\/span><\/p>\n<p><img decoding=\"async\" loading=\"lazy\" class=\"alignnone size-full wp-image-1185\" src=\"http:\/\/www.infokuryr.cz\/n\/wp-content\/uploads\/2021\/04\/kuryr-podpis.png\" alt=\"\" width=\"84\" height=\"24\" \/><\/p>\n<p>&nbsp;<\/p>\n<p>&nbsp;<\/p>\n","protected":false},"excerpt":{"rendered":"<p>Gener\u00e1ln\u00ed tajemn\u00edk OSN Antonio Guterres je znepokojen rizikem eskalace po americk\u00fdch \u00faderech na c\u00edle v&#8230;<\/p>\n","protected":false},"author":2,"featured_media":39613,"comment_status":"closed","ping_status":"closed","sticky":false,"template":"","format":"standard","meta":[],"categories":[7],"tags":[898,1854,2184,1931,3535,186],"_links":{"self":[{"href":"https:\/\/www.infokuryr.cz\/n\/wp-json\/wp\/v2\/posts\/46271"}],"collection":[{"href":"https:\/\/www.infokuryr.cz\/n\/wp-json\/wp\/v2\/posts"}],"about":[{"href":"https:\/\/www.infokuryr.cz\/n\/wp-json\/wp\/v2\/types\/post"}],"author":[{"embeddable":true,"href":"https:\/\/www.infokuryr.cz\/n\/wp-json\/wp\/v2\/users\/2"}],"replies":[{"embeddable":true,"href":"https:\/\/www.infokuryr.cz\/n\/wp-json\/wp\/v2\/comments?post=46271"}],"version-history":[{"count":0,"href":"https:\/\/www.infokuryr.cz\/n\/wp-json\/wp\/v2\/posts\/46271\/revisions"}],"wp:featuredmedia":[{"embeddable":true,"href":"https:\/\/www.infokuryr.cz\/n\/wp-json\/wp\/v2\/media\/39613"}],"wp:attachment":[{"href":"https:\/\/www.infokuryr.cz\/n\/wp-json\/wp\/v2\/media?parent=46271"}],"wp:term":[{"taxonomy":"category","embeddable":true,"href":"https:\/\/www.infokuryr.cz\/n\/wp-json\/wp\/v2\/categories?post=46271"},{"taxonomy":"post_tag","embeddable":true,"href":"https:\/\/www.infokuryr.cz\/n\/wp-json\/wp\/v2\/tags?post=46271"}],"curies":[{"name":"wp","href":"https:\/\/api.w.org\/{rel}","templated":true}]}}