{"id":46230,"date":"2024-02-04T00:35:55","date_gmt":"2024-02-03T23:35:55","guid":{"rendered":"https:\/\/www.infokuryr.cz\/n\/?p=46230"},"modified":"2024-02-03T16:29:08","modified_gmt":"2024-02-03T15:29:08","slug":"zastinit-zlociny-v-gaze-svet-reaguje-na-americke-utoky-na-irak-a-syrii","status":"publish","type":"post","link":"https:\/\/www.infokuryr.cz\/n\/2024\/02\/04\/zastinit-zlociny-v-gaze-svet-reaguje-na-americke-utoky-na-irak-a-syrii\/","title":{"rendered":"\u201eZast\u00ednit zlo\u010diny v Gaze\u201c: Sv\u011bt reaguje na americk\u00e9 \u00fatoky na Ir\u00e1k a S\u00fdrii"},"content":{"rendered":"<div id=\"fb-root\"><\/div>\n<p><span style=\"font-size: 18pt;\"><strong>\u00cdr\u00e1n, Ir\u00e1k a S\u00fdrie americk\u00e9 \u00fadery d\u016frazn\u011b odsoudily s t\u00edm, \u017ee pouze eskaluj\u00ed region\u00e1ln\u00ed nap\u011bt\u00ed<\/strong><\/span><\/p>\n<p>Spojen\u00e9 st\u00e1ty\u00a0<a href=\"https:\/\/www.aljazeera.com\/news\/2024\/2\/2\/us-launches-strikes-in-response-to-attack-that-killed-troops-in-jordan\">provedly vlnu leteck\u00fdch \u00fatok\u016f<\/a>\u00a0na c\u00edle spojen\u00e9 s \u00cdr\u00e1nem v Ir\u00e1ku a S\u00fdrii jako odvetu za \u00fatok, kter\u00fd zabil americk\u00e9 voj\u00e1ky v Jord\u00e1nsku.<\/p>\n<p>V sobotu Ir\u00e1k uvedl, \u017ee na jeho p\u016fd\u011b bylo zabito 16 lid\u00ed, v\u010detn\u011b civilist\u016f, a monitorovac\u00ed skupina uvedla, \u017ee v S\u00fdrii bylo zabito 18 lid\u00ed.<\/p>\n<p>Washington\u00a0<a href=\"https:\/\/www.aljazeera.com\/news\/2024\/2\/3\/us-warns-of-more-retaliatory-strikes-as-it-hits-iraq-syria-amid-gaza-war\">varoval p\u0159ed dal\u0161\u00edmi \u00fadery<\/a>\u00a0, kter\u00e9 maj\u00ed \u00fadajn\u011b odradit \u00cdr\u00e1nem podporovanou \u201eosu odporu\u201c uprost\u0159ed\u00a0<a href=\"https:\/\/www.aljazeera.com\/tag\/israel-war-on-gaza\/\">izraelsk\u00e9 v\u00e1lky v Gaze<\/a>\u00a0.\u00a0P\u0159i ozn\u00e1men\u00ed no\u010dn\u00edch \u00fatok\u016f americk\u00fd prezident Joe Biden \u0159ekl: \u201eNa\u0161e reakce za\u010dala dnes.\u00a0Bude pokra\u010dovat v \u010dasech a m\u00edstech, kter\u00e9 si zvol\u00edme.\u201c<\/p>\n<p>Zde je uvedeno, jak sv\u011bt reagoval na akci USA:<\/p>\n<h2 id=\"iran\">\u00cdr\u00e1n<\/h2>\n<p>\u201e\u00datoky jsou poru\u0161en\u00edm suverenity a \u00fazemn\u00ed celistvosti Ir\u00e1ku a S\u00fdrie, mezin\u00e1rodn\u00edho pr\u00e1va a jasn\u00fdm poru\u0161en\u00edm Charty Organizace spojen\u00fdch n\u00e1rod\u016f,\u201c uvedl mluv\u010d\u00ed ministerstva zahrani\u010d\u00ed N\u00e1sir Kanaani.<\/p>\n<p>\u201eKrom\u011b tot\u00e1ln\u00ed podpory USA po \u010dty\u0159i m\u011bs\u00edce nel\u00edtostn\u00fdch a barbarsk\u00fdch \u00fatok\u016f sionistick\u00e9ho re\u017eimu proti obyvatel\u016fm Gazy a Z\u00e1padn\u00edho b\u0159ehu a vojensk\u00fdch \u00fatok\u016f na Jemen a poru\u0161ov\u00e1n\u00ed suverenity a \u00fazemn\u00ed celistvosti zem\u011b, \u00datoky v\u010derej\u0161\u00ed noci na S\u00fdrii a Ir\u00e1k byly dal\u0161\u00ed dobrodru\u017enou akc\u00ed a dal\u0161\u00ed strategickou chybou americk\u00e9 vl\u00e1dy, kter\u00e1 nebude m\u00edt jin\u00fd v\u00fdsledek ne\u017e zintenzivn\u011bn\u00ed nap\u011bt\u00ed a nestability v regionu.<\/p>\n<p>\u201e\u00datoky pouze podporuj\u00ed c\u00edle sionistick\u00e9ho re\u017eimu.\u00a0Takov\u00e9 \u00fatoky st\u00e1le v\u00edce zahrnuj\u00ed americkou vl\u00e1du v regionu a zasti\u0148uj\u00ed zlo\u010diny sionistick\u00e9ho re\u017eimu v Gaze.<\/p>\n<h2 id=\"iraq\">Ir\u00e1k<\/h2>\n<p>\u201eTento agresivn\u00ed \u00fader postav\u00ed bezpe\u010dnost v Ir\u00e1ku a regionu na pokraj propasti,\u201c uvedla v prohl\u00e1\u0161en\u00ed ir\u00e1ck\u00e1 vl\u00e1da a pop\u0159ela tvrzen\u00ed Washingtonu o koordinaci n\u00e1let\u016f s Bagd\u00e1dem jako \u201enepravdiv\u00e1\u201c a \u201ezam\u011b\u0159en\u00e1 na klam\u00e1n\u00ed mezin\u00e1rodn\u00ed ve\u0159ejnosti\u201c.<\/p>\n<p>P\u0159\u00edtomnost vojensk\u00e9 koalice pod veden\u00edm USA v regionu \u201ese stala d\u016fvodem pro ohro\u017een\u00ed bezpe\u010dnosti a stability v Ir\u00e1ku a ospravedln\u011bn\u00edm pro zapojen\u00ed Ir\u00e1ku do region\u00e1ln\u00edch a mezin\u00e1rodn\u00edch konflikt\u016f\u201c, stoj\u00ed v prohl\u00e1\u0161en\u00ed \u00fa\u0159adu premi\u00e9ra Mohammeda Shia al-Sudani.<\/p>\n<p>\u201eIr\u00e1k opakuje, \u017ee odm\u00edt\u00e1 nechat zemi b\u00fdt ar\u00e9nou pro vy\u0159izov\u00e1n\u00ed \u00fa\u010dt\u016f,\u201c uvedl mluv\u010d\u00ed vl\u00e1dy Basim Alwadi.<\/p>\n<p>Yahya Rasool, mluv\u010d\u00ed ir\u00e1ck\u00e9 arm\u00e1dy, uvedl, \u017ee \u00fatoky \u201ep\u0159edstavuj\u00ed poru\u0161en\u00ed ir\u00e1ck\u00e9 suverenity, podkop\u00e1vaj\u00ed \u00fasil\u00ed ir\u00e1ck\u00e9 vl\u00e1dy a p\u0159edstavuj\u00ed hrozbu, kter\u00e1 by mohla v\u00e9st Ir\u00e1k a region k hrozn\u00fdm n\u00e1sledk\u016fm\u201c.<\/p>\n<p>\u201eV\u00fdsledky budou m\u00edt v\u00e1\u017en\u00e9 dopady na bezpe\u010dnost a stabilitu v Ir\u00e1ku a okoln\u00edm regionu,\u201c dodal Rasool.<\/p>\n<h2 id=\"syria\">S\u00fdrie<\/h2>\n<p>Ministerstvo zahrani\u010dn\u00edch v\u011bc\u00ed uvedlo, \u017ee \u00fadery poslou\u017eily k \u201eextr\u00e9mn\u011b nebezpe\u010dn\u00fdm zp\u016fsobem rozdm\u00fdch\u00e1n\u00ed konfliktu na Bl\u00edzk\u00e9m v\u00fdchod\u011b\u201c a p\u0159idalo se k \u201ez\u00e1znamu o poru\u0161ov\u00e1n\u00ed suverenity, \u00fazemn\u00ed celistvosti a bezpe\u010dnosti syrsk\u00e9ho lidu ve Washingtonu, co\u017e znovu dokazuje, \u017ee je hlavn\u00edm zdrojem glob\u00e1ln\u00ed nestability\u201c.<\/p>\n<p>Arm\u00e1da uvedla: \u201eOblast, na kterou se zam\u011b\u0159ily americk\u00e9 \u00fatoky ve v\u00fdchodn\u00ed S\u00fdrii, je stejn\u00e1 oblast, kde syrsk\u00e1 arabsk\u00e1 arm\u00e1da bojuje se zbytky teroristick\u00e9 organizace Daesh [ISIL], a to potvrzuje, \u017ee jsou zapojeny Spojen\u00e9 st\u00e1ty a jejich vojensk\u00e9 s\u00edly a spojili se s touto organizac\u00ed a sna\u017e\u00ed se ji o\u017eivit jako jej\u00ed poln\u00ed zbra\u0148 v S\u00fdrii i Ir\u00e1ku v\u0161emi \u0161pinav\u00fdmi prost\u0159edky.&#8220;<\/p>\n<p>&#8222;Dne\u0161n\u00ed agrese americk\u00fdch okupa\u010dn\u00edch sil za \u00fasvitu nem\u00e1 jin\u00e9 ospravedln\u011bn\u00ed ne\u017e pokus oslabit schopnost syrsk\u00e9 arabsk\u00e9 arm\u00e1dy a jej\u00edch spojenc\u016f na poli boje proti terorismu.&#8220;<\/p>\n<h2 id=\"islamic-resistance-in-iraq\">Isl\u00e1msk\u00fd odboj v Ir\u00e1ku<\/h2>\n<p>Koalice ozbrojen\u00fdch skupin USA a Izraele v Ir\u00e1ku, kter\u00e1 po\u010d\u00e1tkem tohoto t\u00fddne \u201epozastavila\u201c sv\u00e9 \u00fatoky, uvedla, \u017ee vypustila drony na z\u00e1kladnu USA v Erbilu.<\/p>\n<p>Mahm\u00fad Abdelwahed z Al-D\u017eaz\u00edry informoval z Bagd\u00e1du, \u017ee ir\u00e1ck\u00e9 skupiny tak\u00e9 provedly \u00fatoky raketami zam\u011b\u0159en\u00fdmi na vojenskou z\u00e1kladnu al-Tanf v S\u00fdrii, kter\u00e1 je domovem americk\u00e9ho person\u00e1lu, a tak\u00e9 na z\u00e1kladnu Ain al-Assad v z\u00e1padn\u00edm Ir\u00e1ku.<\/p>\n<h2 id=\"hamas\">Ham\u00e1s<\/h2>\n<p>\u201eCo nejd\u016frazn\u011bji odsuzujeme americkou agresi proti Ir\u00e1ku a S\u00fdrii a pova\u017eujeme ji za nebezpe\u010dnou eskalaci, naru\u0161en\u00ed suverenity obou arabsk\u00fdch zem\u00ed a ohro\u017een\u00ed jejich bezpe\u010dnosti a stability regionu ve slu\u017eb\u00e1ch okupa\u010dn\u00ed expanzivn\u00ed agendu a zakr\u00fdv\u00e1n\u00ed jej\u00edch d\u011bsiv\u00fdch zlo\u010din\u016f proti na\u0161emu palestinsk\u00e9mu lidu v p\u00e1smu Gazy,\u201c st\u00e1lo v prohl\u00e1\u0161en\u00ed Hamasu.<\/p>\n<p>\u201eAdministrativa americk\u00e9ho prezidenta Bidena nese odpov\u011bdnost za n\u00e1sledky t\u00e9to brut\u00e1ln\u00ed agrese proti Ir\u00e1ku i S\u00fdrii, kter\u00e1 p\u0159il\u00e9v\u00e1 olej do ohn\u011b, a prohla\u0161ujeme, \u017ee region nebude sv\u011bdkem stability ani m\u00edru, leda kdy\u017e zastav\u00ed sionistickou agresi, zlo\u010diny genocida a etnick\u00e9 \u010distky proti na\u0161emu lidu v p\u00e1smu Gazy a ukon\u010den\u00ed sionisticko-nacistick\u00e9 okupace.<\/p>\n<h2 id=\"european-union\">Evropsk\u00e1 unie<\/h2>\n<p>&#8222;Ka\u017ed\u00fd by se m\u011bl sna\u017eit zabr\u00e1nit tomu, aby se situace stala v\u00fdbu\u0161nou,&#8220; \u0159ekl \u0161\u00e9f zahrani\u010dn\u00ed politiky EU Josep Borrell.<\/p>\n<p>P\u0159esto\u017ee se Borrell k americk\u00fdm \u00fader\u016fm p\u0159\u00edmo nevyjad\u0159oval, zopakoval varov\u00e1n\u00ed, \u017ee Bl\u00edzk\u00fd v\u00fdchod \u201eje kotel, kter\u00fd m\u016f\u017ee explodovat\u201c.<\/p>\n<p>Pouk\u00e1zal na v\u00e1lku v Gaze, n\u00e1sil\u00ed na izraelsko-libanonsk\u00e9 hranici, bombov\u00e9 \u00fatoky v Ir\u00e1ku a S\u00fdrii a \u00fatoky na lodn\u00ed dopravu v Rud\u00e9m mo\u0159i.\u00a0&#8222;Proto vol\u00e1me v\u0161echny, abychom se pokusili vyhnout eskalaci.&#8220;<\/p>\n<h2 id=\"united-kingdom\">Spojen\u00e9 kr\u00e1lovstv\u00ed<\/h2>\n<p>\u201eVelk\u00e1 Brit\u00e1nie a USA jsou st\u00e1l\u00fdmi spojenci.\u00a0Nebudeme komentovat jejich operace, ale podporujeme jejich pr\u00e1vo reagovat na \u00fatoky,\u201c uvedl v prohl\u00e1\u0161en\u00ed mluv\u010d\u00ed britsk\u00e9 vl\u00e1dy.<\/p>\n<p>&#8222;Dlouho jsme odsuzovali destabilizuj\u00edc\u00ed aktivity \u00cdr\u00e1nu v cel\u00e9m regionu, v\u010detn\u011b jeho politick\u00e9, finan\u010dn\u00ed a vojensk\u00e9 podpory \u0159ad\u011b militant\u016f.&#8220;<\/p>\n<h2 id=\"poland\">Polsko<\/h2>\n<p>\u201e\u00cdr\u00e1n\u0161t\u00ed z\u00e1stupci si m\u011bs\u00edce a roky hr\u00e1li s ohn\u011bm a nyn\u00ed je spaluje,\u201c \u0159ekl polsk\u00fd ministr zahrani\u010d\u00ed Radoslaw Sikorski novin\u00e1\u0159\u016fm, kdy\u017e dorazil na sch\u016fzku se sv\u00fdmi prot\u011bj\u0161ky z EU v Bruselu.<\/p>\n<figure id=\"attachment_2673864\" class=\"wp-caption aligncenter\" style=\"width: 614px;\" aria-describedby=\"caption-attachment-2673864\"><img decoding=\"async\" loading=\"lazy\" class=\"wp-image-2673864 \" src=\"https:\/\/www.aljazeera.com\/wp-content\/uploads\/2024\/02\/Poland-1706951287.jpg?resize=770%2C537&amp;quality=80\" alt=\"Rados\u0142aw\" width=\"614\" height=\"428\" data-recalc-dims=\"1\" \/><figcaption id=\"caption-attachment-2673864\" class=\"wp-caption-text\"><em>Polsk\u00fd Radoslaw Sikorski byl prvn\u00edm ministrem zahrani\u010d\u00ed EU, kter\u00fd p\u0159\u00edmo komentoval st\u00e1vky [Radek Pietruszka\/EPA]<\/em><\/figcaption><\/figure>\n<h2 id=\"us-house-speaker\">\u0158e\u010dn\u00edk americk\u00e9 sn\u011bmovny<\/h2>\n<p>Mike Johnson, republik\u00e1nsk\u00fd p\u0159edseda Sn\u011bmovny reprezentant\u016f USA, obvinil Bidena z toho, \u017ee \u201eusmi\u0159oval\u201c Teher\u00e1n po \u00fatoc\u00edch, a \u0159ekl, \u017ee \u201eaby Amerika podpo\u0159ila m\u00edr, mus\u00ed vyvinout s\u00edlu\u201c.<\/p>\n<h2 id=\"council-on-american-islamic-relations\">Rada pro americko-isl\u00e1msk\u00e9 vztahy<\/h2>\n<p>&#8222;Nam\u00edsto veden\u00ed v\u00e1lky na Bl\u00edzk\u00e9m v\u00fdchod\u011b by Bidenova administrativa m\u011bla po\u017eadovat ukon\u010den\u00ed etnick\u00fdch \u010distek a genocidy krajn\u011b pravicov\u00e9 izraelsk\u00e9 vl\u00e1dy v Gaze,&#8220;\u00a0\u00a0<a href=\"https:\/\/www.cair.com\/press_releases\/cair-says-biden-admin-should-end-genocide-instead-of-waging-war-across-mideast\/?emci=4d4b7dd4-2bc2-ee11-b660-002248223197&amp;emdi=5053e75d-2fc2-ee11-b660-002248223197&amp;ceid=99656\" target=\"_blank\" rel=\"noopener\">\u0159ekl<\/a>\u00a0\u00a0n\u00e1rodn\u00ed v\u00fdkonn\u00fd \u0159editel CAIR Nihad Awad.<\/p>\n<p>USA ignorovaly \u201estup\u0148uj\u00edc\u00ed se poru\u0161ov\u00e1n\u00ed lidsk\u00fdch pr\u00e1v ze strany Izraele\u201c, udr\u017eovaly sv\u00e9 jednotky v S\u00fdrii, Ir\u00e1ku a dal\u0161\u00edch m\u00edstech, \u201ekde nejsou v\u00edt\u00e1ny\u201c, a odm\u00edtly znovu vstoupit do \u00edr\u00e1nsk\u00e9 jadern\u00e9 dohody, poznamenal Nihad.<\/p>\n<p>\u201eTyto posledn\u00ed \u00fatoky v Ir\u00e1ku a S\u00fdrii jsou jen dal\u0161\u00edm d\u016fkazem naprost\u00e9ho selh\u00e1n\u00ed prezidentovy bl\u00edzkov\u00fdchodn\u00ed politiky.\u00a0Prezident Biden by m\u011bl zm\u011bnit kurz, aby ochr\u00e1nil jak americk\u00e9 voj\u00e1ky, tak obyvatele regionu p\u0159ed dal\u0161\u00edm n\u00e1sil\u00edm&#8230; Spravedlnost a svoboda pro palestinsk\u00fd lid \u2013 nikoli dal\u0161\u00ed bomby \u2013 je to, co m\u016f\u017ee regionu vybudovat m\u00edrov\u011bj\u0161\u00ed budoucnost.\u201c<\/p>\n<h2 id=\"analysts\">Analytici<\/h2>\n<p>Trita Parsi, v\u00fdkonn\u00e1 viceprezidentka Quincy Institute for Responsible Statecraft, zpochybnila \u00fa\u010dinnost americk\u00fdch bombov\u00fdch \u00fatok\u016f.<\/p>\n<p>\u201eC\u00edlem je degradovat jejich schopnost bombardovat po del\u0161\u00ed dobu, i kdy\u017e s rizikem zah\u00e1jen\u00ed region\u00e1ln\u00ed v\u00e1lky. To je nakonec neoptim\u00e1ln\u00ed strategie. Efektivn\u011bj\u0161\u00ed by bylo omezit jejich z\u00e1jem ude\u0159it proti USA&#8230; Nej\u00fa\u010dinn\u011bj\u0161\u00edm zp\u016fsobem, jak p\u0159esunout z\u00e1jem t\u011bchto milic\u00ed, je p\u0159\u00edm\u011b\u0159\u00ed v Gaze,\u201c \u0159ekla Parsi.<\/p>\n<p>\u201eT\u00e9to realit\u011b nelze uniknout: Nic v regionu se pravd\u011bpodobn\u011b deeskaluje, pokud nedojde k deeskalaci v Gaze.\u00a0Nane\u0161t\u011bst\u00ed Biden\u016fv p\u0159\u00edstup doposud spo\u010d\u00edval v tom, \u017ee se vyhnul materi\u00e1ln\u00edmu tlaku na Izrael, aby uzav\u0159el p\u0159\u00edm\u011b\u0159\u00ed.<\/p>\n<p>Joshua Landis, docent a \u0159editel Centra pro studium Bl\u00edzk\u00e9ho v\u00fdchodu na University of Oklahoma, \u0159ekl Al-D\u017eaz\u00ed\u0159e, \u017ee politici ve Washingtonu tla\u010d\u00ed na Bidena, aby reagoval na bl\u00ed\u017e\u00edc\u00ed se prezidentsk\u00e9 volby v USA.<\/p>\n<p>\u201eMus\u00ed odpov\u011bd\u011bt, ale z\u00e1rove\u0148 dal velmi jasn\u011b najevo, \u017ee nechce eskalovat, a to znamen\u00e1 dv\u011b v\u011bci;\u00a0m\u016f\u017ee zas\u00e1hnout Sy\u0159any, to je snadn\u00e9 a nikoho nezaj\u00edm\u00e1 syrsk\u00e1 vl\u00e1da, ale Ameri\u010dan\u00e9 se staraj\u00ed o ir\u00e1ckou vl\u00e1du.\u201c<\/p>\n<p>\u201eAmerika nechce b\u00fdt vyho\u0161t\u011bna z Ir\u00e1ku, zvl\u00e1\u0161t\u011b ne p\u0159ed listopadov\u00fdmi volbami.\u00a0Tak\u017ee chce b\u00fdt siln\u00e1, ale nechce zab\u00edt p\u0159\u00edli\u0161 mnoho Ir\u00e1\u010dan\u016f.<\/p>\n<p>HA Hellyer, vojensk\u00fd analytik z britsk\u00e9ho think-tanku Royal United Services Institute, \u0159ekl Al-D\u017eaz\u00ed\u0159e a dodal, \u017ee pokud cht\u011bj\u00ed USA deeskalovat a nevstoupit do v\u00e1lky s \u00cdr\u00e1nem, kl\u00ed\u010dem k tomu je Gaza.<\/p>\n<p>Washington \u201enevyu\u017eil \u017e\u00e1dnou skute\u010dnou p\u00e1ku k tomu, aby v Gaze nastolil p\u0159\u00edm\u011b\u0159\u00ed, co\u017e by podle m\u00e9ho n\u00e1zoru skute\u010dn\u011b sn\u00ed\u017eilo nap\u011bt\u00ed v regionu a odstranilo palivo pro tento druh eskalace prob\u00edhaj\u00edc\u00ed, kter\u00e1 bude pravd\u011bpodobn\u011b pokra\u010dovat i v nadch\u00e1zej\u00edc\u00edch dnech. a t\u00fddny a d\u00e1le,\u201c \u0159ekl.<\/p>\n<p><span style=\"font-size: 10pt;\"><em><strong>\u00davodn\u00ed fotografie:<\/strong> Ameri\u010dt\u00ed vojen\u0161t\u00ed \u0161\u00e9fov\u00e9 sleduj\u00ed, jak se rakve obsahuj\u00edc\u00ed ostatky t\u0159\u00ed voj\u00e1k\u016f zabit\u00fdch v Jord\u00e1nsku vracej\u00ed na leteckou z\u00e1kladnu Dover, Delaware, 2. \u00fanora 2024 [Alex Brandon\/AP Photo]<\/em><\/span><\/p>\n<p><img decoding=\"async\" loading=\"lazy\" class=\"alignnone size-full wp-image-1185\" src=\"http:\/\/www.infokuryr.cz\/n\/wp-content\/uploads\/2021\/04\/kuryr-podpis.png\" alt=\"\" width=\"84\" height=\"24\" \/><\/p>\n<p>&nbsp;<\/p>\n<p>&nbsp;<\/p>\n","protected":false},"excerpt":{"rendered":"<p>\u00cdr\u00e1n, Ir\u00e1k a S\u00fdrie americk\u00e9 \u00fadery d\u016frazn\u011b odsoudily s t\u00edm, \u017ee pouze eskaluj\u00ed region\u00e1ln\u00ed nap\u011bt\u00ed&#8230;<\/p>\n","protected":false},"author":2,"featured_media":46231,"comment_status":"closed","ping_status":"closed","sticky":false,"template":"","format":"standard","meta":[],"categories":[7],"tags":[3535,2524,276,37],"_links":{"self":[{"href":"https:\/\/www.infokuryr.cz\/n\/wp-json\/wp\/v2\/posts\/46230"}],"collection":[{"href":"https:\/\/www.infokuryr.cz\/n\/wp-json\/wp\/v2\/posts"}],"about":[{"href":"https:\/\/www.infokuryr.cz\/n\/wp-json\/wp\/v2\/types\/post"}],"author":[{"embeddable":true,"href":"https:\/\/www.infokuryr.cz\/n\/wp-json\/wp\/v2\/users\/2"}],"replies":[{"embeddable":true,"href":"https:\/\/www.infokuryr.cz\/n\/wp-json\/wp\/v2\/comments?post=46230"}],"version-history":[{"count":1,"href":"https:\/\/www.infokuryr.cz\/n\/wp-json\/wp\/v2\/posts\/46230\/revisions"}],"predecessor-version":[{"id":46232,"href":"https:\/\/www.infokuryr.cz\/n\/wp-json\/wp\/v2\/posts\/46230\/revisions\/46232"}],"wp:featuredmedia":[{"embeddable":true,"href":"https:\/\/www.infokuryr.cz\/n\/wp-json\/wp\/v2\/media\/46231"}],"wp:attachment":[{"href":"https:\/\/www.infokuryr.cz\/n\/wp-json\/wp\/v2\/media?parent=46230"}],"wp:term":[{"taxonomy":"category","embeddable":true,"href":"https:\/\/www.infokuryr.cz\/n\/wp-json\/wp\/v2\/categories?post=46230"},{"taxonomy":"post_tag","embeddable":true,"href":"https:\/\/www.infokuryr.cz\/n\/wp-json\/wp\/v2\/tags?post=46230"}],"curies":[{"name":"wp","href":"https:\/\/api.w.org\/{rel}","templated":true}]}}