{"id":46215,"date":"2024-02-03T04:08:00","date_gmt":"2024-02-03T03:08:00","guid":{"rendered":"https:\/\/www.infokuryr.cz\/n\/?p=46215"},"modified":"2024-02-03T04:08:00","modified_gmt":"2024-02-03T03:08:00","slug":"pentagon-potvrdil-utoky-na-85-cilu-v-iraku-a-syrii","status":"publish","type":"post","link":"https:\/\/www.infokuryr.cz\/n\/2024\/02\/03\/pentagon-potvrdil-utoky-na-85-cilu-v-iraku-a-syrii\/","title":{"rendered":"Pentagon potvrdil \u00fatoky na 85 c\u00edl\u016f v Ir\u00e1ku a S\u00fdrii"},"content":{"rendered":"<div id=\"fb-root\"><\/div>\n<p><span style=\"font-size: 18pt;\"><strong>Washington bombardoval milice podporovan\u00e9 \u00cdr\u00e1nem po \u00fatoku bezpilotn\u00edho letounu, kter\u00fd zabil t\u0159i americk\u00e9 voj\u00e1ky<\/strong><\/span><\/p>\n<p><span>Americk\u00e9 s\u00edly zah\u00e1jily novou bombardovac\u00ed kampa\u0148 na Bl\u00edzk\u00e9m v\u00fdchod\u011b, aby potrestaly \u00edr\u00e1nsk\u00e9 isl\u00e1msk\u00e9 revolu\u010dn\u00ed gardy (IRGC) Quds Force a p\u0159idru\u017een\u00e9 milice za s\u00e9rii \u00fatok\u016f drony a raketami na americk\u00e9 vojensk\u00e9 z\u00e1kladny v regionu.<\/span><\/p>\n<p><span>Nejnov\u011bj\u0161\u00ed n\u00e1lety Washingtonu za\u010daly v sobotu kolem p\u016flnoci bagd\u00e1dsk\u00e9ho \u010dasu a zas\u00e1hly v\u00edce ne\u017e 85 c\u00edl\u016f v S\u00fdrii a Ir\u00e1ku, uvedlo v prohl\u00e1\u0161en\u00ed americk\u00e9 \u00fast\u0159edn\u00ed velen\u00ed (CENTCOM). Operace zahrnovala\u00a0<\/span><em><span>\u201epo\u010detn\u00e9 letouny\u201c,<\/span><\/em><span>\u00a0v\u010detn\u011b bombard\u00e9r\u016f dlouh\u00e9ho doletu l\u00e9taj\u00edc\u00edch z USA, kter\u00e9 na sv\u00e9 c\u00edle shodily p\u0159es 125 p\u0159esn\u00e9 munice.<\/span><\/p>\n<p><span>Mezi tyto c\u00edle pat\u0159ila velitelsk\u00e1 a \u0159\u00eddic\u00ed centra, zpravodajsk\u00e9 stanice, skr\u00fd\u0161e zbran\u00ed a za\u0159\u00edzen\u00ed dodavatelsk\u00e9ho \u0159et\u011bzce milic\u00ed podporovan\u00fdch \u00cdr\u00e1nem, stejn\u011b jako\u00a0<\/span><em><span>\u201ejejich sponzo\u0159i IRGC, kte\u0159\u00ed usnad\u0148ovali \u00fatoky proti americk\u00fdm a koali\u010dn\u00edm sil\u00e1m,\u201c<\/span><\/em><span>\u00a0uvedl CENTCOM.<\/span><\/p>\n<p><span>Bombov\u00e9 \u00fatoky n\u00e1sleduj\u00ed po s\u00e9rii \u00fatok\u016f na americk\u00e9 vojensk\u00e9 z\u00e1kladny na Bl\u00edzk\u00e9m v\u00fdchod\u011b, v\u010detn\u011b \u00fatoku dronem, kter\u00fd zabil t\u0159i americk\u00e9 voj\u00e1ky a zranil v\u00edce ne\u017e 40 dal\u0161\u00edch v utajen\u00e9m americk\u00e9m za\u0159\u00edzen\u00ed v Jord\u00e1nsku. Tato z\u00e1kladna s n\u00e1zvem Tower 22 se nach\u00e1z\u00ed pobl\u00ed\u017e syrsk\u00fdch a ir\u00e1ck\u00fdch hranic.<\/span><\/p>\n<div class=\"rtcode\">\n<div class=\"twitter-tweet twitter-tweet-rendered\"><iframe id=\"twitter-widget-0\" class=\"\" title=\"X Post\" src=\"https:\/\/platform.twitter.com\/embed\/Tweet.html?creatorScreenName=RT_com&amp;dnt=false&amp;embedId=twitter-widget-0&amp;features=eyJ0ZndfdGltZWxpbmVfbGlzdCI6eyJidWNrZXQiOltdLCJ2ZXJzaW9uIjpudWxsfSwidGZ3X2ZvbGxvd2VyX2NvdW50X3N1bnNldCI6eyJidWNrZXQiOnRydWUsInZlcnNpb24iOm51bGx9LCJ0ZndfdHdlZXRfZWRpdF9iYWNrZW5kIjp7ImJ1Y2tldCI6Im9uIiwidmVyc2lvbiI6bnVsbH0sInRmd19yZWZzcmNfc2Vzc2lvbiI6eyJidWNrZXQiOiJvbiIsInZlcnNpb24iOm51bGx9LCJ0ZndfZm9zbnJfc29mdF9pbnRlcnZlbnRpb25zX2VuYWJsZWQiOnsiYnVja2V0Ijoib24iLCJ2ZXJzaW9uIjpudWxsfSwidGZ3X21peGVkX21lZGlhXzE1ODk3Ijp7ImJ1Y2tldCI6InRyZWF0bWVudCIsInZlcnNpb24iOm51bGx9LCJ0ZndfZXhwZXJpbWVudHNfY29va2llX2V4cGlyYXRpb24iOnsiYnVja2V0IjoxMjA5NjAwLCJ2ZXJzaW9uIjpudWxsfSwidGZ3X3Nob3dfYmlyZHdhdGNoX3Bpdm90c19lbmFibGVkIjp7ImJ1Y2tldCI6Im9uIiwidmVyc2lvbiI6bnVsbH0sInRmd19kdXBsaWNhdGVfc2NyaWJlc190b19zZXR0aW5ncyI6eyJidWNrZXQiOiJvbiIsInZlcnNpb24iOm51bGx9LCJ0ZndfdXNlX3Byb2ZpbGVfaW1hZ2Vfc2hhcGVfZW5hYmxlZCI6eyJidWNrZXQiOiJvbiIsInZlcnNpb24iOm51bGx9LCJ0ZndfdmlkZW9faGxzX2R5bmFtaWNfbWFuaWZlc3RzXzE1MDgyIjp7ImJ1Y2tldCI6InRydWVfYml0cmF0ZSIsInZlcnNpb24iOm51bGx9LCJ0ZndfbGVnYWN5X3RpbWVsaW5lX3N1bnNldCI6eyJidWNrZXQiOnRydWUsInZlcnNpb24iOm51bGx9LCJ0ZndfdHdlZXRfZWRpdF9mcm9udGVuZCI6eyJidWNrZXQiOiJvbiIsInZlcnNpb24iOm51bGx9fQ%3D%3D&amp;frame=false&amp;hideCard=false&amp;hideThread=false&amp;id=1753534149523017922&amp;lang=cs&amp;origin=https%3A%2F%2Fswentr.site%2Fnews%2F591738-pentagon-strikes-iraq-syria%2F&amp;sessionId=532671708868f4741c430ede03ea16bb1ce92e58&amp;siteScreenName=RT_com&amp;theme=light&amp;widgetsVersion=2615f7e52b7e0%3A1702314776716&amp;width=550px\" frameborder=\"0\" scrolling=\"no\" allowfullscreen=\"allowfullscreen\" data-tweet-id=\"1753534149523017922\" data-mce-fragment=\"1\"><\/iframe><\/div>\n<\/div>\n<p><span>\u00datok na Tower 22\u00a0<\/span><em><span>\u201enapl\u00e1noval, zajistil a usnadnil\u201c<\/span><\/em><span>\u00a0Isl\u00e1msk\u00fd odboj v Ir\u00e1ku, \u0159ekl ve st\u0159edu mluv\u010d\u00ed Rady n\u00e1rodn\u00ed bezpe\u010dnosti B\u00edl\u00e9ho domu John Kirby. Skupina se skl\u00e1d\u00e1 z n\u011bkolika milic\u00ed, v\u010detn\u011b Kataib Hizball\u00e1h, kter\u00fd zah\u00e1jil n\u011bkolik raketov\u00fdch a dronov\u00fdch \u00fatok\u016f proti americk\u00fdm sil\u00e1m v regionu od za\u010d\u00e1tku v\u00e1lky mezi Izraelem a Ham\u00e1sem v \u0159\u00edjnu.<\/span><\/p>\n<p><span>Kirby navrhl, \u017ee americk\u00e1 reakce bude provedena b\u011bhem n\u011bkolika dn\u00ed. &#8222;Nebude\u00a0to\u00a0<\/span><em><span>jen jednor\u00e1zov\u00e9,&#8220;<\/span><\/em><span>\u00a0\u0159ekl.\u00a0<\/span><em><span>&#8222;Jak jsem \u0159ekl, prvn\u00ed v\u011bc, kterou uvid\u00ed\u0161, nebude posledn\u00ed.&#8220;<\/span><\/em><span>\u00a0Dodal, \u017ee Biden se st\u00e1le sna\u017e\u00ed vyhnout \u0161ir\u0161\u00ed v\u00e1lce s \u00cdr\u00e1nem.<\/span><\/p>\n<p><span>Zpr\u00e1vy m\u00e9di\u00ed v posledn\u00edch dnech vyvolaly obavy, \u017ee Biden telegrafuje sv\u00e9 pl\u00e1ny a d\u00e1v\u00e1 milic\u00edm p\u0159\u00edli\u0161 mnoho \u010dasu na to, aby podnikly p\u0159\u00edpravn\u00e9 kroky, jako je vypr\u00e1zdn\u011bn\u00ed zjevn\u00fdch c\u00edl\u016f. \u0160\u00e9f Pentagonu Lloyd Austin se v p\u00e1tek pokusil tyto obavy odvr\u00e1tit a pop\u0159el, \u017ee by administrativa \u00cdr\u00e1nu p\u0159\u00edli\u0161 varovala. \u0158ekl, \u017ee americk\u00e1 reakce bude\u00a0<\/span><em><span>\u201emnohostup\u0148ov\u00e1\u201c<\/span><\/em><span>\u00a0a trval na tom, \u017ee ani on, ani Biden nebudou tolerovat \u00fatoky na americk\u00e9 jednotky.<\/span><\/p>\n<p><span>Biden obvinil \u00cdr\u00e1n z dod\u00e1vek zbran\u00ed, kter\u00e9 isl\u00e1m\u0161t\u00ed militanti pou\u017eili p\u0159i \u00fatoc\u00edch na americk\u00e9 s\u00edly na Bl\u00edzk\u00e9m v\u00fdchod\u011b v\u00edce ne\u017e 150kr\u00e1t od za\u010d\u00e1tku v\u00e1lky mezi Izraelem a Ham\u00e1sem. \u010celil politick\u00e9mu tlaku, aby reagoval agresivn\u011b, v\u010detn\u011b v\u00fdzev republik\u00e1nsk\u00fdch z\u00e1konod\u00e1rc\u016f k zah\u00e1jen\u00ed ni\u010div\u00fdch \u00fader\u016f uvnit\u0159 \u00cdr\u00e1nu.<\/span><\/p>\n<p><span>S\u00edly Quds IRGC jsou elitn\u00ed jednotkou, kter\u00e1 se specializuje na guerillovou v\u00e1lku a shroma\u017e\u010fov\u00e1n\u00ed zpravodajsk\u00fdch informac\u00ed mimo \u00cdr\u00e1n. Od americk\u00e9 invaze v roce 2003 se sna\u017e\u00ed vyhnat americk\u00e9 s\u00edly ze sousedn\u00edho Ir\u00e1ku.<\/span><\/p>\n<p><img decoding=\"async\" loading=\"lazy\" class=\"alignnone size-full wp-image-1185\" src=\"http:\/\/www.infokuryr.cz\/n\/wp-content\/uploads\/2021\/04\/kuryr-podpis.png\" alt=\"\" width=\"84\" height=\"24\" \/><\/p>\n<p>&nbsp;<\/p>\n<p>&nbsp;<\/p>\n","protected":false},"excerpt":{"rendered":"<p>Washington bombardoval milice podporovan\u00e9 \u00cdr\u00e1nem po \u00fatoku bezpilotn\u00edho letounu, kter\u00fd zabil t\u0159i americk\u00e9 voj\u00e1ky Americk\u00e9&#8230;<\/p>\n","protected":false},"author":2,"featured_media":46216,"comment_status":"closed","ping_status":"closed","sticky":false,"template":"","format":"standard","meta":[],"categories":[7],"tags":[267,3535,147,37],"_links":{"self":[{"href":"https:\/\/www.infokuryr.cz\/n\/wp-json\/wp\/v2\/posts\/46215"}],"collection":[{"href":"https:\/\/www.infokuryr.cz\/n\/wp-json\/wp\/v2\/posts"}],"about":[{"href":"https:\/\/www.infokuryr.cz\/n\/wp-json\/wp\/v2\/types\/post"}],"author":[{"embeddable":true,"href":"https:\/\/www.infokuryr.cz\/n\/wp-json\/wp\/v2\/users\/2"}],"replies":[{"embeddable":true,"href":"https:\/\/www.infokuryr.cz\/n\/wp-json\/wp\/v2\/comments?post=46215"}],"version-history":[{"count":0,"href":"https:\/\/www.infokuryr.cz\/n\/wp-json\/wp\/v2\/posts\/46215\/revisions"}],"wp:featuredmedia":[{"embeddable":true,"href":"https:\/\/www.infokuryr.cz\/n\/wp-json\/wp\/v2\/media\/46216"}],"wp:attachment":[{"href":"https:\/\/www.infokuryr.cz\/n\/wp-json\/wp\/v2\/media?parent=46215"}],"wp:term":[{"taxonomy":"category","embeddable":true,"href":"https:\/\/www.infokuryr.cz\/n\/wp-json\/wp\/v2\/categories?post=46215"},{"taxonomy":"post_tag","embeddable":true,"href":"https:\/\/www.infokuryr.cz\/n\/wp-json\/wp\/v2\/tags?post=46215"}],"curies":[{"name":"wp","href":"https:\/\/api.w.org\/{rel}","templated":true}]}}