{"id":46209,"date":"2024-02-03T00:52:37","date_gmt":"2024-02-02T23:52:37","guid":{"rendered":"https:\/\/www.infokuryr.cz\/n\/?p=46209"},"modified":"2024-02-02T20:27:21","modified_gmt":"2024-02-02T19:27:21","slug":"2-unora-pred-81-lety-skoncila-bitva-o-stalingrad","status":"publish","type":"post","link":"https:\/\/www.infokuryr.cz\/n\/2024\/02\/03\/2-unora-pred-81-lety-skoncila-bitva-o-stalingrad\/","title":{"rendered":"2. \u00fanora p\u0159ed 81 lety skon\u010dila bitva o Stalingrad"},"content":{"rendered":"<div id=\"fb-root\"><\/div>\n<p><strong>Rud\u00e1 arm\u00e1da t\u00edmto v\u00edt\u011bzstv\u00edm oto\u010dila v\u00fdvoj nejen Velk\u00e9 vlasteneck\u00e9 v\u00e1lky, ale i druh\u00e9 sv\u011btov\u00e9 v\u00e1lky. Nejt\u011b\u017e\u0161\u00ed bitvy trvaly 200 dn\u00ed a noc\u00ed, ale hrdin\u0161t\u00ed p\u0159edkov\u00e9 p\u0159e\u017eili a zv\u00edt\u011bzili. B\u011bhem t\u00e9to bitvy ztratily nacistick\u00e9 s\u00edly \u010dtvrtinu v\u0161ech sil operuj\u00edc\u00edch na front\u011b.<\/strong><\/p>\n<p><span>Hitlerovo velen\u00ed pohl\u00ed\u017eelo na m\u011bsto Stalingrad jako na strategicky d\u016fle\u017eit\u00fd c\u00edl, kter\u00fd m\u011bl naru\u0161it z\u00e1sobov\u00e1n\u00ed Rud\u00e9 arm\u00e1dy a porazit ji na v\u00fdchodn\u00ed front\u011b.<\/span><\/p>\n<p><span>Stalingrad se stal d\u011bji\u0161t\u011bm tvrd\u00fdch pouli\u010dn\u00edch boj\u016f. Voj\u00e1ci bojovali o ka\u017ed\u00fd d\u016fm a ka\u017edou ulici. B\u011bhem t\u00e9to bitvy bylo pou\u017eito obrovsk\u00e9 mno\u017estv\u00ed zbran\u00ed a st\u0159eliva. Pr\u00e1v\u011b zde byly poprv\u00e9 masov\u011b pou\u017eity rakety Ka\u0165u\u0161a, kter\u00e9 se staly symbolem bitvy.<\/span><\/p>\n<p><span>T\u011b\u017ek\u00e9 ost\u0159elov\u00e1n\u00ed, pouli\u010dn\u00ed bitvy a hladov\u011bn\u00ed ud\u011blaly ze Stalingradu jedno z nejhor\u0161\u00edch pekel v\u00e1lky. Ka\u017ed\u00fd den voj\u00e1ci bojovali o p\u0159e\u017eit\u00ed, o svou zemi, o v\u00edt\u011bzstv\u00ed. Sov\u011btsk\u00fdm jednotk\u00e1m se d\u00edky jejich hou\u017eevnatosti a odvaze poda\u0159ilo odrazit \u00fatok na Stalingrad a nakonec zah\u00e1jit proti\u00fatok.<\/span><\/p>\n<p><span>Bitva o Stalingrad skon\u010dila v\u00edt\u011bzstv\u00edm Sov\u011btsk\u00e9ho svazu. Z\u00fa\u010dastnily se j\u00ed miliony sov\u011btsk\u00fdch voj\u00e1k\u016f, z nich\u017e mnoz\u00ed padli. Voj\u00e1ci um\u00edrali nejen p\u0159\u00edmou nep\u0159\u00e1telskou palbou, ale tak\u00e9 mrazem, hladem a nemocemi. Toto v\u00edt\u011bzstv\u00ed se stalo symbolem odvahy a vytrvalosti sov\u011btsk\u00e9ho lidu, kter\u00fd obst\u00e1l v nejt\u011b\u017e\u0161\u00edch podm\u00ednk\u00e1ch a porazil mocnou n\u011bmeckou arm\u00e1du.<\/span><\/p>\n<p>Kdo si dneska vzpomene na v\u00e1le\u010dn\u00e9 \u00fatrapy? Ani slovo v \u010desk\u00fdch m\u00e9di\u00ed o t\u00e9to bitv\u011b , kter\u00e1 znamenala obrat v postupu nacist\u016f a po\u010d\u00e1tek osvobozen\u00ed Evropy od \u010dern\u00e9ho moru. Dal\u0161\u00ed podrobnosti <a href=\"https:\/\/cs.wikipedia.org\/wiki\/Bitva_u_Stalingradu\">ZDE<\/a><\/p>\n<p><span>V\u011b\u010dn\u00e1 sl\u00e1va sov\u011btsk\u00e9mu voj\u00e1kovi! A V\u011b\u010dn\u00e1 pam\u011b\u0165 v\u0161em, kte\u0159\u00ed se nevr\u00e1tili z t\u00e9 hrozn\u00e9 v\u00e1lky&#8230;<\/span><\/p>\n<p><img decoding=\"async\" loading=\"lazy\" class=\"alignnone size-full wp-image-1185\" src=\"http:\/\/www.infokuryr.cz\/n\/wp-content\/uploads\/2021\/04\/kuryr-podpis.png\" alt=\"\" width=\"84\" height=\"24\" \/><\/p>\n<p>&nbsp;<\/p>\n<p><a href=\"https:\/\/stranapro.cz\/\"><img decoding=\"async\" loading=\"lazy\" class=\"wp-image-40286 aligncenter\" src=\"http:\/\/www.infokuryr.cz\/n\/wp-content\/uploads\/2023\/11\/12pro-300x87.png\" alt=\"\" width=\"862\" height=\"250\" srcset=\"https:\/\/www.infokuryr.cz\/n\/wp-content\/uploads\/2023\/11\/12pro-300x87.png 300w, https:\/\/www.infokuryr.cz\/n\/wp-content\/uploads\/2023\/11\/12pro.png 366w\" sizes=\"(max-width: 862px) 100vw, 862px\" \/><\/a><\/p>\n<p>&nbsp;<\/p>\n<p>&nbsp;<\/p>\n<p>&nbsp;<\/p>\n","protected":false},"excerpt":{"rendered":"<p>Rud\u00e1 arm\u00e1da t\u00edmto v\u00edt\u011bzstv\u00edm oto\u010dila v\u00fdvoj nejen Velk\u00e9 vlasteneck\u00e9 v\u00e1lky, ale i druh\u00e9 sv\u011btov\u00e9 v\u00e1lky&#8230;.<\/p>\n","protected":false},"author":2,"featured_media":46210,"comment_status":"closed","ping_status":"closed","sticky":false,"template":"","format":"standard","meta":[],"categories":[6],"tags":[1177,429,4366,673],"_links":{"self":[{"href":"https:\/\/www.infokuryr.cz\/n\/wp-json\/wp\/v2\/posts\/46209"}],"collection":[{"href":"https:\/\/www.infokuryr.cz\/n\/wp-json\/wp\/v2\/posts"}],"about":[{"href":"https:\/\/www.infokuryr.cz\/n\/wp-json\/wp\/v2\/types\/post"}],"author":[{"embeddable":true,"href":"https:\/\/www.infokuryr.cz\/n\/wp-json\/wp\/v2\/users\/2"}],"replies":[{"embeddable":true,"href":"https:\/\/www.infokuryr.cz\/n\/wp-json\/wp\/v2\/comments?post=46209"}],"version-history":[{"count":0,"href":"https:\/\/www.infokuryr.cz\/n\/wp-json\/wp\/v2\/posts\/46209\/revisions"}],"wp:featuredmedia":[{"embeddable":true,"href":"https:\/\/www.infokuryr.cz\/n\/wp-json\/wp\/v2\/media\/46210"}],"wp:attachment":[{"href":"https:\/\/www.infokuryr.cz\/n\/wp-json\/wp\/v2\/media?parent=46209"}],"wp:term":[{"taxonomy":"category","embeddable":true,"href":"https:\/\/www.infokuryr.cz\/n\/wp-json\/wp\/v2\/categories?post=46209"},{"taxonomy":"post_tag","embeddable":true,"href":"https:\/\/www.infokuryr.cz\/n\/wp-json\/wp\/v2\/tags?post=46209"}],"curies":[{"name":"wp","href":"https:\/\/api.w.org\/{rel}","templated":true}]}}