{"id":46203,"date":"2024-02-03T00:42:39","date_gmt":"2024-02-02T23:42:39","guid":{"rendered":"https:\/\/www.infokuryr.cz\/n\/?p=46203"},"modified":"2024-02-02T18:58:07","modified_gmt":"2024-02-02T17:58:07","slug":"daniela-kovarova-kdo-tady-dezinformuje-ceska-televize","status":"publish","type":"post","link":"https:\/\/www.infokuryr.cz\/n\/2024\/02\/03\/daniela-kovarova-kdo-tady-dezinformuje-ceska-televize\/","title":{"rendered":"Daniela Kov\u00e1\u0159ov\u00e1: Kdo tady dezinformuje? \u010cesk\u00e1 televize!"},"content":{"rendered":"<div id=\"fb-root\"><\/div>\n<p><strong>\u010cesk\u00e1 televize miluje \u201edezinformace\u201c a\u00a0\u201edezinform\u00e1tory\u201c a\u00a0nevynech\u00e1 \u017e\u00e1dnou p\u0159\u00edle\u017eitost, aby je (velmi selektivn\u011b) pran\u00fd\u0159ovala. A\u00a0p\u0159itom ned\u00e1vno sama vyrobila skute\u010dnou le\u017e jako v\u011b\u017e a\u00a0div\u00e1k\u016fm sd\u011blila velkou nehor\u00e1znost.<\/strong><\/p>\n<p>Ve \u010dtvrtek 25.\u00a0ledna 2024 v\u00a0po\u0159adu Ud\u00e1losti a\u00a0koment\u00e1\u0159e v\u00a0po\u0159adu o\u00a0Sen\u00e1tu, je\u017e neschv\u00e1lil ratifikaci Istanbulsk\u00e9 \u00famluvy, uvedla, \u017ee Sen\u00e1t m\u016f\u017ee za dva m\u011bs\u00edce o\u00a0\u00famluv\u011b jednat znovu, sta\u010d\u00ed, kdy\u017e si souhlas s\u00a0ratifikac\u00ed za\u0159ad\u00ed na po\u0159ad sv\u00e9ho jedn\u00e1n\u00ed. Stejnou le\u017e opakuje ve sv\u00fdch rozhovorech i\u00a0vl\u00e1dn\u00ed zmocn\u011bnkyn\u011b pro lidsk\u00e1 pr\u00e1va Kl\u00e1ra Lauren\u010d\u00edkov\u00e1.<\/p>\n<p><a href=\"https:\/\/stranapro.cz\/\"><img decoding=\"async\" loading=\"lazy\" class=\"alignnone wp-image-40285 aligncenter\" src=\"http:\/\/www.infokuryr.cz\/n\/wp-content\/uploads\/2023\/11\/11pro-300x79.png\" alt=\"\" width=\"505\" height=\"133\" srcset=\"https:\/\/www.infokuryr.cz\/n\/wp-content\/uploads\/2023\/11\/11pro-300x79.png 300w, https:\/\/www.infokuryr.cz\/n\/wp-content\/uploads\/2023\/11\/11pro.png 363w\" sizes=\"(max-width: 505px) 100vw, 505px\" \/><\/a><\/p>\n<p>No, nev\u00edm, kdo \u010cesk\u00e9 televizi rad\u00ed a p\u0159ipravuje j\u00ed podklady pro report\u00e1\u017ee, ani \u010d\u00edm se pan\u00ed Lauren\u010d\u00edkov\u00e1 \u017eivila p\u0159edt\u00edm, ne\u017e si sedla na tu teplou \u017eidli, ale v tuto chv\u00edli m\u00e1 \u010cesk\u00e1 republika s ratifikac\u00ed Istanbulsk\u00e9 \u00famluvy utrum, podobn\u011b jako Sen\u00e1t, pro kter\u00e9ho jde o rozhodnutou v\u011bc. Pochopiteln\u011b je mo\u017en\u00e9, \u017ee n\u011bjak\u00e1 p\u0159\u00ed\u0161t\u00ed vl\u00e1da t\u0159eba ten materi\u00e1l znovu projedn\u00e1 a \u201epropust\u00ed\u201c do legislativn\u00edho procesu, v n\u011bm\u017e se k nov\u00e9mu projedn\u00e1n\u00ed a hlasov\u00e1n\u00ed dostane n\u011bjak\u00fd p\u0159\u00ed\u0161t\u00ed Sen\u00e1t, ale to se ur\u010dit\u011b nestane b\u011bhem dvou m\u011bs\u00edc\u016f. Pravd\u011bpodobnost, \u017ee by tak v\u00fdbu\u0161n\u00e9 t\u00e9mat n\u00e1\u0161 Sen\u00e1t v\u00a0dne\u0161n\u00edm slo\u017een\u00ed s\u00e1m za\u0159adil na program jedn\u00e1n\u00ed a\u00a0pokusil se v\u00a0brzk\u00e9 dob\u011b revokovat vlastn\u00ed rozhodnut\u00ed, se \u201elimitn\u011b bl\u00ed\u017e\u00ed nule\u201c a\u00a0velmi pochybuji, \u017ee v\u016fbec n\u011bkdy v\u00a0minulosti k\u00a0podobn\u00e9 situaci do\u0161lo.<\/p>\n<p>\u010cesk\u00e1 televize i\u00a0vl\u00e1dn\u00ed \u00fa\u0159edn\u00edci by si m\u011bli po\u0159\u00eddit lep\u0161\u00ed pr\u00e1vn\u00edky a\u00a0kvalitn\u011bj\u0161\u00ed konzultanty, aby nepletli hlavu div\u00e1k\u016fm, \u010dten\u00e1\u0159\u016fm a\u00a0poslucha\u010d\u016fm, a\u00a0za tu dezinformaci se jim rychle omluvit. A\u00a0obh\u00e1jci \u201enez\u00e1vislosti\u201c a\u00a0\u201enestrannosti\u201c \u010cesk\u00e9 televize by se m\u011bli chytnout za nos a\u00a0hluboce se styd\u011bt, nebo\u0165 zrovna i\u00a0onen ca\u0159ihradsk\u00fd pamflet hezky ukazuje, \u017ee ve\u0159ejnopr\u00e1vn\u00ed m\u00e9dia ani n\u00e1hodou nestrann\u00e1 nejsou. Pl\u00e1\u010d, kter\u00fd je ze v\u0161ech stran sly\u0161et nad neschv\u00e1len\u00edm ratifikace, spolu se v\u0161\u00ed tou hysteri\u00ed ukazuje, \u017ee uplakan\u00fdm ne\u0161\u0165astn\u00edk\u016fm nen\u00ed jasn\u00e1 d\u011blba moci ani prav\u00fd v\u00fdznam demokracie. Ta toti\u017e v\u00a0jejich p\u0159\u00edpad\u011b znamen\u00e1, \u017ee \u201edemokratick\u00e9 rozhodov\u00e1n\u00ed plat\u00ed jen tehdy, pokud schv\u00e1l\u00edte to, co chceme my.\u201c Jakmile je v\u00fdsledek hlasov\u00e1n\u00ed jin\u00fd, je to pr\u00fd nedemokratick\u00e9, nehor\u00e1zn\u00e9, \u0161patn\u00e9, uplacen\u00e9 nebo zmanipulovan\u00e9 a\u00a0m\u011blo by se asi hlasovat znovu a\u00a0tak dlouho, dokud tihle manipul\u00e1to\u0159i nebudou spokojeni.<\/p>\n<p>**<\/p>\n<p><strong>Daniela Kov\u00e1\u0159ov\u00e1<\/strong> \u2013 autorka je nez\u00e1vislou sen\u00e1torkou a\u00a0prezidentkou Unie rodinn\u00fdch advok\u00e1t\u016f<\/p>\n<p><img decoding=\"async\" loading=\"lazy\" class=\"alignnone size-full wp-image-40048\" src=\"http:\/\/www.infokuryr.cz\/n\/wp-content\/uploads\/2023\/11\/kovarova-daniela.jpg\" alt=\"\" width=\"180\" height=\"180\" srcset=\"https:\/\/www.infokuryr.cz\/n\/wp-content\/uploads\/2023\/11\/kovarova-daniela.jpg 180w, https:\/\/www.infokuryr.cz\/n\/wp-content\/uploads\/2023\/11\/kovarova-daniela-150x150.jpg 150w\" sizes=\"(max-width: 180px) 100vw, 180px\" \/><\/p>\n<p>&nbsp;<\/p>\n<p>&nbsp;<\/p>\n","protected":false},"excerpt":{"rendered":"<p>\u010cesk\u00e1 televize miluje \u201edezinformace\u201c a\u00a0\u201edezinform\u00e1tory\u201c a\u00a0nevynech\u00e1 \u017e\u00e1dnou p\u0159\u00edle\u017eitost, aby je (velmi selektivn\u011b) pran\u00fd\u0159ovala. A\u00a0p\u0159itom ned\u00e1vno&#8230;<\/p>\n","protected":false},"author":2,"featured_media":31822,"comment_status":"closed","ping_status":"closed","sticky":false,"template":"","format":"standard","meta":[],"categories":[6],"tags":[47,28,6717,29],"_links":{"self":[{"href":"https:\/\/www.infokuryr.cz\/n\/wp-json\/wp\/v2\/posts\/46203"}],"collection":[{"href":"https:\/\/www.infokuryr.cz\/n\/wp-json\/wp\/v2\/posts"}],"about":[{"href":"https:\/\/www.infokuryr.cz\/n\/wp-json\/wp\/v2\/types\/post"}],"author":[{"embeddable":true,"href":"https:\/\/www.infokuryr.cz\/n\/wp-json\/wp\/v2\/users\/2"}],"replies":[{"embeddable":true,"href":"https:\/\/www.infokuryr.cz\/n\/wp-json\/wp\/v2\/comments?post=46203"}],"version-history":[{"count":1,"href":"https:\/\/www.infokuryr.cz\/n\/wp-json\/wp\/v2\/posts\/46203\/revisions"}],"predecessor-version":[{"id":46204,"href":"https:\/\/www.infokuryr.cz\/n\/wp-json\/wp\/v2\/posts\/46203\/revisions\/46204"}],"wp:featuredmedia":[{"embeddable":true,"href":"https:\/\/www.infokuryr.cz\/n\/wp-json\/wp\/v2\/media\/31822"}],"wp:attachment":[{"href":"https:\/\/www.infokuryr.cz\/n\/wp-json\/wp\/v2\/media?parent=46203"}],"wp:term":[{"taxonomy":"category","embeddable":true,"href":"https:\/\/www.infokuryr.cz\/n\/wp-json\/wp\/v2\/categories?post=46203"},{"taxonomy":"post_tag","embeddable":true,"href":"https:\/\/www.infokuryr.cz\/n\/wp-json\/wp\/v2\/tags?post=46203"}],"curies":[{"name":"wp","href":"https:\/\/api.w.org\/{rel}","templated":true}]}}