{"id":46199,"date":"2024-02-03T00:40:12","date_gmt":"2024-02-02T23:40:12","guid":{"rendered":"https:\/\/www.infokuryr.cz\/n\/?p=46199"},"modified":"2024-02-02T18:44:23","modified_gmt":"2024-02-02T17:44:23","slug":"jiri-vyvadil-orban-aneb-kdo-vyhral-a-kdo-prohral","status":"publish","type":"post","link":"https:\/\/www.infokuryr.cz\/n\/2024\/02\/03\/jiri-vyvadil-orban-aneb-kdo-vyhral-a-kdo-prohral\/","title":{"rendered":"Ji\u0159\u00ed Vyvadil: Orb\u00e1n, aneb kdo vyhr\u00e1l a kdo prohr\u00e1l\u2026"},"content":{"rendered":"<div id=\"fb-root\"><\/div>\n<p><strong>Mnoh\u00fd je roz\u010darov\u00e1n z chov\u00e1n\u00ed a v\u00fdsledk\u016f jedn\u00e1n\u00ed Petra Fialy nejen v \u010cesku, ale i v zahrani\u010d\u00ed.<\/strong><\/p>\n<p>Jde ve stop\u00e1ch \u010deskoslovensk\u00fdch p\u0159ikyvova\u010d\u016f Bre\u017en\u011bva\u00a0 a normaliz\u00e1tor\u016f. \u00a0Kdy\u017e je na p\u016fd\u011b EU, dovede jenom p\u0159ikyvovat a je\u0161t\u011b \u010dast\u011bji jen bez pov\u0161imnut\u00ed ml\u010det. Na rozd\u00edl od n\u011bho je Viktor Orb\u00e1n v\u00a0Evrop\u011b tou nejt\u011b\u017e\u0161\u00ed politickou v\u00e1hou, kterou se sna\u017e\u00ed naklonit nejvy\u0161\u0161\u00edho evropsk\u00e9ho mainstreamu, kte\u0159\u00ed skute\u010dn\u011b n\u011bco politicky znamenaj\u00ed.<\/p>\n<p>A tak\u00a0 Macron zve do Pa\u0159\u00ed\u017ee Orb\u00e1na k\u00a0diskuz\u00edm, a p\u0159ij\u00edm\u00e1 ho v\u00a0ok\u00e1zal\u00e9m stylu pomysln\u00e9ho p\u00e1na Evropy a rad\u00ed se s n\u00edm, co by se pro v\u00fdchodn\u00ed \u010d\u00e1st Evropy mohl ud\u011blat. Italsk\u00e1 premi\u00e9rka Melonni \u00a0si velmi intenzivn\u011b volala s\u00a0Orb\u00e1nem a je\u0161t\u011b v\u00a0Bruselu s\u00a0n\u00edm \u0161la do vybran\u00e9 restaurace, aby hledala sty\u010dn\u00e9 plochy a p\u0159ipravit mo\u017en\u00fd kompromis ohledn\u011b mo\u017en\u00e9 p\u016fj\u010dky\u00a0 Ukrajin\u011b ve v\u00fd\u0161i\u00a0 50 mld. eura.<\/p>\n<p>Viktor Orb\u00e1n u\u017e v\u00ed, \u017ee v\u00a0EU d\u00e1vno \u00a0neplat\u00ed svoboda slova a s\u00e1m to za\u017eil, kdy\u017e jej vyhnali z\u00a0nejsiln\u011bj\u0161\u00ed frakce Evropsk\u00fdch lidovc\u016f.<\/p>\n<p>Kv\u016fli jeho trval\u00e9mu nesouhlasu s\u00a0podporou Ukrajiny nyn\u00ed hrozilo, \u017ee nedemokratick\u00e1 Evropsk\u00e1 unie zvol\u00ed nejvy\u0161\u0161\u00ed formy brutalistn\u00edho\u00a0 n\u00e1tlaku a pen\u00edze zadr\u017eovan\u00e9 Ma\u010farsku kv\u016fli \u00fadajn\u00e9mu nedodr\u017eov\u00e1n\u00ed pr\u00e1vn\u00edho st\u00e1tu (Orb\u00e1novci\u00a0 odm\u00edtali \u00a0nap\u0159\u00edklad v\u00fduku k\u00a0r\u016fzn\u00e9mu sexu\u00e1ln\u00edmu chov\u00e1n\u00ed ve \u0161kol\u00e1ch)\u00a0 m\u011bly p\u0159ipadnout\u00a0 Ukrajin\u011b.<\/p>\n<p><a href=\"https:\/\/stranapro.cz\/\"><img decoding=\"async\" loading=\"lazy\" class=\"alignnone  wp-image-40285 aligncenter\" src=\"http:\/\/www.infokuryr.cz\/n\/wp-content\/uploads\/2023\/11\/11pro-300x79.png\" alt=\"\" width=\"524\" height=\"138\" srcset=\"https:\/\/www.infokuryr.cz\/n\/wp-content\/uploads\/2023\/11\/11pro-300x79.png 300w, https:\/\/www.infokuryr.cz\/n\/wp-content\/uploads\/2023\/11\/11pro.png 363w\" sizes=\"(max-width: 524px) 100vw, 524px\" \/><\/a><\/p>\n<p>Orb\u00e1n, trvale a otev\u0159en\u011b s\u00e1z\u00ed, \u017ee v\u00a0americk\u00fdch listopadov\u00fdch volb\u00e1ch v\u00a0roce 2024 zv\u00edt\u011bz\u00ed Donald Trump, a proto prosadil v\u00fdznamn\u00fd kompromis podle z\u00a0p\u016fvodn\u00ed p\u011btilet\u00e9 p\u016fj\u010dky na 50 mld na rozd\u011blen\u00ed po \u010d\u00e1stech. A tak podle port\u00e1lu Strana UA 1. \u00fanora sm\u011b\u0159uje na Ukrajinu fakticky doslova z\u00e1chrann\u00fd bali\u010dek bal\u00ed\u010dek ve v\u00fd\u0161i Ukrajina dostala 12,5 miliardy eur<\/p>\n<p>Program je navr\u017een pro roky 2024-2027.\u00a0Tedy v pr\u016fm\u011bru 12,5 miliardy eur ro\u010dn\u011b.<\/p>\n<p>Orb\u00e1n tak prosadil maximum mo\u017en\u00e9ho. Jak poznamen\u00e1v\u00e1 The Guardian, tak jak si stanovilo Ma\u010farsko, na konci roku 2025 prob\u011bhne samostatn\u00e9 hlasov\u00e1n\u00ed.\u00a0O tom, zda bude Ukrajin\u011b poskytnuta dal\u0161\u00ed tran\u0161e.<\/p>\n<p>A do t\u00e9 doby se m\u016f\u017ee d\u00edt mnoh\u00e9, ba v\u0161echno.<\/p>\n<p>Trump se m\u016f\u017ee st\u00e1t americk\u00fdm prezidentem, odpadnou dal\u0161\u00ed p\u0159\u00edznivci Ukrajiny\u00a0 jako nizozemsk\u00fd premi\u00e9r\u00a0 Rutte, \u010desk\u00fd Fiala a dal\u0161\u00ed. A hlavn\u011b EU si m\u016f\u017ee za\u017e\u00edt (a m\u011bla by) sv\u00e9 zem\u011bt\u0159esen\u00ed tak\u00e9.<\/p>\n<p>A jako l\u00e1kav\u00e1 pravd\u011bpodobnost z\u016fst\u00e1v\u00e1 mo\u017enost pohry Ukrajiny \u010di p\u00e1d jeho \u010d\u00edm d\u00e1l nebezpe\u010dn\u011bj\u0161\u00edho prezidenta Zelensk\u00e9ho.<\/p>\n<p>Tak kdo vyhr\u00e1l a kdo prohr\u00e1l?<\/p>\n<p><a href=\"https:\/\/vasevec.info\/komentare\/orban-aneb-kdo-vyhral-kdo-prohral\">Ji\u0159\u00ed Vyvadil<\/a><\/p>\n<p><img decoding=\"async\" loading=\"lazy\" class=\"alignnone size-medium wp-image-16474\" src=\"http:\/\/www.infokuryr.cz\/n\/wp-content\/uploads\/2022\/10\/jiri-vyvadil-300x200.jpg\" alt=\"\" width=\"300\" height=\"200\" srcset=\"https:\/\/www.infokuryr.cz\/n\/wp-content\/uploads\/2022\/10\/jiri-vyvadil-300x200.jpg 300w, https:\/\/www.infokuryr.cz\/n\/wp-content\/uploads\/2022\/10\/jiri-vyvadil-768x512.jpg 768w, https:\/\/www.infokuryr.cz\/n\/wp-content\/uploads\/2022\/10\/jiri-vyvadil.jpg 800w\" sizes=\"(max-width: 300px) 100vw, 300px\" \/><\/p>\n<p>&nbsp;<\/p>\n<p>&nbsp;<\/p>\n","protected":false},"excerpt":{"rendered":"<p>Mnoh\u00fd je roz\u010darov\u00e1n z chov\u00e1n\u00ed a v\u00fdsledk\u016f jedn\u00e1n\u00ed Petra Fialy nejen v \u010cesku, ale i&#8230;<\/p>\n","protected":false},"author":2,"featured_media":31220,"comment_status":"closed","ping_status":"closed","sticky":false,"template":"","format":"standard","meta":[],"categories":[6],"tags":[41,29,439,122],"_links":{"self":[{"href":"https:\/\/www.infokuryr.cz\/n\/wp-json\/wp\/v2\/posts\/46199"}],"collection":[{"href":"https:\/\/www.infokuryr.cz\/n\/wp-json\/wp\/v2\/posts"}],"about":[{"href":"https:\/\/www.infokuryr.cz\/n\/wp-json\/wp\/v2\/types\/post"}],"author":[{"embeddable":true,"href":"https:\/\/www.infokuryr.cz\/n\/wp-json\/wp\/v2\/users\/2"}],"replies":[{"embeddable":true,"href":"https:\/\/www.infokuryr.cz\/n\/wp-json\/wp\/v2\/comments?post=46199"}],"version-history":[{"count":0,"href":"https:\/\/www.infokuryr.cz\/n\/wp-json\/wp\/v2\/posts\/46199\/revisions"}],"wp:featuredmedia":[{"embeddable":true,"href":"https:\/\/www.infokuryr.cz\/n\/wp-json\/wp\/v2\/media\/31220"}],"wp:attachment":[{"href":"https:\/\/www.infokuryr.cz\/n\/wp-json\/wp\/v2\/media?parent=46199"}],"wp:term":[{"taxonomy":"category","embeddable":true,"href":"https:\/\/www.infokuryr.cz\/n\/wp-json\/wp\/v2\/categories?post=46199"},{"taxonomy":"post_tag","embeddable":true,"href":"https:\/\/www.infokuryr.cz\/n\/wp-json\/wp\/v2\/tags?post=46199"}],"curies":[{"name":"wp","href":"https:\/\/api.w.org\/{rel}","templated":true}]}}