{"id":46188,"date":"2024-02-03T00:47:18","date_gmt":"2024-02-02T23:47:18","guid":{"rendered":"https:\/\/www.infokuryr.cz\/n\/?p=46188"},"modified":"2024-02-02T17:20:58","modified_gmt":"2024-02-02T16:20:58","slug":"usa-schvalily-plany-uderu-na-iransky-personal-v-iraku-a-syrii","status":"publish","type":"post","link":"https:\/\/www.infokuryr.cz\/n\/2024\/02\/03\/usa-schvalily-plany-uderu-na-iransky-personal-v-iraku-a-syrii\/","title":{"rendered":"USA schv\u00e1lily pl\u00e1ny \u00fader\u016f na \u00edr\u00e1nsk\u00fd person\u00e1l v Ir\u00e1ku a S\u00fdrii"},"content":{"rendered":"<div id=\"fb-root\"><\/div>\n<p><strong><span>Spojen\u00e9 st\u00e1ty schv\u00e1lily pl\u00e1ny na v\u00edcedenn\u00ed \u00fadery v Ir\u00e1ku a S\u00fdrii proti mnoha c\u00edl\u016fm, v\u010detn\u011b \u00edr\u00e1nsk\u00e9ho person\u00e1lu a za\u0159\u00edzen\u00ed,\u00a0uvedla 1. \u00fanora\u00a0<\/span><a href=\"https:\/\/www.cbsnews.com\/news\/us-strikes-iran-personnel-facilities-in-iraq-syria-approved-jordan-drone-attack\/\"><span>CBS News s odvol\u00e1n\u00edm na americk\u00e9 \u00fa\u0159edn\u00edky.<\/span><\/a><\/strong><\/p>\n<p><span>Na\u010dasov\u00e1n\u00ed \u00fader\u016f bude do zna\u010dn\u00e9 m\u00edry ur\u010dov\u00e1no po\u010das\u00edm, \u0159ekli p\u0159edstavitel\u00e9 televizn\u00ed stanici a dodali, \u017ee americk\u00e1 arm\u00e1da chce jasnou oblohu, aby se ujistila, \u017ee n\u00e1hodn\u011b nezas\u00e1hne civilisty, kdy\u017e \u00fato\u010d\u00ed na c\u00edle.<\/span><\/p>\n<p><span>\u00dadery maj\u00ed reagovat na v\u00edkendov\u00fd \u00fatok bezpilotn\u00edm letounem skupiny podporovan\u00e9 \u00cdr\u00e1nem, kter\u00fd zabil t\u0159i americk\u00e9 voj\u00e1ky a zranil v\u00edce ne\u017e 40 dal\u0161\u00edch na z\u00e1kladn\u011b zn\u00e1m\u00e9 jako Tower 22 na jord\u00e1nsk\u00fdch hranic\u00edch se S\u00fdri\u00ed.<\/span><\/p>\n<p><span>K \u00fatoku na z\u00e1kladnu se p\u0159ihl\u00e1sila zast\u0159e\u0161uj\u00edc\u00ed skupina frakc\u00ed podporovan\u00fdch \u00cdr\u00e1nem zn\u00e1m\u00fdch jako Isl\u00e1msk\u00fd odpor v Ir\u00e1ku (IRI).\u00a0Bylo to poprv\u00e9, kdy byl zabit americk\u00fd voj\u00e1k od za\u010d\u00e1tku izraelsk\u00e9 v\u00e1lky v palestinsk\u00e9m p\u00e1smu Gazy.<\/span><\/p>\n<p><span>IRI provedla v\u00edce ne\u017e sto \u00fatok\u016f proti americk\u00fdm sil\u00e1m v Ir\u00e1ku a S\u00fdrii od vypuknut\u00ed v\u00e1lky v Gaze a neochv\u011bjn\u00e9 podpory Washingtonu pro ni navzdory mezin\u00e1rodn\u00edm v\u00fdzv\u00e1m k p\u0159\u00edm\u011b\u0159\u00ed.<\/span><\/p>\n<p><span>Ministr obrany Lloyd Austin ve sv\u00e9m projevu v Pentagonu 1. \u00fanora \u0159ekl novin\u00e1\u0159\u016fm, \u017ee USA nebudou tolerovat \u00fatoky na americk\u00e9 jednotky.<\/span><\/p>\n<p><em>&#8222;Toto je nebezpe\u010dn\u00fd okam\u017eik na Bl\u00edzk\u00e9m v\u00fdchod\u011b,&#8220; \u0159ekl Austin s t\u00edm, \u017ee v regionu se tak\u00e9 odehr\u00e1vaj\u00ed pokra\u010duj\u00edc\u00ed izraelsk\u00e1 v\u00e1lka v Gaze a \u00fatoky H\u00fas\u00ed\u016f podporovan\u00fdch \u00cdr\u00e1nem v Jemenu na komer\u010dn\u00ed lodn\u00ed dopravu v Rud\u00e9m mo\u0159i.\u00a0\u201eBudeme pokra\u010dovat v pr\u00e1ci, abychom se vyhnuli \u0161ir\u0161\u00edmu konfliktu v regionu, ale podnikneme v\u0161echna nezbytn\u00e1 opat\u0159en\u00ed k obran\u011b Spojen\u00fdch st\u00e1t\u016f, na\u0161ich z\u00e1jm\u016f a na\u0161ich lid\u00ed, a budeme reagovat, kdy\u017e se rozhodneme, kde a jak se rozhodneme. \u201c<\/em><\/p>\n<p><span>\u00fanora \u00edr\u00e1nsk\u00fd prezident Ebrahim Raisi v televizn\u00edm projevu \u0159ekl, \u017ee jeho zem\u011b bude \u201etvrd\u011b reagovat\u201c na ka\u017ed\u00e9ho, kdo ji \u0161ikanuje.<\/span><\/p>\n<p><em>&#8222;Neza\u010dneme \u017e\u00e1dnou v\u00e1lku, ale pokud n\u00e1s n\u011bkdo bude cht\u00edt \u0161ikanovat, dostane silnou odpov\u011b\u010f,&#8220; \u0159ekl Raisi.\u00a0\u201eP\u0159edt\u00edm, kdy\u017e s n\u00e1mi [Ameri\u010dan\u00e9] cht\u011bli mluvit, \u0159ekli, \u017ee vojensk\u00e1 mo\u017enost je \u201ana stole\u2018.\u00a0Nyn\u00ed \u0159\u00edkaj\u00ed, \u017ee nemaj\u00ed v \u00famyslu konflikt s \u00cdr\u00e1nem.<\/em><\/p>\n<p><span>Teher\u00e1nsk\u00e1 vojensk\u00e1 s\u00edla nep\u0159edstavuje a nebude p\u0159edstavovat hrozbu pro \u017e\u00e1dnou zemi v regionu, \u0159ekl prezident a dodal, \u017ee s\u00edla \u00cdr\u00e1nu pouze vytv\u00e1\u0159\u00ed bezpe\u010dnost pro zem\u011b kolem n\u011bj.\u00a0\u00cdr\u00e1n \u00fa\u010dast na \u00fatoku dronu v Jord\u00e1nsku pop\u0159el.<\/span><\/p>\n<p><span>Raisiho v\u00fdroky p\u0159i\u0161ly pot\u00e9, co jest\u0159\u00e1b\u00ed republik\u00e1n\u0161t\u00ed p\u0159edstavitel\u00e9 v USA v reakci na \u00fatok na Tower 22 otev\u0159en\u011b vyzvali k p\u0159\u00edm\u00fdm \u00fader\u016fm na \u00cdr\u00e1n.<\/span><\/p>\n<p><span>Po smrt\u00edc\u00edm \u00fatoku dronem ozn\u00e1mil Kataib Hizball\u00e1h, kter\u00fd je pova\u017eov\u00e1n za kl\u00ed\u010dovou frakci IRI, p\u0159eru\u0161en\u00ed operac\u00ed proti americk\u00fdm sil\u00e1m v Ir\u00e1ku a S\u00fdrii.\u00a0Dne 1. \u00fanora v\u0161ak \u00fatok bezpilotn\u00edm letounem zam\u00ed\u0159il na americkou z\u00e1kladnu Green Village ve v\u00fdchodosyrsk\u00e9m guvernor\u00e1tu Deir Ezzor a dal\u0161\u00ed den n\u011bkolik dal\u0161\u00edch frakc\u00ed IRI sl\u00edbilo pokra\u010dovat ve sv\u00fdch operac\u00edch, dokud v\u00e1lka v Gaze neskon\u010d\u00ed.<\/span><\/p>\n<p><span>Celkov\u011b se zd\u00e1, \u017ee USA p\u0159ipravuj\u00ed to, co pova\u017euj\u00ed za vypo\u010d\u00edtanou reakci.\u00a0P\u0159esto by se situace mohla snadno vymknout kontrole, zvl\u00e1\u0161t\u011b pokud by se ter\u010dem stal \u00edr\u00e1nsk\u00fd person\u00e1l.<\/span><\/p>\n<p><img decoding=\"async\" loading=\"lazy\" class=\"alignnone size-full wp-image-1185\" src=\"http:\/\/www.infokuryr.cz\/n\/wp-content\/uploads\/2021\/04\/kuryr-podpis.png\" alt=\"\" width=\"84\" height=\"24\" \/><\/p>\n<p>&nbsp;<\/p>\n<p>&nbsp;<\/p>\n","protected":false},"excerpt":{"rendered":"<p>Spojen\u00e9 st\u00e1ty schv\u00e1lily pl\u00e1ny na v\u00edcedenn\u00ed \u00fadery v Ir\u00e1ku a S\u00fdrii proti mnoha c\u00edl\u016fm, v\u010detn\u011b&#8230;<\/p>\n","protected":false},"author":2,"featured_media":40577,"comment_status":"closed","ping_status":"closed","sticky":false,"template":"","format":"standard","meta":[],"categories":[7],"tags":[267,38,1505,147,37],"_links":{"self":[{"href":"https:\/\/www.infokuryr.cz\/n\/wp-json\/wp\/v2\/posts\/46188"}],"collection":[{"href":"https:\/\/www.infokuryr.cz\/n\/wp-json\/wp\/v2\/posts"}],"about":[{"href":"https:\/\/www.infokuryr.cz\/n\/wp-json\/wp\/v2\/types\/post"}],"author":[{"embeddable":true,"href":"https:\/\/www.infokuryr.cz\/n\/wp-json\/wp\/v2\/users\/2"}],"replies":[{"embeddable":true,"href":"https:\/\/www.infokuryr.cz\/n\/wp-json\/wp\/v2\/comments?post=46188"}],"version-history":[{"count":0,"href":"https:\/\/www.infokuryr.cz\/n\/wp-json\/wp\/v2\/posts\/46188\/revisions"}],"wp:featuredmedia":[{"embeddable":true,"href":"https:\/\/www.infokuryr.cz\/n\/wp-json\/wp\/v2\/media\/40577"}],"wp:attachment":[{"href":"https:\/\/www.infokuryr.cz\/n\/wp-json\/wp\/v2\/media?parent=46188"}],"wp:term":[{"taxonomy":"category","embeddable":true,"href":"https:\/\/www.infokuryr.cz\/n\/wp-json\/wp\/v2\/categories?post=46188"},{"taxonomy":"post_tag","embeddable":true,"href":"https:\/\/www.infokuryr.cz\/n\/wp-json\/wp\/v2\/tags?post=46188"}],"curies":[{"name":"wp","href":"https:\/\/api.w.org\/{rel}","templated":true}]}}