{"id":4614,"date":"2021-09-08T03:50:24","date_gmt":"2021-09-08T01:50:24","guid":{"rendered":"http:\/\/www.infokuryr.cz\/n\/?p=4614"},"modified":"2021-09-08T03:50:24","modified_gmt":"2021-09-08T01:50:24","slug":"izrael-se-pripravuje-na-ctvrtou-davku","status":"publish","type":"post","link":"https:\/\/www.infokuryr.cz\/n\/2021\/09\/08\/izrael-se-pripravuje-na-ctvrtou-davku\/","title":{"rendered":"Izrael se p\u0159ipravuje na \u010dtvrtou d\u00e1vku"},"content":{"rendered":"<div id=\"fb-root\"><\/div>\n<p>Loni v prosinci byl jedn\u00edm z prvn\u00edch st\u00e1t\u016f na sv\u011bt\u011b, kter\u00fd za\u010dal s o\u010dkov\u00e1n\u00edm proti koronaviru, ani ne po roce te\u010f Izrael uva\u017euje u\u017e o \u010dtvrt\u00e9 d\u00e1vce. Virus nikam neodejde, budeme \u017e\u00edt ve vln\u00e1ch, upozor\u0148uje n\u00e1rodn\u00ed koordin\u00e1tor pro o\u010dkov\u00e1n\u00ed Salman Zarka. P\u0159es 2,5 milionu Izraelc\u016f u\u017e obdr\u017eelo t\u0159i d\u00e1vky vakc\u00edny.<\/p>\n<p>Dev\u00edtimilionov\u00fd Izrael se i p\u0159es sv\u00e9 premiantstv\u00ed v o\u010dkov\u00e1n\u00ed v t\u011bchto dnech pot\u00fdk\u00e1 se \u010dtvrtou vlnou n\u00e1kazy, kterou zp\u016fsobila pr\u00e1v\u011b delta. V\u0161imn\u011bte si, \u017ee varianta delta p\u0159ev\u00e1\u017en\u011b napad\u00e1 pouze o\u010dkovan\u00e9!<\/p>\n<p>Co nedok\u00e1zali vl\u00e1dci v pr\u016fb\u011bhu tis\u00edc\u016f let, to zvl\u00e1dnou BigPharma a jejich nohlsedi za n\u011bkolik rok\u016f. Jenom je zaj\u00edmav\u00e9, \u017ee to Izraelc\u016fm nedoch\u00e1z\u00ed. Asi to s tou jejich nadpr\u016fm\u011brnou inteligenc\u00ed tak\u00e9 nebude moc slavn\u00e9.<\/p>\n<p><img decoding=\"async\" loading=\"lazy\" class=\"alignnone size-full wp-image-1185\" src=\"http:\/\/www.infokuryr.cz\/n\/wp-content\/uploads\/2021\/04\/kuryr-podpis.png\" alt=\"\" width=\"84\" height=\"24\" \/><\/p>\n<p>&nbsp;<\/p>\n","protected":false},"excerpt":{"rendered":"<p>Loni v prosinci byl jedn\u00edm z prvn\u00edch st\u00e1t\u016f na sv\u011bt\u011b, kter\u00fd za\u010dal s o\u010dkov\u00e1n\u00edm proti&#8230;<\/p>\n","protected":false},"author":2,"featured_media":2867,"comment_status":"closed","ping_status":"closed","sticky":false,"template":"","format":"standard","meta":[],"categories":[7],"tags":[705,107,213],"_links":{"self":[{"href":"https:\/\/www.infokuryr.cz\/n\/wp-json\/wp\/v2\/posts\/4614"}],"collection":[{"href":"https:\/\/www.infokuryr.cz\/n\/wp-json\/wp\/v2\/posts"}],"about":[{"href":"https:\/\/www.infokuryr.cz\/n\/wp-json\/wp\/v2\/types\/post"}],"author":[{"embeddable":true,"href":"https:\/\/www.infokuryr.cz\/n\/wp-json\/wp\/v2\/users\/2"}],"replies":[{"embeddable":true,"href":"https:\/\/www.infokuryr.cz\/n\/wp-json\/wp\/v2\/comments?post=4614"}],"version-history":[{"count":0,"href":"https:\/\/www.infokuryr.cz\/n\/wp-json\/wp\/v2\/posts\/4614\/revisions"}],"wp:featuredmedia":[{"embeddable":true,"href":"https:\/\/www.infokuryr.cz\/n\/wp-json\/wp\/v2\/media\/2867"}],"wp:attachment":[{"href":"https:\/\/www.infokuryr.cz\/n\/wp-json\/wp\/v2\/media?parent=4614"}],"wp:term":[{"taxonomy":"category","embeddable":true,"href":"https:\/\/www.infokuryr.cz\/n\/wp-json\/wp\/v2\/categories?post=4614"},{"taxonomy":"post_tag","embeddable":true,"href":"https:\/\/www.infokuryr.cz\/n\/wp-json\/wp\/v2\/tags?post=4614"}],"curies":[{"name":"wp","href":"https:\/\/api.w.org\/{rel}","templated":true}]}}